{"id":42980,"date":"2019-08-02T10:15:07","date_gmt":"2019-08-02T08:15:07","guid":{"rendered":"https:\/\/alzira.es\/apertura-programa-alzira-12-mesos-12-empreses\/"},"modified":"2019-08-02T10:15:07","modified_gmt":"2019-08-02T08:15:07","slug":"apertura-programa-alzira-12-mesos-12-empreses","status":"publish","type":"post","link":"https:\/\/alzira.es\/es\/apertura-programa-alzira-12-mesos-12-empreses\/","title":{"rendered":"Apertura programa ALZIRA: 12 mesos 12 empreses"},"content":{"rendered":"<p><img fetchpriority=\"high\" decoding=\"async\" style=\"margin-right: auto; margin-left: auto; display: block;\" src=\"contenidos\/image.jpg\" alt=\"image\" width=\"600\" height=\"372\" \/><\/p>\n<p style=\"text-align: justify;\">Des de la Regidoria de Promoci\u00f3 Econ\u00f2mica i Ocupaci\u00f3 es posa en marxa la iniciativa ALZIRA: 12 mesos \u00b7 12 empreses, en qu\u00e8 el seu objectiu \u00e9s impulsar de forma directa una nova empresa d&#8217;Alzira, constitu\u00efda en els dos \u00faltims anys, a trav\u00e9s d&#8217;un Pla de marketing que englobaria l&#8217;an\u00e0lisi, planificaci\u00f3, organitzaci\u00f3, difusi\u00f3 i control de resultats durant un mes.<\/p>\n<p style=\"text-align: justify;\">&nbsp;<\/p>\n<p style=\"text-align: justify;\"><span style=\"text-decoration: underline;\"><strong>Objectiu<span style=\"text-decoration: underline;\"><\/span><\/strong><\/span><\/p>\n<p style=\"text-align: justify;\">Dotar de ferramentes de marketing amb l&#8217;objectiu d&#8217;afavorir i impulsar les empreses d&#8217;Alzira en les fases inicials.<\/p>\n<p style=\"text-align: justify;\">&nbsp;<\/p>\n<p style=\"text-align: justify;\"><span style=\"text-decoration: underline;\"><strong>En qu\u00e8 consistix l&#8217;ajuda?<span style=\"text-decoration: underline;\"><\/span><\/strong><\/span><\/p>\n<p style=\"text-align: justify;\">L&#8217;ajuda consistir\u00e0 en el llan\u00e7ament i promoci\u00f3 de l&#8217;empresa sel\u00b7leccionada durant 1 mes de l&#8217;any 2020 (el que se li assigne, despr\u00e9s de fer-se la sel\u00b7lecci\u00f3) que inclou, un pack de llan\u00e7ament i el suport de dos professionals (un docent de formaci\u00f3 i un coach digital) que ser\u00e0n els encarregats de formar-los i promocionar-los a trav\u00e9s de les xarxes socials :<\/p>\n<p style=\"text-align: justify;\">Consulta tot el que inclou el Pack de llan\u00e7ament<\/p>\n<p style=\"text-align: justify;\">IMPORTANT: Sols es concediran 12 ajudes, una per cada mes de l&#8217;any 2020.<\/p>\n<p style=\"text-align: justify;\">&nbsp;<\/p>\n<p style=\"text-align: justify;\"><span style=\"text-decoration: underline;\"><strong>Beneficiaris<span style=\"text-decoration: underline;\"><\/span><\/strong><\/span><\/p>\n<p style=\"text-align: justify;\">Totes aquelles empreses d&#8217;Alzira, independentment de la seua forma jur\u00eddica, que hagen iniciat la seua activitat en els dos \u00faltims anys, computant-ne des de l\u00b41 de novembre de 2017 fins el 31 d\u00b4octubre de 2019.<\/p>\n<p style=\"text-align: justify;\">Les empreses beneficiaries d&#8217;esta iniciativa hauran de ser, priorit\u00e0riament, empreses amb un component innovador i amb vocaci\u00f3 de perdurabilitat, considerant noves empreses a aquelles constitu\u00efdes en els 2 \u00faltims anys.<\/p>\n<p style=\"text-align: justify;\">&nbsp;<\/p>\n<p style=\"text-align: justify;\"><span style=\"text-decoration: underline;\"><strong>Presentaci\u00f3 sol\u00b7licituds<span style=\"text-decoration: underline;\"><\/span><\/strong><\/span><\/p>\n<p style=\"text-align: justify;\">El termini de presentaci\u00f3 de sol\u00b7licituds finalitza el 30 de novembre de 2019<\/p>\n<p style=\"text-align: justify;\">L&#8217;inst\u00e0ncia i documentaci\u00f3 annexa haur\u00e0 de presentar-se, quan s&#8217;obriga el termini, en el Registre d&#8217; entrada de l&#8217;Ajuntament d&#8217; Alzira, (La Clau) segons all\u00f2 disposat a les Bases espec\u00edfiques de la convocat\u00f2ria.<\/p>\n<p style=\"text-align: justify;\">&nbsp;<\/p>\n<p style=\"text-align: justify;\"><span style=\"text-decoration: underline;\"><strong>Procediment de selecci\u00f3 \u00abElevator Pitch\u00bb<\/strong><\/span><\/p>\n<p style=\"text-align: justify;\">Els participants faran una exposici\u00f3 de la seua empresa davant d&#8217;una Comissi\u00f3 Avaluadora, a trav\u00e9s d&#8217;un \u00abElevator pitch\u00bb.<\/p>\n<p style=\"text-align: justify;\">La idea b\u00e0sica i resumida del elevator pitch \u00e9s condensar un missatge que cride l&#8217;atenci\u00f3 d&#8217;alg\u00fa en pocs segons o minuts, obtenint com resultat un objectiu marcat.<\/p>\n<p style=\"text-align: justify;\">La durada m\u00e0xima de la presentaci\u00f3 ser\u00e0 de 5 minuts.<\/p>\n<p style=\"text-align: justify;\">A l&#8217;hora d&#8217;avaluar els projectes, la comissi\u00f3 avaluadora tindr\u00e0 en compte els criteris determinats en les bases de la convocat\u00f2ria.<\/p>\n<p style=\"text-align: justify;\">Al final de la publicaci\u00f3 podeu vore com van ser les presentacions de l\u00b4\u00faltima edici\u00f3.<\/p>\n<p style=\"text-align: justify;\">&nbsp;<\/p>\n<p style=\"text-align: center;\"><em>Ves preparant la teua candidatura<\/em><\/p>\n<p style=\"text-align: center;\"><em>volem <strong><span style=\"text-decoration: underline;\">Fer-te Visible<\/span> <\/strong>en 2020<\/em><\/p>\n<p style=\"text-align: center;\">Ara tens l&#8217;oportunitat de<\/p>\n<p style=\"text-align: center;\">potenciar la teua imatge<\/p>\n<p style=\"text-align: center;\">&nbsp;<\/p>\n<p style=\"text-align: justify;\">Qualsevol dubte o aclariment, no dubteu en contactar amb IDEA, al 96 245 51 01.<\/p>\n","protected":false},"excerpt":{"rendered":"<p>Des de la Regidoria de Promoci\u00f3 Econ\u00f2mica i Ocupaci\u00f3 es posa en marxa la iniciativa ALZIRA: 12 mesos \u00b7 12 empreses, en qu\u00e8 el seu objectiu \u00e9s impulsar de forma directa una nova empresa d&#8217;Alzira, constitu\u00efda en els dos \u00faltims anys, a trav\u00e9s d&#8217;un Pla de marketing que englobaria l&#8217;an\u00e0lisi, planificaci\u00f3, organitzaci\u00f3, difusi\u00f3 i control &hellip; <\/p>\n<p class=\"link-more\"><a href=\"https:\/\/alzira.es\/es\/apertura-programa-alzira-12-mesos-12-empreses\/\" class=\"more-link\">Continuar leyendo<span class=\"screen-reader-text\"> \u00abApertura programa ALZIRA: 12 mesos 12 empreses\u00bb<\/span><\/a><\/p>\n","protected":false},"author":12,"featured_media":0,"comment_status":"closed","ping_status":"closed","sticky":false,"template":"","format":"standard","meta":{"_acf_changed":false,"footnotes":""},"categories":[],"tags":[],"class_list":["post-42980","post","type-post","status-publish","format-standard","hentry"],"acf":[],"_links":{"self":[{"href":"https:\/\/alzira.es\/es\/wp-json\/wp\/v2\/posts\/42980","targetHints":{"allow":["GET"]}}],"collection":[{"href":"https:\/\/alzira.es\/es\/wp-json\/wp\/v2\/posts"}],"about":[{"href":"https:\/\/alzira.es\/es\/wp-json\/wp\/v2\/types\/post"}],"author":[{"embeddable":true,"href":"https:\/\/alzira.es\/es\/wp-json\/wp\/v2\/users\/12"}],"replies":[{"embeddable":true,"href":"https:\/\/alzira.es\/es\/wp-json\/wp\/v2\/comments?post=42980"}],"version-history":[{"count":0,"href":"https:\/\/alzira.es\/es\/wp-json\/wp\/v2\/posts\/42980\/revisions"}],"wp:attachment":[{"href":"https:\/\/alzira.es\/es\/wp-json\/wp\/v2\/media?parent=42980"}],"wp:term":[{"taxonomy":"category","embeddable":true,"href":"https:\/\/alzira.es\/es\/wp-json\/wp\/v2\/categories?post=42980"},{"taxonomy":"post_tag","embeddable":true,"href":"https:\/\/alzira.es\/es\/wp-json\/wp\/v2\/tags?post=42980"}],"curies":[{"name":"wp","href":"https:\/\/api.w.org\/{rel}","templated":true}]}}