{"id":42978,"date":"2019-08-02T10:15:07","date_gmt":"2019-08-02T08:15:07","guid":{"rendered":"https:\/\/alzira.es\/apertura-programa-alzira-12-meses-12-empresas\/"},"modified":"2021-04-19T16:34:40","modified_gmt":"2021-04-19T14:34:40","slug":"apertura-programa-alzira-12-meses-12-empresas","status":"publish","type":"post","link":"https:\/\/alzira.es\/es\/apertura-programa-alzira-12-meses-12-empresas\/","title":{"rendered":"Apertura programa Alzira: 12 meses 12 empresas"},"content":{"rendered":"<p><img fetchpriority=\"high\" decoding=\"async\" style=\"margin-right: auto; margin-left: auto; display: block;\" src=\"contenidos\/image.jpg\" alt=\"image\" width=\"600\" height=\"372\" \/><\/p>\n<p>&nbsp;<\/p>\n<p>Desde la Concejal\u00eda de Promoci\u00f3n Econ\u00f3mica y Ocupaci\u00f3n se pone en marcha la iniciativa ALZIRA: 12 meses \u00b7 12 empresas, en que su objetivo es impulsar de forma directa una nueva empresa de Alzira, constituida en los dos \u00faltimos a\u00f1os, a trav\u00e9s de un Plan de marketing que englobar\u00eda el an\u00e1lisis, planificaci\u00f3n, organizaci\u00f3n, difusi\u00f3n y control de resultados durante un mes.<\/p>\n<p>&nbsp;<\/p>\n<p><strong><span style=\"text-decoration: underline;\">Objetivo<\/span><\/strong><\/p>\n<p>Dotar de herrajes de marketing con el objetivo de favorecer e impulsar las empresas de Alzira en las fases iniciales.<\/p>\n<p>&nbsp;<\/p>\n<p><strong><span style=\"text-decoration: underline;\">En que consiste la ayuda?<\/span><\/strong><\/p>\n<p>&nbsp;La ayuda consistir\u00e1 en el lanzamiento y promoci\u00f3n de la empresa seleccionada durante 1 mes del a\u00f1o 2020 (el que se le asigno, despu\u00e9s de hacerse la selecci\u00f3n) que incluye, un pack de lanzamiento y el apoyo de dos profesionales (un docente de formaci\u00f3n y un coach digital) que ser\u00e1n los encargados de formarlos y promocionarlos a trav\u00e9s de las redes sociales : Consulta todo lo que incluye el Pack de lanzamiento<\/p>\n<p>IMPORTANTE: Solos se conceder\u00e1n 12 ayudas, una por cada mes del 2020.<\/p>\n<p>&nbsp;<\/p>\n<p><span style=\"text-decoration: underline;\"><strong>Beneficiarios<\/strong><\/span><\/p>\n<p>Todas aquellas empresas de Alzira, indep endientemente de su forma jur\u00eddica, que hayan iniciado su actividad en los dos \u00faltimos a\u00f1os, computando des de el 1 de noviembre de 2017 hasta el 31 de octubre de 2019. Las empresas beneficiar\u00edas de esta iniciativa deber\u00e1n ser, prioritariamente, empresas con un componente innovador y con vocaci\u00f3n de perdurabilidad, considerando nuevas empresas a aquellas constituidas en los dos \u00faltimos a\u00f1os.<\/p>\n<p>&nbsp;<\/p>\n<p><span style=\"text-decoration: underline;\"><strong>Presentaci\u00f3n solicitudes<\/strong><\/span><\/p>\n<p>El plazo de presentaci\u00f3n de solicitudes finaliza el 30 de noviembre de 2019 la inst\u00e1ncia y documentaci\u00f3n anexa deber\u00e1 presentarse, cuando&nbsp;se abra&nbsp;el plazo, en el Registro de entrada del Ayuntamiento de Alzira, (La Clavo) seg\u00fan aquello dispuesto a las Bases espec\u00edficas de la convocatoria.<\/p>\n<p>&nbsp;<\/p>\n<p><span style=\"text-decoration: underline;\"><strong>Procedimiento de selecci\u00f3n \u00abElevator Pitch\u00bb<\/strong> <\/span><\/p>\n<p>Los participantes har\u00e1n una exposici\u00f3n de su empresa delante de una Comisi\u00f3n Evaluadora, a trav\u00e9s de un \u00abElevator pitch\u00bb. La idea b\u00e1sica y resumida del elevator pitch es condensar un mensaje que&nbsp;llame la atenci\u00f3n de alguien&nbsp;en pocos segundos o minutos, obteniendo como resultado un objetivo marcado.<\/p>\n<p>&nbsp;<\/p>\n<p>La duraci\u00f3n m\u00e1xima de la presentaci\u00f3n ser\u00e1 de 5 minutos. A la hora de evaluar los proyectos, la comisi\u00f3n evaluadora tendr\u00e1 en cuenta los criterios determinados en las bases de la convocatoria. Al final de la publicaci\u00f3n pod\u00e1is ver como fueran las presentaciones de la \u00faltima edici\u00f3n.<\/p>\n<p>&nbsp;<\/p>\n<p style=\"text-align: center;\"><em>Ves preparando tu candidatura<\/em><\/p>\n<p style=\"text-align: center;\"><em> queremos <span style=\"text-decoration: underline;\"><strong>Hacerte Visible<\/strong> <\/span>en 2020 <\/em><\/p>\n<p style=\"text-align: center;\"><em>Ahora tienes l&#8217;oportunitat de potenciar tu imagen<\/em><\/p>\n<p style=\"text-align: justify;\">&nbsp;<\/p>\n<p style=\"text-align: justify;\">&nbsp;<\/p>\n<p style=\"text-align: justify;\"><em>Cualquier duda o aclaraci\u00f3n, no dud\u00e9is en contactar con IDEA, al 96 245 51 01 .<\/em><\/p>\n<p style=\"text-align: justify;\">&nbsp;<\/p>\n<p style=\"text-align: center;\">&nbsp;<\/p>\n<p style=\"text-align: justify;\">&nbsp;<\/p>\n<p>&nbsp;<\/p>\n<p>&nbsp;<\/p>\n<p>&nbsp;<\/p>\n<p>&nbsp;<\/p>\n<p>&nbsp;<\/p>\n<p>&nbsp;<\/p>\n<p>&nbsp;<\/p>\n<p>&nbsp;<\/p>\n<p>&nbsp;<\/p>\n<p>&nbsp;<\/p>\n<p>&nbsp;<\/p>\n<p>&nbsp;<\/p>\n<p><strong><span style=\"color: #990033;\">&nbsp;<\/span><\/strong><\/p>\n","protected":false},"excerpt":{"rendered":"<p>&nbsp; Desde la Concejal\u00eda de Promoci\u00f3n Econ\u00f3mica y Ocupaci\u00f3n se pone en marcha la iniciativa ALZIRA: 12 meses \u00b7 12 empresas, en que su objetivo es impulsar de forma directa una nueva empresa de Alzira, constituida en los dos \u00faltimos a\u00f1os, a trav\u00e9s de un Plan de marketing que englobar\u00eda el an\u00e1lisis, planificaci\u00f3n, organizaci\u00f3n, difusi\u00f3n &hellip; <\/p>\n<p class=\"link-more\"><a href=\"https:\/\/alzira.es\/es\/apertura-programa-alzira-12-meses-12-empresas\/\" class=\"more-link\">Continuar leyendo<span class=\"screen-reader-text\"> \u00abApertura programa Alzira: 12 meses 12 empresas\u00bb<\/span><\/a><\/p>\n","protected":false},"author":12,"featured_media":0,"comment_status":"closed","ping_status":"","sticky":false,"template":"","format":"standard","meta":{"_acf_changed":false,"footnotes":""},"categories":[4936],"tags":[],"class_list":["post-42978","post","type-post","status-publish","format-standard","hentry","category-hemeroteca-es"],"acf":[],"_links":{"self":[{"href":"https:\/\/alzira.es\/es\/wp-json\/wp\/v2\/posts\/42978","targetHints":{"allow":["GET"]}}],"collection":[{"href":"https:\/\/alzira.es\/es\/wp-json\/wp\/v2\/posts"}],"about":[{"href":"https:\/\/alzira.es\/es\/wp-json\/wp\/v2\/types\/post"}],"author":[{"embeddable":true,"href":"https:\/\/alzira.es\/es\/wp-json\/wp\/v2\/users\/12"}],"replies":[{"embeddable":true,"href":"https:\/\/alzira.es\/es\/wp-json\/wp\/v2\/comments?post=42978"}],"version-history":[{"count":0,"href":"https:\/\/alzira.es\/es\/wp-json\/wp\/v2\/posts\/42978\/revisions"}],"wp:attachment":[{"href":"https:\/\/alzira.es\/es\/wp-json\/wp\/v2\/media?parent=42978"}],"wp:term":[{"taxonomy":"category","embeddable":true,"href":"https:\/\/alzira.es\/es\/wp-json\/wp\/v2\/categories?post=42978"},{"taxonomy":"post_tag","embeddable":true,"href":"https:\/\/alzira.es\/es\/wp-json\/wp\/v2\/tags?post=42978"}],"curies":[{"name":"wp","href":"https:\/\/api.w.org\/{rel}","templated":true}]}}