{"id":42969,"date":"2019-07-29T10:46:27","date_gmt":"2019-07-29T08:46:27","guid":{"rendered":"https:\/\/alzira.es\/l-ajuntament-d-alzira-renova-la-col-laboracio-amb-labora\/"},"modified":"2019-07-29T10:46:27","modified_gmt":"2019-07-29T08:46:27","slug":"l-ajuntament-d-alzira-renova-la-col-laboracio-amb-labora","status":"publish","type":"post","link":"https:\/\/alzira.es\/es\/l-ajuntament-d-alzira-renova-la-col-laboracio-amb-labora\/","title":{"rendered":"L\u2019Ajuntament d\u2019Alzira renova la col\u2022laboraci\u00f3 amb LABORA"},"content":{"rendered":"<p style=\"text-align: justify;\">L&#8217;acord permet accedir als serveis d&#8217;ocupaci\u00f3 de forma telem\u00e0tica<\/p>\n<p style=\"text-align: justify;\">Alzira, 25 de juliol del 2019.- L&#8217;Ajuntament d&#8217;Alzira ha renovat l&#8217;acord de col\u00b7laboraci\u00f3 amb el Servei Valenci\u00e0 d&#8217;Ocupaci\u00f3 i Formaci\u00f3 LABORA per tal d&#8217;oferir els serveis d&#8217;intermediaci\u00f3 laboral a la ciutadania que no disposa d&#8217;acc\u00e9s a Internet mitjan\u00e7ant la implantaci\u00f3 del Punt Labora.<\/p>\n<p style=\"text-align: justify;\">La renovaci\u00f3 t\u00e9 com a objectiu oferir a la ciutadania els serveis del Portal d&#8217;Ocupaci\u00f3 de Labora, facilitant i agilitzant la realitzaci\u00f3 de tr\u00e0mits. El sistema conegut com Punt Labora, que ja va ser instal\u00b7lat a les depend\u00e8ncies municipals de l&#8217;Ajuntament d&#8217;Alzira per l&#8217;acord signat el 2013, permetr\u00e0 accedir a Internet de manera gratu\u00efta.<\/p>\n<p style=\"text-align: justify;\">La ciutadania podr\u00e0 consultar ofertes de treball, cursos de formaci\u00f3, o generar certificats, entre d&#8217;altres, al terminal instal\u00b7lat a l&#8217;Ajuntament, sense necessitat d&#8217;accedir a un centre LABORA.<\/p>\n","protected":false},"excerpt":{"rendered":"<p>L&#8217;acord permet accedir als serveis d&#8217;ocupaci\u00f3 de forma telem\u00e0tica Alzira, 25 de juliol del 2019.- L&#8217;Ajuntament d&#8217;Alzira ha renovat l&#8217;acord de col\u00b7laboraci\u00f3 amb el Servei Valenci\u00e0 d&#8217;Ocupaci\u00f3 i Formaci\u00f3 LABORA per tal d&#8217;oferir els serveis d&#8217;intermediaci\u00f3 laboral a la ciutadania que no disposa d&#8217;acc\u00e9s a Internet mitjan\u00e7ant la implantaci\u00f3 del Punt Labora. La renovaci\u00f3 t\u00e9 &hellip; <\/p>\n<p class=\"link-more\"><a href=\"https:\/\/alzira.es\/es\/l-ajuntament-d-alzira-renova-la-col-laboracio-amb-labora\/\" class=\"more-link\">Continuar leyendo<span class=\"screen-reader-text\"> \u00abL\u2019Ajuntament d\u2019Alzira renova la col\u2022laboraci\u00f3 amb LABORA\u00bb<\/span><\/a><\/p>\n","protected":false},"author":12,"featured_media":0,"comment_status":"","ping_status":"","sticky":false,"template":"","format":"standard","meta":{"_acf_changed":false,"footnotes":""},"categories":[],"tags":[],"class_list":["post-42969","post","type-post","status-publish","format-standard","hentry"],"acf":[],"_links":{"self":[{"href":"https:\/\/alzira.es\/es\/wp-json\/wp\/v2\/posts\/42969","targetHints":{"allow":["GET"]}}],"collection":[{"href":"https:\/\/alzira.es\/es\/wp-json\/wp\/v2\/posts"}],"about":[{"href":"https:\/\/alzira.es\/es\/wp-json\/wp\/v2\/types\/post"}],"author":[{"embeddable":true,"href":"https:\/\/alzira.es\/es\/wp-json\/wp\/v2\/users\/12"}],"replies":[{"embeddable":true,"href":"https:\/\/alzira.es\/es\/wp-json\/wp\/v2\/comments?post=42969"}],"version-history":[{"count":0,"href":"https:\/\/alzira.es\/es\/wp-json\/wp\/v2\/posts\/42969\/revisions"}],"wp:attachment":[{"href":"https:\/\/alzira.es\/es\/wp-json\/wp\/v2\/media?parent=42969"}],"wp:term":[{"taxonomy":"category","embeddable":true,"href":"https:\/\/alzira.es\/es\/wp-json\/wp\/v2\/categories?post=42969"},{"taxonomy":"post_tag","embeddable":true,"href":"https:\/\/alzira.es\/es\/wp-json\/wp\/v2\/tags?post=42969"}],"curies":[{"name":"wp","href":"https:\/\/api.w.org\/{rel}","templated":true}]}}