{"id":42957,"date":"2019-07-22T19:19:50","date_gmt":"2019-07-22T17:19:50","guid":{"rendered":"https:\/\/alzira.es\/un-programa-pilot-de-voluntariat-forestal-vigilara-el-patrimoni-natural-d-alzira\/"},"modified":"2019-07-22T19:19:50","modified_gmt":"2019-07-22T17:19:50","slug":"un-programa-pilot-de-voluntariat-forestal-vigilara-el-patrimoni-natural-d-alzira","status":"publish","type":"post","link":"https:\/\/alzira.es\/es\/un-programa-pilot-de-voluntariat-forestal-vigilara-el-patrimoni-natural-d-alzira\/","title":{"rendered":"Un programa pilot de voluntariat forestal, vigilar\u00e0 el patrimoni natural d\u2019Alzira"},"content":{"rendered":"<ul>\n<li style=\"text-align: justify;\">Alzira, 24 de juliol de 2019.- Hui ha comen\u00e7at el programa de voluntariat forestal per a la prevenci\u00f3 d&#8217;incendis que portar\u00e0 a terme tasques de vigil\u00e0ncia, informaci\u00f3 i av\u00eds, per tal d&#8217;evitar incendis forestals fins al proper mes de setembre.<\/li>\n<\/ul>\n<p style=\"text-align: justify;\">Es tracta d&#8217;un programa de l&#8217;associaci\u00f3 Interpreta Natura, subvencionat per la Generalitat Valenciana i coordinat amb la regidoria de Medi Ambient, Agricultura i Transici\u00f3 Ecol\u00f2gica de l&#8217;Ajuntament d&#8217;Alzira.<\/p>\n<p style=\"text-align: justify;\">El voluntariat ambiental s&#8217;ha convertit en una de les formes de participaci\u00f3 de la societat en la gesti\u00f3 ambiental, sent per a molts, la primera presa de contacte amb la problem\u00e0tica ambiental del nostre territori. En este cas, entre els voluntaris es troben un grup de joves de proced\u00e8ncia russa, polonesa i eslovena, que actualment forma part del programa d&#8217;Idea Erasmus +.<\/p>\n<p style=\"text-align: justify;\">Amb este programa es busca d&#8217;una banda formar els voluntaris i conscienciar la ciutadania, i d&#8217;altra vigilar i previndre els incendis forestals.<\/p>\n<p style=\"text-align: justify;\">El punt principal del voluntariat seran les tasques de vigil\u00e0ncia i prevenci\u00f3 d&#8217;incendis forestals, ja siga amb vehicle o itineraris de vigil\u00e0ncia en punts estrat\u00e8gics a peu, aprofitant aquestes eixides per a refor\u00e7ar la formaci\u00f3 dels voluntaris i con\u00e9ixer el terreny en cas emerg\u00e8ncia. En tots dos casos, els voluntaris faran les seg\u00fcents tasques:<\/p>\n<ul style=\"text-align: justify; list-style-type: circle;\">\n<li>Comunicaci\u00f3 amb els pics de vigil\u00e0ncia m\u00e9s pr\u00f2xims davant qualsevol indici d&#8217;incendi al 112<\/li>\n<li>Labors de neteja, podes i regs auxiliars.<\/li>\n<li>Control i vigil\u00e0ncia de les cremes agr\u00edcoles.<\/li>\n<li>Inventari de punts conflictius i\/o perillosos.<\/li>\n<li>Pres\u00e8ncia i dissuasi\u00f3.<\/li>\n<\/ul>\n<p>&nbsp;<\/p>\n<p style=\"text-align: justify;\">Els interessats a participar poden posar-se en contacte amb Interpreta Natura enviant un email a interpretanatura@interpretayeduca.com<\/p>\n<p style=\"text-align: justify;\">\u00c9s important que el voluntaris coneguen qualsevol aspecte t\u00e8cnic relacionat amb l&#8217;espai forestal, el medi ambient, l&#8217;\u00fas p\u00fablic i el territori perqu\u00e8 siguen capa\u00e7os de con\u00e9ixer, valorar i actuar davant de qualsevol situaci\u00f3. Per aix\u00f2, tots el voluntaris rebran jornades formatives amb les qu\u00e8 adquiriran les habilitats necess\u00e0ries per al correcte acompliment de les seues funcions.<\/p>\n<p style=\"text-align: justify;\">A m\u00e9s els voluntaris, encara que actuen sense \u00e0nim de lucre, estaran donats d&#8217;alta en una asseguran\u00e7a d&#8217;accidents i tindran les dietes a c\u00e0rrec del programa. En cas que se sol\u00b7licite podran certificar-se les hores de voluntariat.<\/p>\n<p style=\"text-align: justify;\">&nbsp;<\/p>\n<p><img fetchpriority=\"high\" decoding=\"async\" style=\"margin-right: auto; margin-left: auto; display: block;\" src=\"contenidos\/voluntariat.png\" alt=\"voluntariat\" width=\"600\" height=\"418\" \/><\/p>\n","protected":false},"excerpt":{"rendered":"<p>Alzira, 24 de juliol de 2019.- Hui ha comen\u00e7at el programa de voluntariat forestal per a la prevenci\u00f3 d&#8217;incendis que portar\u00e0 a terme tasques de vigil\u00e0ncia, informaci\u00f3 i av\u00eds, per tal d&#8217;evitar incendis forestals fins al proper mes de setembre. Es tracta d&#8217;un programa de l&#8217;associaci\u00f3 Interpreta Natura, subvencionat per la Generalitat Valenciana i coordinat &hellip; <\/p>\n<p class=\"link-more\"><a href=\"https:\/\/alzira.es\/es\/un-programa-pilot-de-voluntariat-forestal-vigilara-el-patrimoni-natural-d-alzira\/\" class=\"more-link\">Continuar leyendo<span class=\"screen-reader-text\"> \u00abUn programa pilot de voluntariat forestal, vigilar\u00e0 el patrimoni natural d\u2019Alzira\u00bb<\/span><\/a><\/p>\n","protected":false},"author":12,"featured_media":0,"comment_status":"","ping_status":"","sticky":false,"template":"","format":"standard","meta":{"_acf_changed":false,"footnotes":""},"categories":[],"tags":[],"class_list":["post-42957","post","type-post","status-publish","format-standard","hentry"],"acf":[],"_links":{"self":[{"href":"https:\/\/alzira.es\/es\/wp-json\/wp\/v2\/posts\/42957","targetHints":{"allow":["GET"]}}],"collection":[{"href":"https:\/\/alzira.es\/es\/wp-json\/wp\/v2\/posts"}],"about":[{"href":"https:\/\/alzira.es\/es\/wp-json\/wp\/v2\/types\/post"}],"author":[{"embeddable":true,"href":"https:\/\/alzira.es\/es\/wp-json\/wp\/v2\/users\/12"}],"replies":[{"embeddable":true,"href":"https:\/\/alzira.es\/es\/wp-json\/wp\/v2\/comments?post=42957"}],"version-history":[{"count":0,"href":"https:\/\/alzira.es\/es\/wp-json\/wp\/v2\/posts\/42957\/revisions"}],"wp:attachment":[{"href":"https:\/\/alzira.es\/es\/wp-json\/wp\/v2\/media?parent=42957"}],"wp:term":[{"taxonomy":"category","embeddable":true,"href":"https:\/\/alzira.es\/es\/wp-json\/wp\/v2\/categories?post=42957"},{"taxonomy":"post_tag","embeddable":true,"href":"https:\/\/alzira.es\/es\/wp-json\/wp\/v2\/tags?post=42957"}],"curies":[{"name":"wp","href":"https:\/\/api.w.org\/{rel}","templated":true}]}}