{"id":42955,"date":"2019-07-22T19:19:50","date_gmt":"2019-07-22T17:19:50","guid":{"rendered":"https:\/\/alzira.es\/un-programa-piloto-de-voluntariado-forestal-vigilara-el-patrimonio-natural-de-alzira\/"},"modified":"2019-07-22T19:19:50","modified_gmt":"2019-07-22T17:19:50","slug":"un-programa-piloto-de-voluntariado-forestal-vigilara-el-patrimonio-natural-de-alzira","status":"publish","type":"post","link":"https:\/\/alzira.es\/es\/un-programa-piloto-de-voluntariado-forestal-vigilara-el-patrimonio-natural-de-alzira\/","title":{"rendered":"Un programa piloto de voluntariado forestal, vigilar\u00e1 el patrimonio natural de Alzira"},"content":{"rendered":"<p style=\"text-align: justify;\">Alzira, 24 de julio de 2019.- Hoy ha empezado el programa de voluntariado forestal para la prevenci\u00f3n de incendios que llevar\u00e1 a cabo tareas de vigilancia, informaci\u00f3n y aviso, por tal de evitar incendios forestales hasta el pr\u00f3ximo mes de septiembre.<\/p>\n<p style=\"text-align: justify;\">Se trata de un programa de la asociaci\u00f3n Interpreta Naturaleza, subvencionado por la Generalidad Valenciana y coordinado con la regidor\u00eda de Medio Ambiente, Agricultura y Transici\u00f3n Ecol\u00f3gica del Ayuntamiento de Alzira.<\/p>\n<p style=\"text-align: justify;\">El voluntariado ambiental se ha convertido en una de las formas de participaci\u00f3n de la sociedad en la gesti\u00f3n ambiental, siendo para muchos, la primera presa de contacto con la problem\u00e1tica ambiental de nuestro territorio. En este caso, entre los voluntarios se encuentran un grupo de j\u00f3venes de procedencia rusa, polaca y eslovena, que actualmente forma parte del programa de Idea Erasmus +.<\/p>\n<p style=\"text-align: justify;\">Con&nbsp;este programa se busca una manera de formar&nbsp;a los&nbsp;voluntarios i conscienciar la ciudadania, i de otra forma,vigilar i prevenir los incendios forestales.<\/p>\n<p style=\"text-align: justify;\">El punto principal del voluntariado ser\u00e1n las tareas de vigilancia y prevenci\u00f3n de incendios forestales, ya sea con veh\u00edculo o itinerarios de vigilancia en puntos estrat\u00e9gicos a pie, aprovechando estas salidas para reforzar la formaci\u00f3n de los voluntarios y conocer el terreno en caso emergencia. En ambos casos, los voluntarios har\u00e1n las siguientes tareas:<\/p>\n<ul style=\"text-align: justify; list-style-type: circle;\">\n<li>Comunicaci\u00f3n con los picos de vigilancia m\u00e1s pr\u00f3ximos delante cualquier indicio de incendio al 112<\/li>\n<li>&nbsp;Labores de limpieza, podadures y riegos auxiliares.<\/li>\n<li>&nbsp;Control y vigilancia de las cremas agr\u00edcolas.<\/li>\n<li>Inventario de puntos conflictivos i\/o peligrosos<\/li>\n<li>Presencia y disuasi\u00f3n.<\/li>\n<\/ul>\n<p style=\"text-align: justify;\">Los interesados en participar pueden ponerse en contacto con Interpreta Naturaleza enviando un email a <a href=\"mailto:interpretanatura@interpretayeduca.com\">interpretanatura@interpretayeduca.com<\/a><\/p>\n<p>Es importante que el voluntario conozca cualquier aspecto t\u00e9cnico relacionado con&nbsp;el espacio&nbsp;forestal, el medio ambiente, el uso p\u00fablico y el territorio para que sean capaces de conocer, valorar y actuar ante cualquier situaci\u00f3n. Por ello, todos el voluntarios recibir\u00e1n jornadas formativas con las qu\u00e9 adquirir\u00e1n las habilidades necesarias para el correcto desempe\u00f1o de sus funciones.<\/p>\n<p>Adem\u00e1s los voluntarios, aunque act\u00faan sin \u00e1nimo de lucro, estar\u00e1n dados de alta en una seguro de accidentes y tendr\u00e1n las dietas a cargo del programa.<\/p>\n<p>En caso de que se&nbsp;solicite podr\u00e1n certificarse las horas de voluntariado.<\/p>\n<p>&nbsp;<img fetchpriority=\"high\" decoding=\"async\" style=\"margin-right: auto; margin-left: auto; display: block;\" src=\"contenidos\/voluntariat.png\" alt=\"voluntariat\" width=\"600\" height=\"418\" \/><\/p>\n<p>&nbsp;<\/p>\n","protected":false},"excerpt":{"rendered":"<p>Alzira, 24 de julio de 2019.- Hoy ha empezado el programa de voluntariado forestal para la prevenci\u00f3n de incendios que llevar\u00e1 a cabo tareas de vigilancia, informaci\u00f3n y aviso, por tal de evitar incendios forestales hasta el pr\u00f3ximo mes de septiembre. Se trata de un programa de la asociaci\u00f3n Interpreta Naturaleza, subvencionado por la Generalidad &hellip; <\/p>\n<p class=\"link-more\"><a href=\"https:\/\/alzira.es\/es\/un-programa-piloto-de-voluntariado-forestal-vigilara-el-patrimonio-natural-de-alzira\/\" class=\"more-link\">Continuar leyendo<span class=\"screen-reader-text\"> \u00abUn programa piloto de voluntariado forestal, vigilar\u00e1 el patrimonio natural de Alzira\u00bb<\/span><\/a><\/p>\n","protected":false},"author":12,"featured_media":0,"comment_status":"","ping_status":"","sticky":false,"template":"","format":"standard","meta":{"_acf_changed":false,"footnotes":""},"categories":[4936],"tags":[],"class_list":["post-42955","post","type-post","status-publish","format-standard","hentry","category-hemeroteca-es"],"acf":[],"_links":{"self":[{"href":"https:\/\/alzira.es\/es\/wp-json\/wp\/v2\/posts\/42955","targetHints":{"allow":["GET"]}}],"collection":[{"href":"https:\/\/alzira.es\/es\/wp-json\/wp\/v2\/posts"}],"about":[{"href":"https:\/\/alzira.es\/es\/wp-json\/wp\/v2\/types\/post"}],"author":[{"embeddable":true,"href":"https:\/\/alzira.es\/es\/wp-json\/wp\/v2\/users\/12"}],"replies":[{"embeddable":true,"href":"https:\/\/alzira.es\/es\/wp-json\/wp\/v2\/comments?post=42955"}],"version-history":[{"count":0,"href":"https:\/\/alzira.es\/es\/wp-json\/wp\/v2\/posts\/42955\/revisions"}],"wp:attachment":[{"href":"https:\/\/alzira.es\/es\/wp-json\/wp\/v2\/media?parent=42955"}],"wp:term":[{"taxonomy":"category","embeddable":true,"href":"https:\/\/alzira.es\/es\/wp-json\/wp\/v2\/categories?post=42955"},{"taxonomy":"post_tag","embeddable":true,"href":"https:\/\/alzira.es\/es\/wp-json\/wp\/v2\/tags?post=42955"}],"curies":[{"name":"wp","href":"https:\/\/api.w.org\/{rel}","templated":true}]}}