{"id":42927,"date":"2019-07-19T00:00:00","date_gmt":"2019-07-18T22:00:00","guid":{"rendered":"https:\/\/alzira.es\/el-tribut-a-heroes-del-silencio-obri-els-concerts-de-sant-bernat\/"},"modified":"2019-07-19T00:00:00","modified_gmt":"2019-07-18T22:00:00","slug":"el-tribut-a-heroes-del-silencio-obri-els-concerts-de-sant-bernat","status":"publish","type":"post","link":"https:\/\/alzira.es\/es\/el-tribut-a-heroes-del-silencio-obri-els-concerts-de-sant-bernat\/","title":{"rendered":"El tribut a H\u00e9roes del silencio obri els concerts de Sant Bernat"},"content":{"rendered":"<p style=\"text-align: justify;\">El tribut a H\u00e9roes del silencio obri els concerts de Sant Bernat d&#8217;Alzira<br \/>\u2022 Artistes com Camela, Ni\u00f1a Pastori o David Bustamante actuaran al llarg de la setmana<br \/>\u2022 Dissabte arriba el festival de m\u00fasica SBA<br \/>\u2022 Tots els concerts compten amb un Punt Violeta<\/p>\n<p style=\"text-align: justify;\">Alzira, 18 de juliol de 2019.- Anit es donava el tret d&#8217;eixida a una \u00e0mplia programaci\u00f3 d&#8217;actes culturals i festius en honor a Sant Bernat. Un programa que, com l&#8217;any passat, continua amb la idea de portar la festa a tots els punts de la ciutat. El Recinte Firal, el Camp d&#8217;Esports Ven\u00e8cia, el Gran Teatre, la pla\u00e7a Major, i les avingudes i carrers d&#8217;Alzira bulliran de festa. Espectacles per a tots els p\u00fablics en els quals es combina la sarsuela i recitals l\u00edrics amb la m\u00fasica d&#8217;avantguarda del Festival SBA.<\/p>\n<p style=\"text-align: justify;\">Anit, a les 22.30 hores, el Camp d&#8217;Esports Ven\u00e8cia acollia El silencio de los h\u00e9roes, un tribut a H\u00e9roes del Silencio, la banda espanyola m\u00e9s internacional que ha traspassat les nostres fronteres, que va resultar un \u00e8xit d&#8217;assist\u00e8ncia, amb m\u00e9s de 1200 persones al Ven\u00e8cia. El Silencio de los H\u00e9roes pos\u00e0 sobre l&#8217;escenari la gira m\u00e9s internacional d&#8217;H\u00e9roes: Avalancha, m\u00fasica en viu per a tots els p\u00fablics. Un espectacle de qualitat amb un cuidat escenari, vestuari, i amb tota l&#8217;energia que nom\u00e9s Bunbury \u00e9s capa\u00e7 de transmetre.<\/p>\n<p style=\"text-align: justify;\">Esta nit continuen els tributs al Camp d&#8217;Esports Ven\u00e8cia amb Ciao Rafaella, un espectacle de producci\u00f3 espanyola amb artistes de nacionalitat italiana que inclou les can\u00e7ons m\u00e9s conegudes de Rafaella Carr\u00e0, les seues coreografies, vestuari i posada en escena a l&#8217;estil dels anys 70\/80 junt amb els millors m\u00fasics importats des d&#8217;It\u00e0lia. Un xou festiu i divertit per a tot tipus de p\u00fablics que far\u00e0 gaudir i passar una magn\u00edfca vetlada als assistents amb can\u00e7ons conegudes<\/p>\n<p style=\"text-align: justify;\">El divendres 19 de juliol el Recinte Firal rebr\u00e0, a les 23 hores, Camela \u2013 Gira 25 aniversari. Dioni i \u00c1ngeles continuen estant ac\u00ed, 25 anys despr\u00e9s, sorprenent amb cada treball i mantenint vives can\u00e7ons que van marcar a molts una etapa de la seua vida fa ja m\u00e9s de dos d\u00e8cades. Un \u00e8xit de concert que ja ha esgotat les localitats de venda anticipada. Els interessats a assistir encara poden comprar l&#8217;entrada a la taquilla abans del concert, a partir de les 20.30.<br \/>Les portes del recinte s&#8217;obriran a les 21 hores per a validar les entrades. Es recomana anar amb temps suficient per a evitar acumulacions de gent.<\/p>\n<p style=\"text-align: justify;\">El dissabte 20 de juliol, a les 19.30 hores i al Gran Teatre, GALA L\u00cdRICA. PRIMERA PART &#8211; HERO\u00cdNAS DE LA ZARZUELA. I en la SEGONA PART &#8211; BERNAT CLIMENT. El tenor alzireny format a Madrid pel prestigi\u00f3s mestre Daniel Mu\u00f1oz ens oferix un recital de piano i veu.<br \/>La pla\u00e7a Major acollir\u00e0 el concert de LOS REBELDES \u2013 TOUR 40 ANIVERSARIO a les 23 hores. Podreu escoltar els temes del seu nou disc en directe junt amb una selecci\u00f3 de les seues millors can\u00e7ons.<\/p>\n<p style=\"text-align: justify;\">I, per als m\u00e9s joves, SBA FESTIVAL amb actuacions de: VARRY BRAVA, AMBKOR, CARI\u00d1O, INMIR, CARLOS VILLALBA, CHARLY EFE, CAMARASA&#8230; Dos escenaris amb m\u00fasica des de les 18.00 hores fins a les 6.00 hores. Consulta tota la informaci\u00f3 i venda d&#8217;entrades en www.sbafestival.com.<\/p>\n<p style=\"text-align: justify;\">El diumenge 21 de juliol, a les 19.30 hores, 2 TRIBUTOS EN 1, al Gran Teatre, un concert tribut a V\u00edctor Manuel &amp; Ana Bel\u00e9n i Sergio &amp; Est\u00edbaliz. I a les 23 hores el Recinte Firal acull el concert de NI\u00d1A PASTORI \u2013 GIRA 2019 \u00abBAJO TUS ALAS\u00bb. Pel moment s&#8217;han venut 2500 entrades per a disfrutar de l&#8217;estil tan personal de la de San Fernando, que t\u00e9 com a v\u00e8rtexs la profunditat de la seua veu, el flamenc i les noves tend\u00e8ncies musicals.<\/p>\n<p style=\"text-align: justify;\">El dilluns 22 de juliol, a la pla\u00e7a Major, gaudirem de EL MEJOR ESPECT\u00c1CULO DEL MUNDO, EL MUSICAL a les 22.30 hores. I a les 23 hores el Recinte Firal rebr\u00e0 a BUSTAMANTE \u2013 TOUR H\u00c9ROES. Un nou \u00e0lbum amb noves facetes i estils musicals, aix\u00ed com sorprenents col\u2022laboracions. Des de balades rom\u00e0ntiques, mel\u00f2diques i llatines de sempre fns a un Bustamante renovat i evolucionat que sense dubte sorprendr\u00e0. Un nou disc, ple de noves can\u00e7ons, en el qual els seus seguidors gaudiran de Bustamante en tota la seua esplendor.<\/p>\n<p style=\"text-align: justify;\">Cal recordar que els menors de 14 anys han d&#8217;acudir acompanyats per un adult i amb una autoritzaci\u00f3 del pare, mare o tutor. Per als menors entre els 14 i 17 anys \u00e9s obligat\u00f2ria l&#8217;autoritzaci\u00f3.<br \/>La venda d&#8217;entrades est\u00e0 disponible en www.instanticket.es i en www.notikumi. En taquilla el mateix dia de l&#8217;espectacle, des d&#8217;una hora abans.<\/p>\n<p style=\"text-align: justify;\">L&#8217;Ajuntament d&#8217;Alzira, com a membre de la Xarxa de Municipis Protegits contra la Viol\u00e8ncia de G\u00e8nere, ha instal\u2022lat el Punt Violeta per a tots els concerts que tindran lloc al Camp d&#8217;Esports Ven\u00e8cia i al Recinte Firal fins al proper dilluns.<\/p>\n<p style=\"text-align: justify;\">Activitats infantils<br \/>Els m\u00e9s menuts podran gaudir el dijous 18 de l&#8217;actuaci\u00f3 musical El pirata Barba a la pla\u00e7a Major, a les 19 hores.<br \/>El divendres 19 de juliol, a les 19.30 hores, gaudix del musical La Bella i la Bestia.<br \/>Gran Festa Infantil de 10.30 a 13.30 i de 17.30 a 20.30 hores, jocs tradicionals de fusta i jocs d&#8217;aigua. El divendres 19 al parc de les Basses, el dissabte 20 al parc Pere Cresp\u00ed, amb l&#8217;actuaci\u00f3, a les 19 hores, de La pandilla de Drilo, i el dilluns 22 a la pla\u00e7a de la Constituci\u00f3 i al carrer Major Santa Caterina.<br \/>El dimarts 23 de juliol a la pla\u00e7a de Cartonatges, d&#8217;11 a 14 hores, FESTA DE L&#8217;AIGUA. Vine a refrescar-te amb nosaltres amb els inflables, pistes i jocs d&#8217;aigua m\u00e9s divertits del moment.<\/p>\n<p><a href=\"contenidos\/FotoTributo2.jpg\" target=\"_blank\" rel=\"noopener\"><img fetchpriority=\"high\" decoding=\"async\" style=\"display: block; margin-left: auto; margin-right: auto;\" src=\"contenidos\/FotoTributo2.jpg\" alt=\"FotoTributo2\" width=\"400\" height=\"258\" \/><\/a><\/p>\n","protected":false},"excerpt":{"rendered":"<p>El tribut a H\u00e9roes del silencio obri els concerts de Sant Bernat d&#8217;Alzira\u2022 Artistes com Camela, Ni\u00f1a Pastori o David Bustamante actuaran al llarg de la setmana\u2022 Dissabte arriba el festival de m\u00fasica SBA\u2022 Tots els concerts compten amb un Punt Violeta Alzira, 18 de juliol de 2019.- Anit es donava el tret d&#8217;eixida a &hellip; <\/p>\n<p class=\"link-more\"><a href=\"https:\/\/alzira.es\/es\/el-tribut-a-heroes-del-silencio-obri-els-concerts-de-sant-bernat\/\" class=\"more-link\">Continuar leyendo<span class=\"screen-reader-text\"> \u00abEl tribut a H\u00e9roes del silencio obri els concerts de Sant Bernat\u00bb<\/span><\/a><\/p>\n","protected":false},"author":12,"featured_media":0,"comment_status":"","ping_status":"","sticky":false,"template":"","format":"standard","meta":{"_acf_changed":false,"footnotes":""},"categories":[],"tags":[],"class_list":["post-42927","post","type-post","status-publish","format-standard","hentry"],"acf":[],"_links":{"self":[{"href":"https:\/\/alzira.es\/es\/wp-json\/wp\/v2\/posts\/42927","targetHints":{"allow":["GET"]}}],"collection":[{"href":"https:\/\/alzira.es\/es\/wp-json\/wp\/v2\/posts"}],"about":[{"href":"https:\/\/alzira.es\/es\/wp-json\/wp\/v2\/types\/post"}],"author":[{"embeddable":true,"href":"https:\/\/alzira.es\/es\/wp-json\/wp\/v2\/users\/12"}],"replies":[{"embeddable":true,"href":"https:\/\/alzira.es\/es\/wp-json\/wp\/v2\/comments?post=42927"}],"version-history":[{"count":0,"href":"https:\/\/alzira.es\/es\/wp-json\/wp\/v2\/posts\/42927\/revisions"}],"wp:attachment":[{"href":"https:\/\/alzira.es\/es\/wp-json\/wp\/v2\/media?parent=42927"}],"wp:term":[{"taxonomy":"category","embeddable":true,"href":"https:\/\/alzira.es\/es\/wp-json\/wp\/v2\/categories?post=42927"},{"taxonomy":"post_tag","embeddable":true,"href":"https:\/\/alzira.es\/es\/wp-json\/wp\/v2\/tags?post=42927"}],"curies":[{"name":"wp","href":"https:\/\/api.w.org\/{rel}","templated":true}]}}