{"id":42858,"date":"2019-07-17T18:25:25","date_gmt":"2019-07-17T16:25:25","guid":{"rendered":"https:\/\/alzira.es\/por-sant-bernat-el-comercio-suena-a-fiesta\/"},"modified":"2019-07-17T18:25:25","modified_gmt":"2019-07-17T16:25:25","slug":"por-sant-bernat-el-comercio-suena-a-fiesta","status":"publish","type":"post","link":"https:\/\/alzira.es\/es\/por-sant-bernat-el-comercio-suena-a-fiesta\/","title":{"rendered":"Por Sant Bernat el Comercio suena a Fiesta"},"content":{"rendered":"<p style=\"text-align: justify;\">Entradas gratuitas para los conciertos de fiestas.<\/p>\n<p style=\"text-align: justify;\">M\u00fasica en directo a las zonas comerciales de la ciudad<\/p>\n<p style=\"text-align: justify;\">Alzira, 17 de julio de 2019.- Hasta el 23 de julio Alzira vivo sus fiestas locales, y para potenciar las compras al peque\u00f1o comercio de Alzira, desde el Ayuntamiento encentamos la quinta edici\u00f3n de la campa\u00f1a Por Sant Bernat el Comercio suena a Fiesta.<\/p>\n<p style=\"text-align: justify;\">\u00abSin duda las fiestas son una gran ocasi\u00f3n para reforzar las compras en el comercio local. Por quinto a\u00f1o consecutivo repetimos esta campa\u00f1a que suele darle voz a nuestros tenderos y tenderas en la radio p\u00fablica\u00bb declara el alcalde y concejal de Comercio, Diego G\u00f3mez\u00bb<\/p>\n<p style=\"text-align: justify;\">Con objetivo de mejorar la activitat comercial se han programado diferentes actividades:<\/p>\n<p style=\"text-align: justify;\">Jueves 18 y viernes 19 de julio podr\u00e1s escuchar el especial Comercio de Alzira Radio 107.9 FM desde las 10 h a 13h. En esta ocasi\u00f3n el programa matinal conducido por M\u00aaCarmen Cano sale a la calle y estar\u00e1 el jueves 18 En La Plaza Mayor y viernes 19 al \u00c1rea comercial Parque Pere Cresp\u00ed. Casi 40 comercios y grupos musicales pasar\u00e1n por los micr\u00f3fonos de la radio, as\u00ed como el concejal de fiestas y el alcalde y responsable de comercio.<\/p>\n<p style=\"text-align: justify;\">Adem\u00e1s, con esta campa\u00f1a se podr\u00e1n ganar entradas para los conciertos de Sant Bernat Alzira 2019 cuando se hagan compras en los comercios de Alzira los d\u00edas 18 y 19. Los compradores que durante la emisi\u00f3n del programa de radio se presentan en el estand de Alzira Radio con un ticket que acredite que han hecho su compra en un comercio de Alzira esa ma\u00f1ana, por un importe de m\u00e1s de 20 EUR, recibir\u00e1n una entrada gratuita para los Conciertos de Sant Bernat.<\/p>\n<p style=\"text-align: justify;\">El concejal de fiestes, Xavi P\u00e9rez ha manifestado que \u00abCon el regalo de entradas, ofrecemos un incentivo para sumar clientes al comercio locales al tiempo que fomentamos l&#8217;asistencia y damos una mayor visibilidad a la oferta musical de nuestras fiestes\u00bb<\/p>\n<p style=\"text-align: justify;\">Un total de 80 entradas ser\u00e1n repartidas entre los dos programas, 40 entradas en cada programa:<\/p>\n<p style=\"text-align: justify;\">20 entradas para el Tributo Raffaella Carr\u00e1 que ser\u00e1 el jueves 18 de julio.<\/p>\n<p style=\"text-align: justify;\">30 entradas para el concierto de Ni\u00f1a Pastori del pr\u00f3ximo domingo 21 de julio.<\/p>\n<p style=\"text-align: justify;\">30 entradas para la Embozo de David Bustamante del lunes 22 de julio<\/p>\n<p style=\"text-align: justify;\">Adem\u00e1s tambi\u00e9n disfrutaremos de M\u00fasica al calle.&nbsp;Viernes 19 de julio, de 10.30h a 13h, encontraremos diferentes actuaciones en la calle de grupos de m\u00fasica de la Sociedad Musical de Alzira. Con sus actuaciones animar\u00e1n las zonas comerciales de la ciudad. Los lugares donde podremos gozar de los espect\u00e1culos musical ser\u00e1n la Vila, Benito P\u00e9rez Gald\u00f3s, Santos Patrones, Hort dels Frares y \u00c1rea Comercial Parc Pere Cresp\u00ed.<\/p>\n<p><a href=\"https:\/\/alzira.es\/wp-content\/uploads\/2019\/07\/Diseno_para_WEB_festes.jpg\" target=\"_blank\" rel=\"noopener\"><img fetchpriority=\"high\" decoding=\"async\" class=\" size-full wp-image-42856\" style=\"display: block; margin-left: auto; margin-right: auto;\" src=\"https:\/\/alzira.es\/wp-content\/uploads\/2019\/07\/Diseno_para_WEB_festes.jpg\" alt=\"Dise\u00f1o para WEB festes\" width=\"600\" height=\"382\" \/><\/a><\/p>\n<p style=\"text-align: justify;\">&nbsp;<\/p>\n<p style=\"text-align: justify;\">&nbsp;<\/p>\n<p style=\"text-align: center;\">&nbsp;<\/p>\n","protected":false},"excerpt":{"rendered":"<p>Entradas gratuitas para los conciertos de fiestas. M\u00fasica en directo a las zonas comerciales de la ciudad Alzira, 17 de julio de 2019.- Hasta el 23 de julio Alzira vivo sus fiestas locales, y para potenciar las compras al peque\u00f1o comercio de Alzira, desde el Ayuntamiento encentamos la quinta edici\u00f3n de la campa\u00f1a Por Sant &hellip; <\/p>\n<p class=\"link-more\"><a href=\"https:\/\/alzira.es\/es\/por-sant-bernat-el-comercio-suena-a-fiesta\/\" class=\"more-link\">Continuar leyendo<span class=\"screen-reader-text\"> \u00abPor Sant Bernat el Comercio suena a Fiesta\u00bb<\/span><\/a><\/p>\n","protected":false},"author":12,"featured_media":42856,"comment_status":"","ping_status":"","sticky":false,"template":"","format":"standard","meta":{"_acf_changed":false,"footnotes":""},"categories":[4936],"tags":[],"class_list":["post-42858","post","type-post","status-publish","format-standard","has-post-thumbnail","hentry","category-hemeroteca-es"],"acf":[],"_links":{"self":[{"href":"https:\/\/alzira.es\/es\/wp-json\/wp\/v2\/posts\/42858","targetHints":{"allow":["GET"]}}],"collection":[{"href":"https:\/\/alzira.es\/es\/wp-json\/wp\/v2\/posts"}],"about":[{"href":"https:\/\/alzira.es\/es\/wp-json\/wp\/v2\/types\/post"}],"author":[{"embeddable":true,"href":"https:\/\/alzira.es\/es\/wp-json\/wp\/v2\/users\/12"}],"replies":[{"embeddable":true,"href":"https:\/\/alzira.es\/es\/wp-json\/wp\/v2\/comments?post=42858"}],"version-history":[{"count":0,"href":"https:\/\/alzira.es\/es\/wp-json\/wp\/v2\/posts\/42858\/revisions"}],"wp:featuredmedia":[{"embeddable":true,"href":"https:\/\/alzira.es\/es\/wp-json\/wp\/v2\/media\/42856"}],"wp:attachment":[{"href":"https:\/\/alzira.es\/es\/wp-json\/wp\/v2\/media?parent=42858"}],"wp:term":[{"taxonomy":"category","embeddable":true,"href":"https:\/\/alzira.es\/es\/wp-json\/wp\/v2\/categories?post=42858"},{"taxonomy":"post_tag","embeddable":true,"href":"https:\/\/alzira.es\/es\/wp-json\/wp\/v2\/tags?post=42858"}],"curies":[{"name":"wp","href":"https:\/\/api.w.org\/{rel}","templated":true}]}}