{"id":42827,"date":"2019-07-17T12:10:28","date_gmt":"2019-07-17T10:10:28","guid":{"rendered":"https:\/\/alzira.es\/alzira-atorgara-180-ajudes-al-transport-d-estudiants\/"},"modified":"2019-07-17T12:10:28","modified_gmt":"2019-07-17T10:10:28","slug":"alzira-atorgara-180-ajudes-al-transport-d-estudiants","status":"publish","type":"post","link":"https:\/\/alzira.es\/es\/alzira-atorgara-180-ajudes-al-transport-d-estudiants\/","title":{"rendered":"Alzira atorgar\u00e0 180 ajudes al transport d\u2019estudiants"},"content":{"rendered":"<p style=\"text-align: justify;\"><strong><a href=\"https:\/\/alzira.es\/wp-content\/uploads\/2018\/09\/img_randres_20160225-140316_imagenes_lv_terceros_renfe1-ki6D-U411652688691nWF-992x558LaVanguardia-Web.jpg\" target=\"_blank\" rel=\"noopener\"><img fetchpriority=\"high\" decoding=\"async\" class=\" alignleft size-full wp-image-33319\" style=\"margin-right: 10px; float: left;\" title=\"Alzira atorgar\u00e0 180 ajudes al transport d\u2019estudiants \" src=\"https:\/\/alzira.es\/wp-content\/uploads\/2018\/09\/img_randres_20160225-140316_imagenes_lv_terceros_renfe1-ki6D-U411652688691nWF-992x558LaVanguardia-Web.jpg\" alt=\"img randres 20160225-140316 imagenes lv terceros renfe1-ki6D-U411652688691nWF-992x558LaVanguardia-Web\" width=\"600\" height=\"338\" srcset=\"https:\/\/alzira.es\/wp-content\/uploads\/2018\/09\/img_randres_20160225-140316_imagenes_lv_terceros_renfe1-ki6D-U411652688691nWF-992x558LaVanguardia-Web.jpg 992w, https:\/\/alzira.es\/wp-content\/uploads\/2018\/09\/img_randres_20160225-140316_imagenes_lv_terceros_renfe1-ki6D-U411652688691nWF-992x558LaVanguardia-Web-680x383.jpg 680w, https:\/\/alzira.es\/wp-content\/uploads\/2018\/09\/img_randres_20160225-140316_imagenes_lv_terceros_renfe1-ki6D-U411652688691nWF-992x558LaVanguardia-Web-768x432.jpg 768w\" sizes=\"(max-width: 600px) 100vw, 600px\" \/><\/a>Alzira, 17 de juliol de 2019.-<\/strong> Ahir es van aprovar en Junta de Govern Local les bases per a la nova convocat\u00f2ria d&#8217;un m\u00e0xim de 180 ajudes de l&#8217;Ajuntament d&#8217;Alzira per al transport d&#8217;estudiants al llarg del curs 2019-2020.<\/p>\n<p style=\"text-align: justify;\">L&#8217;objecte d&#8217;aquestes ajudes \u00e9s col\u2022laborar amb les despeses de despla\u00e7ament fora del terme municipal d&#8217;Alzira d&#8217;estudiants universitaris, cicles Formatius de Grau Superior i ensenyaments superiors de r\u00e8gim especial. Es tracta d&#8217;una ajuda municipal addicional a les que oferixen altres administracions com el Ministeri o la Conselleria.<\/p>\n<p style=\"text-align: justify;\">Podran sol\u2022licitar esta ajuda els alumnes matriculats el curs 2019-2020, empadronats a Alzira, almenys des de fa 24 mesos, menors de 30 anys.<br \/>No es podran rebre m\u00e9s de dos ajudes, en anys consecutius o alterns.<br \/>La quantia total m\u00e0xima de les subvencions convocades ser\u00e0 de 18.000 euros, 100 per a cada sol\u2022licitant, amb un m\u00e0xim, per tant, de 180 ajudes.<\/p>\n<p style=\"text-align: justify;\">\u00abEnguany s&#8217;ha treballat per a arribar a un major nombre d&#8217;estudiants per tal d&#8217;oferir esta ajuda a la major quantitat de persones possible\u00bb, assegura la regidora d&#8217;Educaci\u00f3, Maria Calvo.<\/p>\n<p style=\"text-align: justify;\">El curs passat es van concedir inicialment 100 ajudes i es van ampliar, posteriorment, amb 67 beques m\u00e9s: un total de 167 per al curs 2018-2019.<\/p>\n<p style=\"text-align: justify;\">Les ajudes es concediran en r\u00e8gim de concurr\u00e8ncia competitiva i en ordre descendent, d&#8217;acord amb la puntuaci\u00f3 obtinguda, fins que s&#8217;esgote l&#8217;import global m\u00e0xim abans esmentat.<\/p>\n<p style=\"text-align: justify;\">Les persones interessades han de presentar la sol\u2022licitud mitjan\u00e7ant una inst\u00e0ncia model (www.alzira.es, Portal de la ciutadania \u2013 Educaci\u00f3 i Cultura) en l&#8217;Oficina d&#8217;Atenci\u00f3 Ciutadana, la Clau, al carrer Rambla, 23, del 2 al 30 de setembre.<\/p>\n<p style=\"text-align: justify;\">Han d&#8217;aportar la inst\u00e0ncia model i els documents acreditatius que se sol\u2022liciten en les bases de la convocat\u00f2ria dins del termini estipulat, per a la valoraci\u00f3 per part de la comissi\u00f3 avaluadora.<\/p>\n<p style=\"text-align: justify;\">&nbsp;<\/p>\n<p style=\"text-align: justify;\">&nbsp;<\/p>\n","protected":false},"excerpt":{"rendered":"<p>Alzira, 17 de juliol de 2019.- Ahir es van aprovar en Junta de Govern Local les bases per a la nova convocat\u00f2ria d&#8217;un m\u00e0xim de 180 ajudes de l&#8217;Ajuntament d&#8217;Alzira per al transport d&#8217;estudiants al llarg del curs 2019-2020. L&#8217;objecte d&#8217;aquestes ajudes \u00e9s col\u2022laborar amb les despeses de despla\u00e7ament fora del terme municipal d&#8217;Alzira d&#8217;estudiants &hellip; <\/p>\n<p class=\"link-more\"><a href=\"https:\/\/alzira.es\/es\/alzira-atorgara-180-ajudes-al-transport-d-estudiants\/\" class=\"more-link\">Continuar leyendo<span class=\"screen-reader-text\"> \u00abAlzira atorgar\u00e0 180 ajudes al transport d\u2019estudiants\u00bb<\/span><\/a><\/p>\n","protected":false},"author":12,"featured_media":33319,"comment_status":"","ping_status":"","sticky":false,"template":"","format":"standard","meta":{"_acf_changed":false,"footnotes":""},"categories":[],"tags":[],"class_list":["post-42827","post","type-post","status-publish","format-standard","has-post-thumbnail","hentry"],"acf":[],"_links":{"self":[{"href":"https:\/\/alzira.es\/es\/wp-json\/wp\/v2\/posts\/42827","targetHints":{"allow":["GET"]}}],"collection":[{"href":"https:\/\/alzira.es\/es\/wp-json\/wp\/v2\/posts"}],"about":[{"href":"https:\/\/alzira.es\/es\/wp-json\/wp\/v2\/types\/post"}],"author":[{"embeddable":true,"href":"https:\/\/alzira.es\/es\/wp-json\/wp\/v2\/users\/12"}],"replies":[{"embeddable":true,"href":"https:\/\/alzira.es\/es\/wp-json\/wp\/v2\/comments?post=42827"}],"version-history":[{"count":0,"href":"https:\/\/alzira.es\/es\/wp-json\/wp\/v2\/posts\/42827\/revisions"}],"wp:featuredmedia":[{"embeddable":true,"href":"https:\/\/alzira.es\/es\/wp-json\/wp\/v2\/media\/33319"}],"wp:attachment":[{"href":"https:\/\/alzira.es\/es\/wp-json\/wp\/v2\/media?parent=42827"}],"wp:term":[{"taxonomy":"category","embeddable":true,"href":"https:\/\/alzira.es\/es\/wp-json\/wp\/v2\/categories?post=42827"},{"taxonomy":"post_tag","embeddable":true,"href":"https:\/\/alzira.es\/es\/wp-json\/wp\/v2\/tags?post=42827"}],"curies":[{"name":"wp","href":"https:\/\/api.w.org\/{rel}","templated":true}]}}