{"id":42809,"date":"2019-07-15T11:53:57","date_gmt":"2019-07-15T09:53:57","guid":{"rendered":"https:\/\/alzira.es\/regularitzacio-activitats-industrials-en-sol-no-urbnizatble\/"},"modified":"2019-07-15T11:53:57","modified_gmt":"2019-07-15T09:53:57","slug":"regularitzacio-activitats-industrials-en-sol-no-urbnizatble","status":"publish","type":"post","link":"https:\/\/alzira.es\/es\/regularitzacio-activitats-industrials-en-sol-no-urbnizatble\/","title":{"rendered":"REGULARITZACI\u00d3 ACTIVITATS INDUSTRIALS EN S\u00d2L NO URBNIZATBLE"},"content":{"rendered":"<p style=\"text-align: center;\"><span style=\"text-decoration: underline; font-size: 18pt;\"><strong>&nbsp;Regularitzaci\u00f3 Activitats Industrials En s\u00f2l no urbanitzable<\/strong><\/span><\/p>\n<p>El legislador valenci\u00e0 ha realitzat un gran esfor\u00e7 recollint la sensibilitat social dels diferents partits pol\u00edtics que formen part de les Corts Valencianes a l&#8217;aprovar, en tr\u00e0mit parlamentari, l&#8217;Art. 156 de la Llei 1\/2019 que afegeix una disposici\u00f3 transit\u00f2ria quinzena denominada Regularitzaci\u00f3 de activitats industrials en s\u00f2l no urbanitzable, introduint la figura de \u00abDeclaraci\u00f3 d&#8217;inter\u00e8s comunitari de regularitzaci\u00f3\u00bb<\/p>\n<p>&nbsp;<\/p>\n<p style=\"text-align: center;\"><img decoding=\"async\" class=\"size-full wp-image-42803 lazyload\" data-src=\"https:\/\/alzira.es\/wp-content\/uploads\/2019\/07\/Actvidades_Industriales_en_suelo_No_urbanizable.jpg\" alt=\"Actvidades Industriales en suelo No urbanizable\" src=\"data:image\/svg+xml;base64,PHN2ZyB3aWR0aD0iMSIgaGVpZ2h0PSIxIiB4bWxucz0iaHR0cDovL3d3dy53My5vcmcvMjAwMC9zdmciPjwvc3ZnPg==\" \/><\/p>\n<p>Amb aix\u00f2, la reforma de la Llei pret\u00e9n aconseguir un \u00abpunt zero\u00bb a partir d&#8217;el qual aconseguir que tinguin virtualitat pr\u00e0ctica els diversos instruments normatius habilitats en la pr\u00f2pia llei per a l&#8217;autoritzaci\u00f3 d&#8217;activitats en s\u00f2l no urbanitzable. Dit d&#8217;una altra manera: es tracta de posar el comptador a zero en mat\u00e8ria d&#8217;activitats irregulars existents; oferint-amb car\u00e0cter previ a l&#8217;aplicaci\u00f3 de el tancament o clausura- una \u00faltima oportunitat a les activitats avui clandestines, per incorporar-se volunt\u00e0riament a la legalitat en els termes que estableix la pr\u00f2pia DT 15.<\/p>\n<p>Aquesta figura es conceptua com un instrument extraordinari, per termini d&#8217;un any, per a regularitzar aquelles activitats industrials situades en s\u00f2l no urbanitzable, anteriors a l&#8217;aprovaci\u00f3 de la LOTUP, nom\u00e9s als efectes que aquestes activitats puguin obtenir l&#8217;autoritzaci\u00f3 ambiental i de funcionament .<br \/>De el termini d&#8217;un any assenyalat en la Llei es deriven obligacions als ajuntaments de la Comunitat Valenciana amb vista a col\u00b7laborar amb els ciutadans afectats per la transit\u00f2ria quinzena mitjan\u00e7ant l&#8217;adopci\u00f3 d&#8217;una postura activa destinada a que tothom conegui aquest especial instrument legalizador.<\/p>\n<p><span style=\"text-decoration: underline;\">Qui es pot beneficiar de la DIC?<\/span><br \/>Tota activitat industrial i productiva que s&#8217;estigui desenvolupant ininterrompudament i amb anterioritat a l&#8217;agost del 2014 en s\u00f2l no urbanitzable de la Comunitat Valenciana. La norma preveu, dins d&#8217;uns l\u00edmits, que fins i tot pugui utilitzar-se aquest procediment de legalitzaci\u00f3 per ampliar l&#8217;activitat ja existent. Aix\u00ed mateix, i en determinades circumst\u00e0ncies, es permet la legalitzaci\u00f3 d&#8217;activitats que es vinguin desenvolupant de forma irregular en s\u00f2l urbanitzable i, fins i tot, en s\u00f2l urb\u00e0.<\/p>\n<p><span style=\"text-decoration: underline;\">Quin \u00e9s el termini de qu\u00e8 disposen les empreses per acollir-se a la via de la DIC?<\/span><br \/>La sol\u00b7licitud de regularitzaci\u00f3 de l&#8217;activitat, juntament amb els documents t\u00e8cnics que corresponguin, s&#8217;ha de presentar davant l&#8217;Administraci\u00f3 de la Comunitat Valenciana dins de l&#8217;termini d&#8217;1 any des de l&#8217;entrada en vigor de la norma. Per tant, les sol\u00b7licituds de regularitzaci\u00f3 podran presentar-se fins el 8 de febrer de 2020.<\/p>\n<p><span style=\"text-decoration: underline;\">Conseq\u00fc\u00e8ncies de la tramitaci\u00f3 de la DIC<\/span><br \/>Un cop obtinguda la DIC, l&#8217;empresa disposar\u00e0 de tres anys addicionals per obtenir l&#8217;autoritzaci\u00f3 ambiental (abans anomenada llic\u00e8ncia d&#8217;activitat), legalitzant amb aix\u00f2 definitivament la seva activitat. No obstant aix\u00f2, la norma adverteix del que \u00e9s obvi: un cop superat el 8 de febrer de 2020, les administracions han de procedir a clausurar les activitats que no s&#8217;hagin acollit a l&#8217;procediment de regularitzaci\u00f3 de la DES.<\/p>\n","protected":false},"excerpt":{"rendered":"<p>&nbsp;Regularitzaci\u00f3 Activitats Industrials En s\u00f2l no urbanitzable El legislador valenci\u00e0 ha realitzat un gran esfor\u00e7 recollint la sensibilitat social dels diferents partits pol\u00edtics que formen part de les Corts Valencianes a l&#8217;aprovar, en tr\u00e0mit parlamentari, l&#8217;Art. 156 de la Llei 1\/2019 que afegeix una disposici\u00f3 transit\u00f2ria quinzena denominada Regularitzaci\u00f3 de activitats industrials en s\u00f2l no &hellip; <\/p>\n<p class=\"link-more\"><a href=\"https:\/\/alzira.es\/es\/regularitzacio-activitats-industrials-en-sol-no-urbnizatble\/\" class=\"more-link\">Continuar leyendo<span class=\"screen-reader-text\"> \u00abREGULARITZACI\u00d3 ACTIVITATS INDUSTRIALS EN S\u00d2L NO URBNIZATBLE\u00bb<\/span><\/a><\/p>\n","protected":false},"author":29,"featured_media":42803,"comment_status":"closed","ping_status":"closed","sticky":false,"template":"","format":"standard","meta":{"_acf_changed":false,"footnotes":""},"categories":[],"tags":[],"class_list":["post-42809","post","type-post","status-publish","format-standard","has-post-thumbnail","hentry"],"acf":[],"_links":{"self":[{"href":"https:\/\/alzira.es\/es\/wp-json\/wp\/v2\/posts\/42809","targetHints":{"allow":["GET"]}}],"collection":[{"href":"https:\/\/alzira.es\/es\/wp-json\/wp\/v2\/posts"}],"about":[{"href":"https:\/\/alzira.es\/es\/wp-json\/wp\/v2\/types\/post"}],"author":[{"embeddable":true,"href":"https:\/\/alzira.es\/es\/wp-json\/wp\/v2\/users\/29"}],"replies":[{"embeddable":true,"href":"https:\/\/alzira.es\/es\/wp-json\/wp\/v2\/comments?post=42809"}],"version-history":[{"count":0,"href":"https:\/\/alzira.es\/es\/wp-json\/wp\/v2\/posts\/42809\/revisions"}],"wp:featuredmedia":[{"embeddable":true,"href":"https:\/\/alzira.es\/es\/wp-json\/wp\/v2\/media\/42803"}],"wp:attachment":[{"href":"https:\/\/alzira.es\/es\/wp-json\/wp\/v2\/media?parent=42809"}],"wp:term":[{"taxonomy":"category","embeddable":true,"href":"https:\/\/alzira.es\/es\/wp-json\/wp\/v2\/categories?post=42809"},{"taxonomy":"post_tag","embeddable":true,"href":"https:\/\/alzira.es\/es\/wp-json\/wp\/v2\/tags?post=42809"}],"curies":[{"name":"wp","href":"https:\/\/api.w.org\/{rel}","templated":true}]}}