{"id":42798,"date":"2019-07-12T18:08:33","date_gmt":"2019-07-12T16:08:33","guid":{"rendered":"https:\/\/alzira.es\/idea-alzira-presenta-su-memoria-de-resultados-2018\/"},"modified":"2019-07-12T18:08:33","modified_gmt":"2019-07-12T16:08:33","slug":"idea-alzira-presenta-su-memoria-de-resultados-2018","status":"publish","type":"post","link":"https:\/\/alzira.es\/es\/idea-alzira-presenta-su-memoria-de-resultados-2018\/","title":{"rendered":"IDEA Alzira presenta su Memoria de resultados 2018"},"content":{"rendered":"<p style=\"text-align: justify;\"><strong>Alzira, 12 de julio de 2019.-<\/strong> IDEA Alzira ha presentado su Memoria de resultados del ejercicio 2018; un trabajo de recopilaci\u00f3n y resumen de actividades y resultados econ\u00f3micos que realiza desde sus inicios en 1995. Este a\u00f1o hace ya 24 a\u00f1os desde la creaci\u00f3n de la Agencia y, desde un primer momento, ha tenido un crecimiento en la gesti\u00f3n de recursos propios y de otras administraciones, que ha permitido llevar a cabo numerosos programas en beneficio de la ciudadan\u00eda de Alzira. Al acto, han intervenido el alcalde de Alzira y concejal de Empleo, Desarrollo Econ\u00f3mico, Comercio y Proyectos Europeos, Diego G\u00f3mez; y la jefa de servicio de IDEA Carmen Herrero.<\/p>\n<p style=\"text-align: justify;\">Desde IDEA se han tramitado 334 contratos de trabajo y se han formado en 69 cursos de formaci\u00f3n profesional 433 alumnos, dando oportunidades a cientos de personas en paro en 2018.<\/p>\n<p style=\"text-align: justify;\">Por otra parte, al servicio de Formaci\u00f3n y Orientaci\u00f3n Laboral se atendieron a m\u00e1s de 3.125 personas durante 2018. Adem\u00e1s, el \u00e1rea de Proyectos Europeos ha propiciado 132 movilidades a otros pa\u00edses de la UE para la realizaci\u00f3n de cursos, pr\u00e1cticas y experiencias internacionales, por lo que Alzira ha sido el segundo ayuntamiento valenciano con m\u00e1s voluntarios y Erasmus+.<\/p>\n<p style=\"text-align: justify;\">Igualmente, desde el servicio de emprendedores y fomento del tejido empresarial, se ha asistido a 372 emprendedores\/as, aut\u00f3nomos\/as que han querido poner en marcha un nuevo negocio en Alzira y se ha promovido la constituci\u00f3n de 79 empresas nuevas. Se han dado m\u00e1s de 70 ayudas Emprende a empresas, se ha iniciado un programa de capacitaci\u00f3n de aut\u00f3nomos\/as \u00abFormaempr\u00e9n\u00bb, se ha continuado con el programa de promoci\u00f3n <span style=\"color: #ff0000;\">#Alzira12Mesos12Empreses<\/span> o \u00abCrear una Idea en el Mercado de la Vila\u00bb.<\/p>\n<p style=\"text-align: justify;\">En cuanto al Comercio, se han realizado campa\u00f1as como la X Feria Comercial <span style=\"color: #ff0000;\">#AlziraOberta<\/span>; el Concurso de Escaparatismo de Navidad, u otras iniciativas como Per Sant Bernat el Comer\u00e7 Sona a Festa o Navidad el Comercio suena a Solidaridad. Sin embargo, se han puesto en marcha campa\u00f1as de Promoci\u00f3n Econ\u00f3mica como la regany\u00e0y la Biosfira, para promocionar los productos locales y tambi\u00e9n alternativas verdes y sostenibles en distintos \u00e1mbitos (alimentaci\u00f3n, bienestar y vida saludable, energ\u00eda&#8230;).<\/p>\n<p style=\"text-align: justify;\">De esta forma, desde el 2015 ha contribuido a rebajar el total de personas paradas en nuestra ciudad de m\u00e1s de 5.000 hasta 3.100 que tenemos en la actualidad.<\/p>\n<p style=\"text-align: center;\"><a href=\"https:\/\/alzira.es\/wp-content\/uploads\/2019\/07\/Memoria_IDEA_2018.jpg\" target=\"_blank\" rel=\"noopener\"><img fetchpriority=\"high\" decoding=\"async\" class=\" size-full wp-image-42795\" src=\"https:\/\/alzira.es\/wp-content\/uploads\/2019\/07\/Memoria_IDEA_2018.jpg\" alt=\"Mem\u00f2ria IDEA 2018\" width=\"800\" height=\"450\" srcset=\"https:\/\/alzira.es\/wp-content\/uploads\/2019\/07\/Memoria_IDEA_2018.jpg 1500w, https:\/\/alzira.es\/wp-content\/uploads\/2019\/07\/Memoria_IDEA_2018-680x383.jpg 680w, https:\/\/alzira.es\/wp-content\/uploads\/2019\/07\/Memoria_IDEA_2018-1430x805.jpg 1430w, https:\/\/alzira.es\/wp-content\/uploads\/2019\/07\/Memoria_IDEA_2018-768x432.jpg 768w\" sizes=\"(max-width: 706px) 89vw, (max-width: 767px) 82vw, 740px\" \/><\/a><\/p>\n","protected":false},"excerpt":{"rendered":"<p>Alzira, 12 de julio de 2019.- IDEA Alzira ha presentado su Memoria de resultados del ejercicio 2018; un trabajo de recopilaci\u00f3n y resumen de actividades y resultados econ\u00f3micos que realiza desde sus inicios en 1995. Este a\u00f1o hace ya 24 a\u00f1os desde la creaci\u00f3n de la Agencia y, desde un primer momento, ha tenido un &hellip; <\/p>\n<p class=\"link-more\"><a href=\"https:\/\/alzira.es\/es\/idea-alzira-presenta-su-memoria-de-resultados-2018\/\" class=\"more-link\">Continuar leyendo<span class=\"screen-reader-text\"> \u00abIDEA Alzira presenta su Memoria de resultados 2018\u00bb<\/span><\/a><\/p>\n","protected":false},"author":29,"featured_media":42795,"comment_status":"","ping_status":"","sticky":false,"template":"","format":"standard","meta":{"_acf_changed":false,"footnotes":""},"categories":[4936],"tags":[],"class_list":["post-42798","post","type-post","status-publish","format-standard","has-post-thumbnail","hentry","category-hemeroteca-es"],"acf":[],"_links":{"self":[{"href":"https:\/\/alzira.es\/es\/wp-json\/wp\/v2\/posts\/42798","targetHints":{"allow":["GET"]}}],"collection":[{"href":"https:\/\/alzira.es\/es\/wp-json\/wp\/v2\/posts"}],"about":[{"href":"https:\/\/alzira.es\/es\/wp-json\/wp\/v2\/types\/post"}],"author":[{"embeddable":true,"href":"https:\/\/alzira.es\/es\/wp-json\/wp\/v2\/users\/29"}],"replies":[{"embeddable":true,"href":"https:\/\/alzira.es\/es\/wp-json\/wp\/v2\/comments?post=42798"}],"version-history":[{"count":0,"href":"https:\/\/alzira.es\/es\/wp-json\/wp\/v2\/posts\/42798\/revisions"}],"wp:featuredmedia":[{"embeddable":true,"href":"https:\/\/alzira.es\/es\/wp-json\/wp\/v2\/media\/42795"}],"wp:attachment":[{"href":"https:\/\/alzira.es\/es\/wp-json\/wp\/v2\/media?parent=42798"}],"wp:term":[{"taxonomy":"category","embeddable":true,"href":"https:\/\/alzira.es\/es\/wp-json\/wp\/v2\/categories?post=42798"},{"taxonomy":"post_tag","embeddable":true,"href":"https:\/\/alzira.es\/es\/wp-json\/wp\/v2\/tags?post=42798"}],"curies":[{"name":"wp","href":"https:\/\/api.w.org\/{rel}","templated":true}]}}