{"id":42791,"date":"2019-07-12T13:09:38","date_gmt":"2019-07-12T11:09:38","guid":{"rendered":"https:\/\/alzira.es\/xarrada-informativa-sobre-el-mosquit-tigre-i-la-mosca-negra-a-la-casa-de-la-cultura-d-alzira\/"},"modified":"2019-07-12T13:09:38","modified_gmt":"2019-07-12T11:09:38","slug":"xarrada-informativa-sobre-el-mosquit-tigre-i-la-mosca-negra-a-la-casa-de-la-cultura-d-alzira","status":"publish","type":"post","link":"https:\/\/alzira.es\/es\/xarrada-informativa-sobre-el-mosquit-tigre-i-la-mosca-negra-a-la-casa-de-la-cultura-d-alzira\/","title":{"rendered":"Xarrada informativa sobre el mosquit tigre i la mosca negra a la Casa de la Cultura d\u2019Alzira"},"content":{"rendered":"<p style=\"text-align: justify;\">Alzira, 12 de juliol de 2019.- La mosca negra i el mosquit tigre han estat els protagonistes de la xarrada que ha organitzat la regidoria de Sanitat a la Casa de la Cultura, la vesprada d&#8217;ahir dijous.<\/p>\n<p style=\"text-align: justify;\">Davant la situaci\u00f3 provocada per estos insectes i la demanda de la ciutadania per con\u00e9ixer de m\u00e9s a prop este problema, el Departament de Sanitat junt amb l&#8217;empresa Lok\u00edmica, encarregada del tractament, han donat resposta als dubtes dels assistents a la xarrada.<\/p>\n<p style=\"text-align: justify;\">L&#8217;acte, presentat per la regidora de Sanitat, Gemma Al\u00f3s, va comptar amb la pres\u00e8ncia del bi\u00f2leg Ricardo Acosta, responsable de la campanya de tractament en la Ribera del mosquit tigre, mosquit com\u00fa i mosca negra, mosca com\u00fa. Durant la seua intervenci\u00f3, la regidora Gemma Al\u00f3s ha recordat que \u00abs&#8217;ha treballat i se seguix treballant per donar soluci\u00f3 a la proliferaci\u00f3 de larves. Tant les larves com la quantitat d&#8217;insectes s&#8217;han vist redu\u00efdes de manera not\u00f2ria gr\u00e0cies a les actuacions realitzades\u00bb. L&#8217;edil tamb\u00e9 ha destacat que \u00abse seguixen atenent les queixes de ve\u00efnes i ve\u00efns que, despr\u00e9s de ser escoltades, es posen en coneiximent de l&#8217;empresa encarregada del tractament perqu\u00e8 done una soluci\u00f3 a la zona o barri afectat\u00bb.<\/p>\n<p style=\"text-align: justify;\">La xarrada va estar enfocada a con\u00e9ixer les caracter\u00edstiques del mosquit tigre i mosca negra, com es reprodu\u00efxen, com piquen o roseguen per alimentar-se de la sang, els seus despla\u00e7aments i la dist\u00e0ncia que recorren. Tamb\u00e9 es va informar del calendari de fumigaci\u00f3 i les actuacions extraordin\u00e0ries realitzades en els \u00faltims dies. Tant la regidora Gemma Al\u00f3s com el bi\u00f2leg Ricardo Acosta van poder respondre a totes les preguntes dels participants i ambd\u00f3s han destacat la import\u00e0ncia dels tractaments mancomunats amb les poblacions ve\u00efnes i pr\u00f2ximes a Alzira.<\/p>\n<p style=\"text-align: center;\"><a class=\"jcepopup\" href=\"https:\/\/alzira.es\/wp-content\/uploads\/2019\/07\/Xarrada_Mosquit_1.jpeg\" target=\"_blank\" rel=\"noopener\"><img fetchpriority=\"high\" decoding=\"async\" class=\" size-full wp-image-42782\" src=\"https:\/\/alzira.es\/wp-content\/uploads\/2019\/07\/Xarrada_Mosquit_1.jpeg\" alt=\"Xarrada Mosquit 1\" width=\"350\" height=\"467\" srcset=\"https:\/\/alzira.es\/wp-content\/uploads\/2019\/07\/Xarrada_Mosquit_1.jpeg 1512w, https:\/\/alzira.es\/wp-content\/uploads\/2019\/07\/Xarrada_Mosquit_1-383x510.jpeg 383w, https:\/\/alzira.es\/wp-content\/uploads\/2019\/07\/Xarrada_Mosquit_1-804x1072.jpeg 804w, https:\/\/alzira.es\/wp-content\/uploads\/2019\/07\/Xarrada_Mosquit_1-768x1024.jpeg 768w, https:\/\/alzira.es\/wp-content\/uploads\/2019\/07\/Xarrada_Mosquit_1-1152x1536.jpeg 1152w\" sizes=\"(max-width: 350px) 100vw, 350px\" \/><\/a>&nbsp;<a class=\"jcepopup\" href=\"https:\/\/alzira.es\/wp-content\/uploads\/2019\/07\/Xarrada_Mosquit_2.jpeg\" target=\"_blank\" rel=\"noopener\"><img decoding=\"async\" class=\"size-full wp-image-42785 lazyload\" data-src=\"https:\/\/alzira.es\/wp-content\/uploads\/2019\/07\/Xarrada_Mosquit_2.jpeg\" alt=\"Xarrada Mosquit 2\" width=\"623\" height=\"467\" data-srcset=\"https:\/\/alzira.es\/wp-content\/uploads\/2019\/07\/Xarrada_Mosquit_2.jpeg 2016w, https:\/\/alzira.es\/wp-content\/uploads\/2019\/07\/Xarrada_Mosquit_2-680x510.jpeg 680w, https:\/\/alzira.es\/wp-content\/uploads\/2019\/07\/Xarrada_Mosquit_2-1430x1072.jpeg 1430w, https:\/\/alzira.es\/wp-content\/uploads\/2019\/07\/Xarrada_Mosquit_2-768x576.jpeg 768w, https:\/\/alzira.es\/wp-content\/uploads\/2019\/07\/Xarrada_Mosquit_2-1536x1152.jpeg 1536w\" data-sizes=\"(max-width: 623px) 100vw, 623px\" src=\"data:image\/svg+xml;base64,PHN2ZyB3aWR0aD0iMSIgaGVpZ2h0PSIxIiB4bWxucz0iaHR0cDovL3d3dy53My5vcmcvMjAwMC9zdmciPjwvc3ZnPg==\" style=\"--smush-placeholder-width: 623px; --smush-placeholder-aspect-ratio: 623\/467;\" \/><\/a><\/p>\n","protected":false},"excerpt":{"rendered":"<p>Alzira, 12 de juliol de 2019.- La mosca negra i el mosquit tigre han estat els protagonistes de la xarrada que ha organitzat la regidoria de Sanitat a la Casa de la Cultura, la vesprada d&#8217;ahir dijous. Davant la situaci\u00f3 provocada per estos insectes i la demanda de la ciutadania per con\u00e9ixer de m\u00e9s a &hellip; <\/p>\n<p class=\"link-more\"><a href=\"https:\/\/alzira.es\/es\/xarrada-informativa-sobre-el-mosquit-tigre-i-la-mosca-negra-a-la-casa-de-la-cultura-d-alzira\/\" class=\"more-link\">Continuar leyendo<span class=\"screen-reader-text\"> \u00abXarrada informativa sobre el mosquit tigre i la mosca negra a la Casa de la Cultura d\u2019Alzira\u00bb<\/span><\/a><\/p>\n","protected":false},"author":29,"featured_media":42782,"comment_status":"","ping_status":"","sticky":false,"template":"","format":"standard","meta":{"_acf_changed":false,"footnotes":""},"categories":[],"tags":[],"class_list":["post-42791","post","type-post","status-publish","format-standard","has-post-thumbnail","hentry"],"acf":[],"_links":{"self":[{"href":"https:\/\/alzira.es\/es\/wp-json\/wp\/v2\/posts\/42791","targetHints":{"allow":["GET"]}}],"collection":[{"href":"https:\/\/alzira.es\/es\/wp-json\/wp\/v2\/posts"}],"about":[{"href":"https:\/\/alzira.es\/es\/wp-json\/wp\/v2\/types\/post"}],"author":[{"embeddable":true,"href":"https:\/\/alzira.es\/es\/wp-json\/wp\/v2\/users\/29"}],"replies":[{"embeddable":true,"href":"https:\/\/alzira.es\/es\/wp-json\/wp\/v2\/comments?post=42791"}],"version-history":[{"count":0,"href":"https:\/\/alzira.es\/es\/wp-json\/wp\/v2\/posts\/42791\/revisions"}],"wp:featuredmedia":[{"embeddable":true,"href":"https:\/\/alzira.es\/es\/wp-json\/wp\/v2\/media\/42782"}],"wp:attachment":[{"href":"https:\/\/alzira.es\/es\/wp-json\/wp\/v2\/media?parent=42791"}],"wp:term":[{"taxonomy":"category","embeddable":true,"href":"https:\/\/alzira.es\/es\/wp-json\/wp\/v2\/categories?post=42791"},{"taxonomy":"post_tag","embeddable":true,"href":"https:\/\/alzira.es\/es\/wp-json\/wp\/v2\/tags?post=42791"}],"curies":[{"name":"wp","href":"https:\/\/api.w.org\/{rel}","templated":true}]}}