{"id":42787,"date":"2019-07-12T13:09:38","date_gmt":"2019-07-12T11:09:38","guid":{"rendered":"https:\/\/alzira.es\/charla-informativa-sobre-el-mosquito-tigre-i-la-mosca-negra-a-la-casa-de-la-cultura-d-alzira\/"},"modified":"2019-07-12T13:09:38","modified_gmt":"2019-07-12T11:09:38","slug":"charla-informativa-sobre-el-mosquito-tigre-i-la-mosca-negra-a-la-casa-de-la-cultura-d-alzira","status":"publish","type":"post","link":"https:\/\/alzira.es\/es\/charla-informativa-sobre-el-mosquito-tigre-i-la-mosca-negra-a-la-casa-de-la-cultura-d-alzira\/","title":{"rendered":"Charla  informativa sobre el mosquito tigre i la mosca negra a la Casa de la Cultura d\u2019Alzira"},"content":{"rendered":"<p style=\"text-align: justify;\"><strong>Alzira, 12 de julio de 2019.-<\/strong> La mosca negra y el mosquito tigre han sido los protagonistas de la charla que ha organizado la concejal\u00eda de Sanidad en la Casa de la Cultura, la tarde de ayer jueves.<\/p>\n<p style=\"text-align: justify;\">Ante la situaci\u00f3n provocada por estos insectos y la demanda de la ciudadan\u00eda para conocer m\u00e1s de cerca este problema, el Departamento de Sanidad junto con la empresa Lok\u00edmica, encargada del tratamiento, han dado respuesta a las dudas de los asistentes a la charla.<\/p>\n<p style=\"text-align: justify;\">El acto, presentado por la concejala de Sanidad, Gemma Al\u00f3s, cont\u00f3 con la presencia del bi\u00f3logo Ricardo Acosta, responsable de la campa\u00f1a de tratamiento en la Ribera del mosquito tigre, mosquito com\u00fan, mosca negra y mosca com\u00fan. Durante su intervenci\u00f3n, la concejala Gemma Al\u00f3s ha recordado que \u00abse ha trabajado y se sigue trabajando para dar soluci\u00f3n a la proliferaci\u00f3n de larvas. Tanto las larvas como la cantidad de insectos se han visto reducidas de forma notoria gracias a las actuaciones realizadas\u00bb. El edil tambi\u00e9n ha destacado que \u00abse siguen atendiendo las quejas de vecinas y vecinos que, despu\u00e9s de ser escuchadas, se ponen en conocimiento de la empresa encargada del tratamiento para que d\u00e9 una soluci\u00f3n a la zona o barrio afectado\u00bb.<\/p>\n<p style=\"text-align: justify;\">La charla estuvo enfocada a conocer las caracter\u00edsticas del mosquito tigre y mosca negra, como se reproducen, como pican o roen para alimentarse de la sangre, sus desplazamientos y la distancia que recorren. Tambi\u00e9n se inform\u00f3 del calendario de fumigaci\u00f3n y las actuaciones extraordinarias realizadas en los \u00faltimos d\u00edas. Tanto la concejala Gemma Al\u00f3s como el bi\u00f3logo Ricardo Acosta pudieron responder a todas las preguntas de los participantes y ambos han destacado la importancia de los tratamientos asociados con las poblaciones vecinas y cercanas a Alzira.<\/p>\n<p style=\"text-align: center;\"><a class=\"jcepopup\" href=\"https:\/\/alzira.es\/wp-content\/uploads\/2019\/07\/Xarrada_Mosquit_1.jpeg\" target=\"_blank\" rel=\"noopener\"><img fetchpriority=\"high\" decoding=\"async\" class=\" size-full wp-image-42782\" title=\"Charla  informativa sobre el mosquito tigre i la mosca negra a la Casa de la Cultura d\u2019Alzira\" src=\"https:\/\/alzira.es\/wp-content\/uploads\/2019\/07\/Xarrada_Mosquit_1.jpeg\" alt=\"Xarrada Mosquit 1\" width=\"350\" height=\"467\" srcset=\"https:\/\/alzira.es\/wp-content\/uploads\/2019\/07\/Xarrada_Mosquit_1.jpeg 1512w, https:\/\/alzira.es\/wp-content\/uploads\/2019\/07\/Xarrada_Mosquit_1-383x510.jpeg 383w, https:\/\/alzira.es\/wp-content\/uploads\/2019\/07\/Xarrada_Mosquit_1-804x1072.jpeg 804w, https:\/\/alzira.es\/wp-content\/uploads\/2019\/07\/Xarrada_Mosquit_1-768x1024.jpeg 768w, https:\/\/alzira.es\/wp-content\/uploads\/2019\/07\/Xarrada_Mosquit_1-1152x1536.jpeg 1152w\" sizes=\"(max-width: 350px) 100vw, 350px\" \/><\/a>&nbsp;<a class=\"jcepopup\" href=\"https:\/\/alzira.es\/wp-content\/uploads\/2019\/07\/Xarrada_Mosquit_2.jpeg\" target=\"_blank\" rel=\"noopener\"><img decoding=\"async\" class=\"size-full wp-image-42785 lazyload\" title=\"Charla  informativa sobre el mosquito tigre i la mosca negra a la Casa de la Cultura d\u2019Alzira\" data-src=\"https:\/\/alzira.es\/wp-content\/uploads\/2019\/07\/Xarrada_Mosquit_2.jpeg\" alt=\"Xarrada Mosquit 2\" width=\"623\" height=\"467\" data-srcset=\"https:\/\/alzira.es\/wp-content\/uploads\/2019\/07\/Xarrada_Mosquit_2.jpeg 2016w, https:\/\/alzira.es\/wp-content\/uploads\/2019\/07\/Xarrada_Mosquit_2-680x510.jpeg 680w, https:\/\/alzira.es\/wp-content\/uploads\/2019\/07\/Xarrada_Mosquit_2-1430x1072.jpeg 1430w, https:\/\/alzira.es\/wp-content\/uploads\/2019\/07\/Xarrada_Mosquit_2-768x576.jpeg 768w, https:\/\/alzira.es\/wp-content\/uploads\/2019\/07\/Xarrada_Mosquit_2-1536x1152.jpeg 1536w\" data-sizes=\"(max-width: 623px) 100vw, 623px\" src=\"data:image\/svg+xml;base64,PHN2ZyB3aWR0aD0iMSIgaGVpZ2h0PSIxIiB4bWxucz0iaHR0cDovL3d3dy53My5vcmcvMjAwMC9zdmciPjwvc3ZnPg==\" style=\"--smush-placeholder-width: 623px; --smush-placeholder-aspect-ratio: 623\/467;\" \/><\/a><\/p>\n","protected":false},"excerpt":{"rendered":"<p>Alzira, 12 de julio de 2019.- La mosca negra y el mosquito tigre han sido los protagonistas de la charla que ha organizado la concejal\u00eda de Sanidad en la Casa de la Cultura, la tarde de ayer jueves. Ante la situaci\u00f3n provocada por estos insectos y la demanda de la ciudadan\u00eda para conocer m\u00e1s de &hellip; <\/p>\n<p class=\"link-more\"><a href=\"https:\/\/alzira.es\/es\/charla-informativa-sobre-el-mosquito-tigre-i-la-mosca-negra-a-la-casa-de-la-cultura-d-alzira\/\" class=\"more-link\">Continuar leyendo<span class=\"screen-reader-text\"> \u00abCharla  informativa sobre el mosquito tigre i la mosca negra a la Casa de la Cultura d\u2019Alzira\u00bb<\/span><\/a><\/p>\n","protected":false},"author":29,"featured_media":42782,"comment_status":"","ping_status":"","sticky":false,"template":"","format":"standard","meta":{"_acf_changed":false,"footnotes":""},"categories":[4936],"tags":[],"class_list":["post-42787","post","type-post","status-publish","format-standard","has-post-thumbnail","hentry","category-hemeroteca-es"],"acf":[],"_links":{"self":[{"href":"https:\/\/alzira.es\/es\/wp-json\/wp\/v2\/posts\/42787","targetHints":{"allow":["GET"]}}],"collection":[{"href":"https:\/\/alzira.es\/es\/wp-json\/wp\/v2\/posts"}],"about":[{"href":"https:\/\/alzira.es\/es\/wp-json\/wp\/v2\/types\/post"}],"author":[{"embeddable":true,"href":"https:\/\/alzira.es\/es\/wp-json\/wp\/v2\/users\/29"}],"replies":[{"embeddable":true,"href":"https:\/\/alzira.es\/es\/wp-json\/wp\/v2\/comments?post=42787"}],"version-history":[{"count":0,"href":"https:\/\/alzira.es\/es\/wp-json\/wp\/v2\/posts\/42787\/revisions"}],"wp:featuredmedia":[{"embeddable":true,"href":"https:\/\/alzira.es\/es\/wp-json\/wp\/v2\/media\/42782"}],"wp:attachment":[{"href":"https:\/\/alzira.es\/es\/wp-json\/wp\/v2\/media?parent=42787"}],"wp:term":[{"taxonomy":"category","embeddable":true,"href":"https:\/\/alzira.es\/es\/wp-json\/wp\/v2\/categories?post=42787"},{"taxonomy":"post_tag","embeddable":true,"href":"https:\/\/alzira.es\/es\/wp-json\/wp\/v2\/tags?post=42787"}],"curies":[{"name":"wp","href":"https:\/\/api.w.org\/{rel}","templated":true}]}}