{"id":42676,"date":"2019-07-04T13:40:52","date_gmt":"2019-07-04T11:40:52","guid":{"rendered":"https:\/\/alzira.es\/cuentacuentos-y-talleres-para-ninas-y-ninos-de-4-a-8-anos\/"},"modified":"2021-09-01T21:52:33","modified_gmt":"2021-09-01T19:52:33","slug":"cuentacuentos-y-talleres-para-ninas-y-ninos-de-4-a-8-anos","status":"publish","type":"post","link":"https:\/\/alzira.es\/es\/cuentacuentos-y-talleres-para-ninas-y-ninos-de-4-a-8-anos\/","title":{"rendered":"Cuentacuentos y talleres para ni\u00f1as y ni\u00f1os de 4 a 8 a\u00f1os"},"content":{"rendered":"<p style=\"text-align: center;\"><a href=\"https:\/\/alzira.es\/wp-content\/uploads\/2019\/07\/cartellbibliotecaDEFCastellano.jpg\" target=\"_blank\" rel=\"noopener\"><img fetchpriority=\"high\" decoding=\"async\" class=\" size-full wp-image-42673\" title=\"Cuentacuentos y talleres\" src=\"https:\/\/alzira.es\/wp-content\/uploads\/2019\/07\/cartellbibliotecaDEFCastellano.jpg\" alt=\"cartellbibliotecaDEFCastellano\" width=\"600\" height=\"848\" \/><\/a><\/p>\n","protected":false},"excerpt":{"rendered":"","protected":false},"author":12,"featured_media":42673,"comment_status":"closed","ping_status":"","sticky":false,"template":"","format":"standard","meta":{"_acf_changed":false,"footnotes":""},"categories":[],"tags":[],"class_list":["post-42676","post","type-post","status-publish","format-standard","has-post-thumbnail","hentry"],"acf":[],"_links":{"self":[{"href":"https:\/\/alzira.es\/es\/wp-json\/wp\/v2\/posts\/42676","targetHints":{"allow":["GET"]}}],"collection":[{"href":"https:\/\/alzira.es\/es\/wp-json\/wp\/v2\/posts"}],"about":[{"href":"https:\/\/alzira.es\/es\/wp-json\/wp\/v2\/types\/post"}],"author":[{"embeddable":true,"href":"https:\/\/alzira.es\/es\/wp-json\/wp\/v2\/users\/12"}],"replies":[{"embeddable":true,"href":"https:\/\/alzira.es\/es\/wp-json\/wp\/v2\/comments?post=42676"}],"version-history":[{"count":1,"href":"https:\/\/alzira.es\/es\/wp-json\/wp\/v2\/posts\/42676\/revisions"}],"predecessor-version":[{"id":88158,"href":"https:\/\/alzira.es\/es\/wp-json\/wp\/v2\/posts\/42676\/revisions\/88158"}],"wp:featuredmedia":[{"embeddable":true,"href":"https:\/\/alzira.es\/es\/wp-json\/wp\/v2\/media\/42673"}],"wp:attachment":[{"href":"https:\/\/alzira.es\/es\/wp-json\/wp\/v2\/media?parent=42676"}],"wp:term":[{"taxonomy":"category","embeddable":true,"href":"https:\/\/alzira.es\/es\/wp-json\/wp\/v2\/categories?post=42676"},{"taxonomy":"post_tag","embeddable":true,"href":"https:\/\/alzira.es\/es\/wp-json\/wp\/v2\/tags?post=42676"}],"curies":[{"name":"wp","href":"https:\/\/api.w.org\/{rel}","templated":true}]}}