{"id":42495,"date":"2019-07-03T13:20:06","date_gmt":"2019-07-03T11:20:06","guid":{"rendered":"https:\/\/alzira.es\/se-incrementan-en-un-20-las-ayudas-economicas-a-los-clubes-deportivos-de-alzira\/"},"modified":"2021-09-07T16:15:05","modified_gmt":"2021-09-07T14:15:05","slug":"se-incrementan-en-un-20-las-ayudas-economicas-a-los-clubes-deportivos-de-alzira","status":"publish","type":"post","link":"https:\/\/alzira.es\/es\/se-incrementan-en-un-20-las-ayudas-economicas-a-los-clubes-deportivos-de-alzira\/","title":{"rendered":"Se incrementan en un 20% las ayudas econ\u00f3micas a los clubes deportivos de Alzira"},"content":{"rendered":"<p style=\"text-align: justify;\">Alzira, 3 de juliol de 2019.- El regidor d&#8217;Esports, Fernando Pascual, ha anunciat l&#8217;augment d&#8217;un 20% a les subvencions que l&#8217;Ajuntament atorga a les associacions i clubs esportius de la localitat. Un total de 95.000 euros que aniran destinats als clubs de modalitat A, un increment de 15.000 euros m\u00e9s que l&#8217;any anterior, com es va acordar en la passada legislatura.<\/p>\n<p style=\"text-align: justify;\">Un total de 33 clubs esportius es voran beneficiats d&#8217;estes ajudes als programes anuals de funcionament i manteniment, i repartides segons els criteris de baremaci\u00f3 establits. Es t\u00e9 en compte el nombre de llic\u00e8ncies federatives; els despla\u00e7aments, que varien segons siguen comarcals, provincials, auton\u00f2mics o nacionals; el nombre d&#8217;entrenadors; els arbitratges i les despeses federatives.<\/p>\n<p style=\"text-align: justify;\">El regidor Fernando Pascual ha manifestat que \u00abse seguir\u00e0 potenciant l&#8217;esport com fins ara, en la mateixa l\u00ednia que en l&#8217;anterior legislatura\u00bb. A m\u00e9s, ha afegit que \u00abescoltarem a tots els clubs per con\u00e9ixer les seues necessitats, i treballarem per donar soluci\u00f3 a eixes mancances, i una mostra d&#8217;a\u00e7\u00f2 \u00e9s el treball que s&#8217;ha realitzat per incrementar les subvencions a l&#8217;esport local i com repercutir\u00e0 positivament en la tasca di\u00e0ria dels clubs\u00bb.<\/p>\n<p style=\"text-align: center;\"><a class=\"jcepopup\" href=\"https:\/\/alzira.es\/wp-content\/uploads\/2019\/07\/Subvencions_Esports.jpeg\" target=\"_blank\" rel=\"noopener\"><img fetchpriority=\"high\" decoding=\"async\" class=\" size-full wp-image-42493\" src=\"https:\/\/alzira.es\/wp-content\/uploads\/2019\/07\/Subvencions_Esports.jpeg\" alt=\"Subvencions Esports\" width=\"800\" height=\"600\" srcset=\"https:\/\/alzira.es\/wp-content\/uploads\/2019\/07\/Subvencions_Esports.jpeg 2000w, https:\/\/alzira.es\/wp-content\/uploads\/2019\/07\/Subvencions_Esports-680x510.jpeg 680w, https:\/\/alzira.es\/wp-content\/uploads\/2019\/07\/Subvencions_Esports-1430x1072.jpeg 1430w, https:\/\/alzira.es\/wp-content\/uploads\/2019\/07\/Subvencions_Esports-768x576.jpeg 768w, https:\/\/alzira.es\/wp-content\/uploads\/2019\/07\/Subvencions_Esports-1536x1152.jpeg 1536w\" sizes=\"(max-width: 706px) 89vw, (max-width: 767px) 82vw, 740px\" \/><\/a><\/p>\n","protected":false},"excerpt":{"rendered":"<p>Alzira, 3 de juliol de 2019.- El regidor d&#8217;Esports, Fernando Pascual, ha anunciat l&#8217;augment d&#8217;un 20% a les subvencions que l&#8217;Ajuntament atorga a les associacions i clubs esportius de la localitat. Un total de 95.000 euros que aniran destinats als clubs de modalitat A, un increment de 15.000 euros m\u00e9s que l&#8217;any anterior, com es &hellip; <\/p>\n<p class=\"link-more\"><a href=\"https:\/\/alzira.es\/es\/se-incrementan-en-un-20-las-ayudas-economicas-a-los-clubes-deportivos-de-alzira\/\" class=\"more-link\">Continuar leyendo<span class=\"screen-reader-text\"> \u00abSe incrementan en un 20% las ayudas econ\u00f3micas a los clubes deportivos de Alzira\u00bb<\/span><\/a><\/p>\n","protected":false},"author":29,"featured_media":42493,"comment_status":"closed","ping_status":"closed","sticky":false,"template":"","format":"standard","meta":{"_acf_changed":false,"footnotes":""},"categories":[4936],"tags":[],"class_list":["post-42495","post","type-post","status-publish","format-standard","has-post-thumbnail","hentry","category-hemeroteca-es"],"acf":[],"_links":{"self":[{"href":"https:\/\/alzira.es\/es\/wp-json\/wp\/v2\/posts\/42495","targetHints":{"allow":["GET"]}}],"collection":[{"href":"https:\/\/alzira.es\/es\/wp-json\/wp\/v2\/posts"}],"about":[{"href":"https:\/\/alzira.es\/es\/wp-json\/wp\/v2\/types\/post"}],"author":[{"embeddable":true,"href":"https:\/\/alzira.es\/es\/wp-json\/wp\/v2\/users\/29"}],"replies":[{"embeddable":true,"href":"https:\/\/alzira.es\/es\/wp-json\/wp\/v2\/comments?post=42495"}],"version-history":[{"count":1,"href":"https:\/\/alzira.es\/es\/wp-json\/wp\/v2\/posts\/42495\/revisions"}],"predecessor-version":[{"id":89626,"href":"https:\/\/alzira.es\/es\/wp-json\/wp\/v2\/posts\/42495\/revisions\/89626"}],"wp:featuredmedia":[{"embeddable":true,"href":"https:\/\/alzira.es\/es\/wp-json\/wp\/v2\/media\/42493"}],"wp:attachment":[{"href":"https:\/\/alzira.es\/es\/wp-json\/wp\/v2\/media?parent=42495"}],"wp:term":[{"taxonomy":"category","embeddable":true,"href":"https:\/\/alzira.es\/es\/wp-json\/wp\/v2\/categories?post=42495"},{"taxonomy":"post_tag","embeddable":true,"href":"https:\/\/alzira.es\/es\/wp-json\/wp\/v2\/tags?post=42495"}],"curies":[{"name":"wp","href":"https:\/\/api.w.org\/{rel}","templated":true}]}}