{"id":42490,"date":"2019-07-02T16:19:02","date_gmt":"2019-07-02T14:19:02","guid":{"rendered":"https:\/\/alzira.es\/inicie-tractament-aeri-contra-la-mosca-negra\/"},"modified":"2019-07-02T16:19:02","modified_gmt":"2019-07-02T14:19:02","slug":"inicie-tractament-aeri-contra-la-mosca-negra","status":"publish","type":"post","link":"https:\/\/alzira.es\/es\/inicie-tractament-aeri-contra-la-mosca-negra\/","title":{"rendered":"INICI TRACTAMENT AERI CONTRA LA MOSCA NEGRA"},"content":{"rendered":"<p style=\"text-align: center;\"><img fetchpriority=\"high\" decoding=\"async\" width=\"217\" height=\"300\" class=\" size-full wp-image-42487\" src=\"https:\/\/alzira.es\/wp-content\/uploads\/2019\/07\/Recurso-6-217x300.png\" alt=\"Recurso-6-217x300\" \/><\/p>\n<p style=\"text-align: justify;\">Pel fet que s&#8217;ha detectat un increment de la quantitat de larves de simulidos (mosca negra) en el Riu X\u00faquer, a conseq\u00fc\u00e8ncia de les temperatures extraordin\u00e0ries per al mes de juliol, el Consorci de la Ribera ha disposat complementar els tractaments terrestres que es feien fins hui, amb tractaments aeris mitjan\u00e7ant helic\u00f2pter, per a tractar aquells aquells llocs on l&#8217;orografia, l&#8217;increment de cabal o la vegetaci\u00f3, impedeix accedir correctament de forma terrestre.<\/p>\n<p style=\"text-align: justify;\">El tractament s&#8217;executar\u00e0 el dimecres 8 de juny en diferents llocs del llit, des d&#8217;aquells pr\u00f2xims a la presa de Tous fins a la desembocadura de Cullera . El producte utilitzat \u00e9s d&#8217;origen biol\u00f2gic completament selectiu i nom\u00e9s afecta a les larves de mosquits i mosca negra esp\u00e8cies a combatre sent respectu\u00f3s amb la resta de fauna no objecte de control, estan previst que s&#8217;empren 5000 L de producte.<\/p>\n<p style=\"text-align: justify;\">Aquest vol compta amb l&#8217;autoritzaci\u00f3 de la Conselleria de Salut p\u00fablica i Salut universal. S&#8217;executar\u00e0 dins d&#8217;un contracte que consorcia a 46 municipis de la ribera que han aconseguit coordinar els seus esfor\u00e7os a trav\u00e9s de la mancomunitat tenint en compte que els adults de mosca negra s\u00f3n grans voladors que poden rec\u00f3rrer m\u00e9s de 20 km en un vol i les actuacions contra la plaga han de fer-se d&#8217;una manera global i coordinada.<\/p>\n<p style=\"text-align: justify;\">Independentment de l&#8217;actuaci\u00f3 de refor\u00e7 mitjan\u00e7ant l&#8217;\u00fas de l&#8217;helic\u00f2pter es continuar\u00e0 treballant per m\u00e8todes terrestres de forma continuada.<\/p>\n<p style=\"text-align: justify;\">El lloc de citaci\u00f3 als mitjans de comunicaci\u00f3 \u00e9s en l&#8217;heliport de la comunitat de regants de Sueca (veure ubicaci\u00f3 m\u00e9s a baix), el dimecres 3 de juliol, a les 11 hores.<\/p>\n<p>UBICACI\u00d3<span style=\"font-size: 14.4px;\">: <\/span><a style=\"font-size: 14.4px;\" href=\"https:\/\/goo.gl\/maps\/pjuZM2LrGYitwthu9\">https:\/\/goo.gl\/maps\/pjuZM2LrGYitwthu9<\/a><\/p>\n<p style=\"text-align: justify;\">&nbsp;<\/p>\n","protected":false},"excerpt":{"rendered":"<p>Pel fet que s&#8217;ha detectat un increment de la quantitat de larves de simulidos (mosca negra) en el Riu X\u00faquer, a conseq\u00fc\u00e8ncia de les temperatures extraordin\u00e0ries per al mes de juliol, el Consorci de la Ribera ha disposat complementar els tractaments terrestres que es feien fins hui, amb tractaments aeris mitjan\u00e7ant helic\u00f2pter, per a tractar &hellip; <\/p>\n<p class=\"link-more\"><a href=\"https:\/\/alzira.es\/es\/inicie-tractament-aeri-contra-la-mosca-negra\/\" class=\"more-link\">Continuar leyendo<span class=\"screen-reader-text\"> \u00abINICI TRACTAMENT AERI CONTRA LA MOSCA NEGRA\u00bb<\/span><\/a><\/p>\n","protected":false},"author":29,"featured_media":42487,"comment_status":"","ping_status":"","sticky":false,"template":"","format":"standard","meta":{"_acf_changed":false,"footnotes":""},"categories":[],"tags":[],"class_list":["post-42490","post","type-post","status-publish","format-standard","has-post-thumbnail","hentry"],"acf":[],"_links":{"self":[{"href":"https:\/\/alzira.es\/es\/wp-json\/wp\/v2\/posts\/42490","targetHints":{"allow":["GET"]}}],"collection":[{"href":"https:\/\/alzira.es\/es\/wp-json\/wp\/v2\/posts"}],"about":[{"href":"https:\/\/alzira.es\/es\/wp-json\/wp\/v2\/types\/post"}],"author":[{"embeddable":true,"href":"https:\/\/alzira.es\/es\/wp-json\/wp\/v2\/users\/29"}],"replies":[{"embeddable":true,"href":"https:\/\/alzira.es\/es\/wp-json\/wp\/v2\/comments?post=42490"}],"version-history":[{"count":0,"href":"https:\/\/alzira.es\/es\/wp-json\/wp\/v2\/posts\/42490\/revisions"}],"wp:featuredmedia":[{"embeddable":true,"href":"https:\/\/alzira.es\/es\/wp-json\/wp\/v2\/media\/42487"}],"wp:attachment":[{"href":"https:\/\/alzira.es\/es\/wp-json\/wp\/v2\/media?parent=42490"}],"wp:term":[{"taxonomy":"category","embeddable":true,"href":"https:\/\/alzira.es\/es\/wp-json\/wp\/v2\/categories?post=42490"},{"taxonomy":"post_tag","embeddable":true,"href":"https:\/\/alzira.es\/es\/wp-json\/wp\/v2\/tags?post=42490"}],"curies":[{"name":"wp","href":"https:\/\/api.w.org\/{rel}","templated":true}]}}