{"id":42489,"date":"2019-07-02T16:19:02","date_gmt":"2019-07-02T14:19:02","guid":{"rendered":"https:\/\/alzira.es\/inicio-tratamiento-aereo-contra-la-mosca-negra\/"},"modified":"2021-10-06T18:26:50","modified_gmt":"2021-10-06T16:26:50","slug":"inicio-tratamiento-aereo-contra-la-mosca-negra","status":"publish","type":"post","link":"https:\/\/alzira.es\/es\/inicio-tratamiento-aereo-contra-la-mosca-negra\/","title":{"rendered":"INICIO TRATAMIENTO A\u00c9REO CONTRA LA MOSCA NEGRA"},"content":{"rendered":"<p style=\"text-align: center;\"><img fetchpriority=\"high\" decoding=\"async\" width=\"217\" height=\"300\" class=\" size-full wp-image-42487\" src=\"https:\/\/alzira.es\/wp-content\/uploads\/2019\/07\/Recurso-6-217x300.png\" alt=\"Recurso-6-217x300\"><\/p>\n<p style=\"text-align: justify;\">Debido a que se ha detectado un incremento de la cantidad de larvas de simulidos (mosca negra) en el R\u00edo J\u00facar, a consecuencia de las temperaturas extraordinarias para el mes de julio, el Consorcio de la Ribera ha dispuesto complementar los tratamientos terrestres que se ven\u00edan haciendo hasta la fecha, con tratamientos a\u00e9reos mediante helic\u00f3ptero, para tratar aquellos aquellos lugares donde la orograf\u00eda, el incremento de caudal o la vegetaci\u00f3n, impide acceder correctamente de forma terrestre.<\/p>\n<p style=\"text-align: justify;\">El tratamiento se ejecutar\u00e1 el mi\u00e9rcoles 8 de junio en diferentes lugares del cauce, desde aquellos pr\u00f3ximos a la presa de Tous hasta la desembocadura de Cullera . El producto utilizado es de origen biol\u00f3gico completamente selectivo y solo afecta a las larvas de mosquitos y mosca negra especies a combatir siendo respetuoso con el resto de fauna no objeto de control, est\u00e1n previsto que se empleen 5000 L de producto.<\/p>\n<p style=\"text-align: justify;\">Este vuelo cuenta con la autorizaci\u00f3n de la Conselleria de Salut p\u00fablica i Salut universal. Se va a ejecutar dentro de un contrato que consorcia a 46 municipios de la ribera que han conseguido coordinar sus esfuerzos a trav\u00e9s de la mancomunidad teniendo en cuenta que los adultos de mosca negra son grandes voladores que pueden recorrer m\u00e1s de 20km en un vuelo y las actuaciones contra la plaga deben hacerse de una manera global y coordinada.<\/p>\n<p style=\"text-align: justify;\">Independientemente de la actuaci\u00f3n de refuerzo mediante el uso del helic\u00f3ptero se continuar\u00e1 trabajando por m\u00e9todos terrestres de forma continuada.<\/p>\n<p style=\"text-align: justify;\">El lugar de citaci\u00f3n a los medios de comunicaci\u00f3n es en el helipuerto de la comunidad de regantes de Sueca (ver ubicaci\u00f3n m\u00e1s abajo), el mi\u00e9rcoles 3 de julio, a las 11 horas.<\/p>\n<p style=\"text-align: justify;\">UBICACI\u00d3N: <a href=\"https:\/\/goo.gl\/maps\/pjuZM2LrGYitwthu9\">https:\/\/goo.gl\/maps\/pjuZM2LrGYitwthu9<\/a><\/p>\n<p style=\"text-align: justify;\">&nbsp;<\/p>\n","protected":false},"excerpt":{"rendered":"<p>Debido a que se ha detectado un incremento de la cantidad de larvas de simulidos (mosca negra) en el R\u00edo J\u00facar, a consecuencia de las temperaturas extraordinarias para el mes de julio, el Consorcio de la Ribera ha dispuesto complementar los tratamientos terrestres que se ven\u00edan haciendo hasta la fecha, con tratamientos a\u00e9reos mediante helic\u00f3ptero, &hellip; <\/p>\n<p class=\"link-more\"><a href=\"https:\/\/alzira.es\/es\/inicio-tratamiento-aereo-contra-la-mosca-negra\/\" class=\"more-link\">Continuar leyendo<span class=\"screen-reader-text\"> \u00abINICIO TRATAMIENTO A\u00c9REO CONTRA LA MOSCA NEGRA\u00bb<\/span><\/a><\/p>\n","protected":false},"author":29,"featured_media":42487,"comment_status":"closed","ping_status":"closed","sticky":false,"template":"","format":"standard","meta":{"_acf_changed":false,"footnotes":""},"categories":[4936],"tags":[],"class_list":["post-42489","post","type-post","status-publish","format-standard","has-post-thumbnail","hentry","category-hemeroteca-es"],"acf":[],"_links":{"self":[{"href":"https:\/\/alzira.es\/es\/wp-json\/wp\/v2\/posts\/42489","targetHints":{"allow":["GET"]}}],"collection":[{"href":"https:\/\/alzira.es\/es\/wp-json\/wp\/v2\/posts"}],"about":[{"href":"https:\/\/alzira.es\/es\/wp-json\/wp\/v2\/types\/post"}],"author":[{"embeddable":true,"href":"https:\/\/alzira.es\/es\/wp-json\/wp\/v2\/users\/29"}],"replies":[{"embeddable":true,"href":"https:\/\/alzira.es\/es\/wp-json\/wp\/v2\/comments?post=42489"}],"version-history":[{"count":1,"href":"https:\/\/alzira.es\/es\/wp-json\/wp\/v2\/posts\/42489\/revisions"}],"predecessor-version":[{"id":101061,"href":"https:\/\/alzira.es\/es\/wp-json\/wp\/v2\/posts\/42489\/revisions\/101061"}],"wp:featuredmedia":[{"embeddable":true,"href":"https:\/\/alzira.es\/es\/wp-json\/wp\/v2\/media\/42487"}],"wp:attachment":[{"href":"https:\/\/alzira.es\/es\/wp-json\/wp\/v2\/media?parent=42489"}],"wp:term":[{"taxonomy":"category","embeddable":true,"href":"https:\/\/alzira.es\/es\/wp-json\/wp\/v2\/categories?post=42489"},{"taxonomy":"post_tag","embeddable":true,"href":"https:\/\/alzira.es\/es\/wp-json\/wp\/v2\/tags?post=42489"}],"curies":[{"name":"wp","href":"https:\/\/api.w.org\/{rel}","templated":true}]}}