{"id":42472,"date":"2019-07-01T12:30:00","date_gmt":"2019-07-01T10:30:00","guid":{"rendered":"https:\/\/alzira.es\/hoy-se-incorporan-en-el-ayuntamiento-85-personas-provenientes-de-dos-nuevos-programas\/"},"modified":"2019-07-01T12:30:00","modified_gmt":"2019-07-01T10:30:00","slug":"hoy-se-incorporan-en-el-ayuntamiento-85-personas-provenientes-de-dos-nuevos-programas","status":"publish","type":"post","link":"https:\/\/alzira.es\/es\/hoy-se-incorporan-en-el-ayuntamiento-85-personas-provenientes-de-dos-nuevos-programas\/","title":{"rendered":"Hoy se incorporan en el Ayuntamiento 85 personas provenientes de dos nuevos programas"},"content":{"rendered":"<p style=\"text-align: justify;\"><span style=\"font-size: 14.4px;\">Alzira, 1 de juliol de 2019.- Este mat\u00ed l&#8217;alcalde d&#8217;Alzira, Diego G\u00f3mez, i els representants dels distints departaments de l&#8217;Ajuntament han rebut els 35 becaris i bec\u00e0ries seleccionats dins del programa \u00abLa Dipu et beca 2019\u00bb.<\/span><\/p>\n<p style=\"margin-left: 30px; color: #666666; font-size: 14.4px; text-align: justify;\"><em>\u2022 35 becaris de la \u00abLa Dipu et beca 2019\u00bb<\/em><br \/><em>\u2022 50 operaris agr\u00edcoles del Servei P\u00fablic d&#8217;Ocupaci\u00f3 Estatal<\/em><\/p>\n<div><span style=\"text-align: justify; font-size: 14.4px;\">Estes beques permeten que els estudiants universitaris o de Formaci\u00f3 Professional, majors de 18 anys, realitzen pr\u00e0ctiques formatives en els distints departaments municipals. La durada de les beques \u00e9s de 2 mesos (juliol i agost) i la seua dedicaci\u00f3 \u00e9s de 20 hores setmanals en horari de 9 a 13 hores.<\/span><\/div>\n<p style=\"text-align: justify;\">L&#8217;alcalde ha donat la benvinguda als assistents i ha destacat que \u00abestes beques s\u00f3n molt importants ja que els permeten posar en pr\u00e0ctica el que estan estudiant i encaminar-se a la seua vida professional\u00bb.<br \/>D&#8217;altra banda, tamb\u00e9 este mateix mat\u00ed, l&#8217;alcalde d&#8217;Alzira i el regidor de Medi Ambient, Agricultura i Transici\u00f3 Ecol\u00f2gica, Pep Carreres, han rebut els beneficiaris de la subvenci\u00f3 del Servei P\u00fablic d&#8217;Ocupaci\u00f3 Estatal (SEPE) per a la contractaci\u00f3 de 50 treballadors desocupats per a la realitzaci\u00f3 d&#8217;obres i serveis d&#8217;inter\u00e9s general i social.<\/p>\n<p style=\"text-align: justify;\">Es tracta d&#8217;un programa per a pal\u00b7liar la desocupaci\u00f3 agr\u00edcola eventual mitjan\u00e7ant projectes que garantisquen als treballadors agr\u00edcoles un complement de rendes.<\/p>\n<p style=\"text-align: justify;\">\u00abAmb la participaci\u00f3 en este programa es vol consolidar l&#8217;activitat del Sector Primari, ja que existix un elevat nombre de treballadors desocupats i, al mateix temps, desenvolupar actuacions que impliquen una millora de la qualitat de vida d&#8217;Alzira, tant per elles mateixes, com pel complement de les rendes del personal a contractar\u00bb, assegura el regidor, Pep Carreres.<\/p>\n<p style=\"text-align: justify;\">El SEPE ha atorgat una quantia total de 209.813 \u20ac a l&#8217;Ajuntament d&#8217;Alzira per a la contractaci\u00f3 al llarg de tres mesos de 41 peons agr\u00edcoles, 8 capatassos i 1 encarregat que cobraran un salari segons el conveni col\u00b7lectiu vigent.<\/p>\n<p style=\"text-align: justify;\">Els treballadors portaran a terme actuacions relacionades amb el desenvolupament del medi rural, la conservaci\u00f3 i desenvolupament del patrimoni forestal i el medi ambient, la creaci\u00f3 i millora d&#8217;infraestructures, amb vista a procurar una millora de la qualitat de vida en l&#8217;entorn en qu\u00e8 es realitzen.<\/p>\n<p style=\"text-align: center;\"><a class=\"jcepopup\" href=\"https:\/\/alzira.es\/wp-content\/uploads\/2019\/07\/la_dipu_et_beca.jpg\" target=\"_blank\" rel=\"noopener\"><img fetchpriority=\"high\" decoding=\"async\" class=\" size-full wp-image-42468\" src=\"https:\/\/alzira.es\/wp-content\/uploads\/2019\/07\/la_dipu_et_beca.jpg\" alt=\"la dipu et beca\" width=\"1000\" height=\"431\" srcset=\"https:\/\/alzira.es\/wp-content\/uploads\/2019\/07\/la_dipu_et_beca.jpg 2250w, https:\/\/alzira.es\/wp-content\/uploads\/2019\/07\/la_dipu_et_beca-680x293.jpg 680w, https:\/\/alzira.es\/wp-content\/uploads\/2019\/07\/la_dipu_et_beca-1430x616.jpg 1430w, https:\/\/alzira.es\/wp-content\/uploads\/2019\/07\/la_dipu_et_beca-768x331.jpg 768w, https:\/\/alzira.es\/wp-content\/uploads\/2019\/07\/la_dipu_et_beca-1536x662.jpg 1536w, https:\/\/alzira.es\/wp-content\/uploads\/2019\/07\/la_dipu_et_beca-2048x882.jpg 2048w\" sizes=\"(max-width: 706px) 89vw, (max-width: 767px) 82vw, 740px\" \/><\/a><\/p>\n<p style=\"text-align: center;\"><a class=\"jcepopup\" href=\"https:\/\/alzira.es\/wp-content\/uploads\/2019\/07\/treball_agricola.jpg\" target=\"_blank\" rel=\"noopener\"><img decoding=\"async\" class=\"size-full wp-image-42470 lazyload\" data-src=\"https:\/\/alzira.es\/wp-content\/uploads\/2019\/07\/treball_agricola.jpg\" alt=\"treball agr\u00edcola\" width=\"1000\" height=\"667\" data-srcset=\"https:\/\/alzira.es\/wp-content\/uploads\/2019\/07\/treball_agricola.jpg 2048w, https:\/\/alzira.es\/wp-content\/uploads\/2019\/07\/treball_agricola-680x453.jpg 680w, https:\/\/alzira.es\/wp-content\/uploads\/2019\/07\/treball_agricola-1430x953.jpg 1430w, https:\/\/alzira.es\/wp-content\/uploads\/2019\/07\/treball_agricola-768x512.jpg 768w, https:\/\/alzira.es\/wp-content\/uploads\/2019\/07\/treball_agricola-1536x1024.jpg 1536w\" data-sizes=\"(max-width: 706px) 89vw, (max-width: 767px) 82vw, 740px\" src=\"data:image\/svg+xml;base64,PHN2ZyB3aWR0aD0iMSIgaGVpZ2h0PSIxIiB4bWxucz0iaHR0cDovL3d3dy53My5vcmcvMjAwMC9zdmciPjwvc3ZnPg==\" style=\"--smush-placeholder-width: 1000px; --smush-placeholder-aspect-ratio: 1000\/667;\" \/><\/a><\/p>\n","protected":false},"excerpt":{"rendered":"<p>Alzira, 1 de juliol de 2019.- Este mat\u00ed l&#8217;alcalde d&#8217;Alzira, Diego G\u00f3mez, i els representants dels distints departaments de l&#8217;Ajuntament han rebut els 35 becaris i bec\u00e0ries seleccionats dins del programa \u00abLa Dipu et beca 2019\u00bb. \u2022 35 becaris de la \u00abLa Dipu et beca 2019\u00bb\u2022 50 operaris agr\u00edcoles del Servei P\u00fablic d&#8217;Ocupaci\u00f3 Estatal Estes &hellip; <\/p>\n<p class=\"link-more\"><a href=\"https:\/\/alzira.es\/es\/hoy-se-incorporan-en-el-ayuntamiento-85-personas-provenientes-de-dos-nuevos-programas\/\" class=\"more-link\">Continuar leyendo<span class=\"screen-reader-text\"> \u00abHoy se incorporan en el Ayuntamiento 85 personas provenientes de dos nuevos programas\u00bb<\/span><\/a><\/p>\n","protected":false},"author":29,"featured_media":42468,"comment_status":"","ping_status":"","sticky":false,"template":"","format":"standard","meta":{"_acf_changed":false,"footnotes":""},"categories":[4936],"tags":[],"class_list":["post-42472","post","type-post","status-publish","format-standard","has-post-thumbnail","hentry","category-hemeroteca-es"],"acf":[],"_links":{"self":[{"href":"https:\/\/alzira.es\/es\/wp-json\/wp\/v2\/posts\/42472","targetHints":{"allow":["GET"]}}],"collection":[{"href":"https:\/\/alzira.es\/es\/wp-json\/wp\/v2\/posts"}],"about":[{"href":"https:\/\/alzira.es\/es\/wp-json\/wp\/v2\/types\/post"}],"author":[{"embeddable":true,"href":"https:\/\/alzira.es\/es\/wp-json\/wp\/v2\/users\/29"}],"replies":[{"embeddable":true,"href":"https:\/\/alzira.es\/es\/wp-json\/wp\/v2\/comments?post=42472"}],"version-history":[{"count":0,"href":"https:\/\/alzira.es\/es\/wp-json\/wp\/v2\/posts\/42472\/revisions"}],"wp:featuredmedia":[{"embeddable":true,"href":"https:\/\/alzira.es\/es\/wp-json\/wp\/v2\/media\/42468"}],"wp:attachment":[{"href":"https:\/\/alzira.es\/es\/wp-json\/wp\/v2\/media?parent=42472"}],"wp:term":[{"taxonomy":"category","embeddable":true,"href":"https:\/\/alzira.es\/es\/wp-json\/wp\/v2\/categories?post=42472"},{"taxonomy":"post_tag","embeddable":true,"href":"https:\/\/alzira.es\/es\/wp-json\/wp\/v2\/tags?post=42472"}],"curies":[{"name":"wp","href":"https:\/\/api.w.org\/{rel}","templated":true}]}}