{"id":42467,"date":"2019-06-28T16:30:06","date_gmt":"2019-06-28T14:30:06","guid":{"rendered":"https:\/\/alzira.es\/l-ajuntament-d-alzira-present-a-l-acte-de-final-de-temporada-de-la-ud-alzira\/"},"modified":"2019-06-28T16:30:06","modified_gmt":"2019-06-28T14:30:06","slug":"l-ajuntament-d-alzira-present-a-l-acte-de-final-de-temporada-de-la-ud-alzira","status":"publish","type":"post","link":"https:\/\/alzira.es\/es\/l-ajuntament-d-alzira-present-a-l-acte-de-final-de-temporada-de-la-ud-alzira\/","title":{"rendered":"L\u2019Ajuntament d\u2019Alzira, present a l\u2019acte de final de temporada de la UD Alzira"},"content":{"rendered":"<p style=\"text-align: justify;\"><strong>Alzira, 28 de juny de 2019.-<\/strong> El regidor d&#8217;Esports, Fernando Pascual, ha fet entrega de medalles i trofeus a l&#8217;acte de final de temporada de l&#8217;escola de la Uni\u00f3 Esportiva Alzira (UD). Els xiquets i xiquetes tant de futbol huit com de futbol onze han finalitzat el curs, en qu\u00e8 molts d&#8217;ells i elles han rebut alguna condecoraci\u00f3 per la seua implicaci\u00f3 en el club.<\/p>\n<p style=\"text-align: justify;\">L&#8217;acte, que va tindre lloc a l&#8217;estadi Llu\u00eds Su\u00f1er, va reunir les categories de querubins fins a alevins, els quals, tant xiquetes com xiquets, van rebre una medalla. A m\u00e9s, aquells equips guanyadors de la seua lliga han rebut reconeixement.<\/p>\n<p style=\"text-align: justify;\">Per altra banda, els equips de les categories infantil a juvenil tamb\u00e9 van ser guardonats pel seu benfer. Es va recon\u00e9ixer el jugador o jugadora m\u00e9s regular de cada equip, aix\u00ed com el m\u00e0xim golejador o m\u00e0xima golejadora del seu conjunt.<\/p>\n<p style=\"text-align: justify;\">El regidor d&#8217;Esports, Fernando Pascual, ha destacat la bona tasca d&#8217;estes escoles esportives: \u00ab\u00c9s molt important cuidar i motivar els m\u00e9s menuts en l&#8217;\u00e0mbit esportiu, des de la Uni\u00f3 Esportiva Alzira feu un gran treball amb les xiquetes i xiquets que juguen a futbol. Des de l&#8217;Ajuntament i la Regidoria d&#8217;Esports sempre tindreu el nostre suport\u00bb. Tamb\u00e9 s&#8217;ha dirigit als joves esportistes: \u00abSeguiu com fins ara, esfor\u00e7ant-vos, entrenant-vos, jugant a futbol. Sou el futur d&#8217;un gran club, enhorabona per esta temporada que hui acaba\u00bb.<\/p>\n<p style=\"text-align: justify;\">Al voltant de 500 xiquetes, xiquets i joves, junt amb les seues fam\u00edlies, van participar d&#8217;un acte en qu\u00e8 es va posar en valor la import\u00e0ncia de practicar esport en la infantesa.<\/p>\n<p style=\"text-align: justify;\">&nbsp;<\/p>\n<p style=\"text-align: center;\"><a href=\"https:\/\/alzira.es\/wp-content\/uploads\/2019\/06\/Final_temporada_UD_1.jpeg\" target=\"_blank\" rel=\"noopener\"><img fetchpriority=\"high\" decoding=\"async\" class=\" size-full wp-image-42462\" title=\"L\u2019Ajuntament d\u2019Alzira, present a l\u2019acte de final de temporada de la UD Alzira\" src=\"https:\/\/alzira.es\/wp-content\/uploads\/2019\/06\/Final_temporada_UD_1.jpeg\" alt=\"Final temporada UD 1\" width=\"400\" height=\"267\" srcset=\"https:\/\/alzira.es\/wp-content\/uploads\/2019\/06\/Final_temporada_UD_1.jpeg 1600w, https:\/\/alzira.es\/wp-content\/uploads\/2019\/06\/Final_temporada_UD_1-680x454.jpeg 680w, https:\/\/alzira.es\/wp-content\/uploads\/2019\/06\/Final_temporada_UD_1-1430x955.jpeg 1430w, https:\/\/alzira.es\/wp-content\/uploads\/2019\/06\/Final_temporada_UD_1-768x513.jpeg 768w, https:\/\/alzira.es\/wp-content\/uploads\/2019\/06\/Final_temporada_UD_1-1536x1025.jpeg 1536w\" sizes=\"(max-width: 400px) 100vw, 400px\" \/><\/a>&nbsp;<a href=\"https:\/\/alzira.es\/wp-content\/uploads\/2019\/06\/Final_temporada_UD_2.jpeg\" target=\"_blank\" rel=\"noopener\"><img decoding=\"async\" class=\"size-full wp-image-42464 lazyload\" title=\"L\u2019Ajuntament d\u2019Alzira, present a l\u2019acte de final de temporada de la UD Alzira\" data-src=\"https:\/\/alzira.es\/wp-content\/uploads\/2019\/06\/Final_temporada_UD_2.jpeg\" alt=\"Final temporada UD 2\" width=\"475\" height=\"267\" data-srcset=\"https:\/\/alzira.es\/wp-content\/uploads\/2019\/06\/Final_temporada_UD_2.jpeg 1600w, https:\/\/alzira.es\/wp-content\/uploads\/2019\/06\/Final_temporada_UD_2-680x383.jpeg 680w, https:\/\/alzira.es\/wp-content\/uploads\/2019\/06\/Final_temporada_UD_2-1430x804.jpeg 1430w, https:\/\/alzira.es\/wp-content\/uploads\/2019\/06\/Final_temporada_UD_2-768x432.jpeg 768w, https:\/\/alzira.es\/wp-content\/uploads\/2019\/06\/Final_temporada_UD_2-1536x864.jpeg 1536w\" data-sizes=\"(max-width: 475px) 100vw, 475px\" src=\"data:image\/svg+xml;base64,PHN2ZyB3aWR0aD0iMSIgaGVpZ2h0PSIxIiB4bWxucz0iaHR0cDovL3d3dy53My5vcmcvMjAwMC9zdmciPjwvc3ZnPg==\" style=\"--smush-placeholder-width: 475px; --smush-placeholder-aspect-ratio: 475\/267;\" \/><\/a><\/p>\n","protected":false},"excerpt":{"rendered":"<p>Alzira, 28 de juny de 2019.- El regidor d&#8217;Esports, Fernando Pascual, ha fet entrega de medalles i trofeus a l&#8217;acte de final de temporada de l&#8217;escola de la Uni\u00f3 Esportiva Alzira (UD). Els xiquets i xiquetes tant de futbol huit com de futbol onze han finalitzat el curs, en qu\u00e8 molts d&#8217;ells i elles han &hellip; <\/p>\n<p class=\"link-more\"><a href=\"https:\/\/alzira.es\/es\/l-ajuntament-d-alzira-present-a-l-acte-de-final-de-temporada-de-la-ud-alzira\/\" class=\"more-link\">Continuar leyendo<span class=\"screen-reader-text\"> \u00abL\u2019Ajuntament d\u2019Alzira, present a l\u2019acte de final de temporada de la UD Alzira\u00bb<\/span><\/a><\/p>\n","protected":false},"author":12,"featured_media":42462,"comment_status":"","ping_status":"","sticky":false,"template":"","format":"standard","meta":{"_acf_changed":false,"footnotes":""},"categories":[],"tags":[],"class_list":["post-42467","post","type-post","status-publish","format-standard","has-post-thumbnail","hentry"],"acf":[],"_links":{"self":[{"href":"https:\/\/alzira.es\/es\/wp-json\/wp\/v2\/posts\/42467","targetHints":{"allow":["GET"]}}],"collection":[{"href":"https:\/\/alzira.es\/es\/wp-json\/wp\/v2\/posts"}],"about":[{"href":"https:\/\/alzira.es\/es\/wp-json\/wp\/v2\/types\/post"}],"author":[{"embeddable":true,"href":"https:\/\/alzira.es\/es\/wp-json\/wp\/v2\/users\/12"}],"replies":[{"embeddable":true,"href":"https:\/\/alzira.es\/es\/wp-json\/wp\/v2\/comments?post=42467"}],"version-history":[{"count":0,"href":"https:\/\/alzira.es\/es\/wp-json\/wp\/v2\/posts\/42467\/revisions"}],"wp:featuredmedia":[{"embeddable":true,"href":"https:\/\/alzira.es\/es\/wp-json\/wp\/v2\/media\/42462"}],"wp:attachment":[{"href":"https:\/\/alzira.es\/es\/wp-json\/wp\/v2\/media?parent=42467"}],"wp:term":[{"taxonomy":"category","embeddable":true,"href":"https:\/\/alzira.es\/es\/wp-json\/wp\/v2\/categories?post=42467"},{"taxonomy":"post_tag","embeddable":true,"href":"https:\/\/alzira.es\/es\/wp-json\/wp\/v2\/tags?post=42467"}],"curies":[{"name":"wp","href":"https:\/\/api.w.org\/{rel}","templated":true}]}}