{"id":42345,"date":"2019-06-27T16:05:00","date_gmt":"2019-06-27T14:05:00","guid":{"rendered":"https:\/\/alzira.es\/el-consorcio-de-la-ribera-intensifica-la-campana-contra-el-mosquito-tigre-y-la-mosca-negra\/"},"modified":"2019-06-27T16:05:00","modified_gmt":"2019-06-27T14:05:00","slug":"el-consorcio-de-la-ribera-intensifica-la-campana-contra-el-mosquito-tigre-y-la-mosca-negra","status":"publish","type":"post","link":"https:\/\/alzira.es\/es\/el-consorcio-de-la-ribera-intensifica-la-campana-contra-el-mosquito-tigre-y-la-mosca-negra\/","title":{"rendered":"El Consorcio de la Ribera intensifica la campa\u00f1a contra el mosquito tigre y la mosca negra"},"content":{"rendered":"<p style=\"text-align: justify;\"><strong>Jueves, 27 de junio de 2019.-<\/strong> Ante la proliferaci\u00f3n del mosquito tigre y la mosca negra que se ha detectado en varias zonas de la comarca del Consorcio de la Ribera se ha decidido realizar para los pr\u00f3ximos d\u00edas un incremento extraordinario de las actuaciones previstas en la campa\u00f1a de lucha contra estos vectores por parte de la empresa contratista.<\/p>\n<p style=\"text-align: justify;\">Estas actuaciones extraordinarias consistir\u00e1n en dos tratamientos adicionales integrales en todos los municipios, de tipo adulticida, complementarios al tratamiento larvicida habitual, y requieren una dotaci\u00f3n suplementaria de recursos materiales y humanos destinados a la lucha contra estos insectos. Adem\u00e1s, estas acciones extraordinarias se reforzar\u00e1n con un tratamiento a\u00e9reo.<\/p>\n<p style=\"text-align: justify;\">\u00abDesde el Consorcio de la Ribera seguimos trabajando para poder controlar estos vectores, pero es necesaria la implicaci\u00f3n de todos\u00bb ha se\u00f1alado el presidente de la Mancomunidad de la Ribera Alta, Txema Pel\u00e1ez. \u00abEs necesaria la implicaci\u00f3n tanto de la Consejell\u00eda como de la Diputaci\u00f3n, as\u00ed como de la Confederaci\u00f3n Hidrogr\u00e1fica del J\u00facar para poder controlar esta plaga. Y tambi\u00e9n es necesaria la colaboraci\u00f3n de la ciudadan\u00eda, ya que estos vectores se reproducen en peque\u00f1os c\u00famulos de agua que podemos tener en nuestras casas y donde no podemos actuar desde la administraci\u00f3n\u00bb ha declarado el presidente de la Mancomunidad.<\/p>\n<p style=\"text-align: center;\"><a href=\"https:\/\/alzira.es\/wp-content\/uploads\/2019\/06\/DSC_0131.jpg\" target=\"_blank\" rel=\"noopener\"><img fetchpriority=\"high\" decoding=\"async\" class=\" size-full wp-image-42337\" title=\"El Consorcio de la Ribera intensifica la campa\u00f1a contra el mosquito tigre y la mosca negra\" src=\"https:\/\/alzira.es\/wp-content\/uploads\/2019\/06\/DSC_0131.jpg\" alt=\"DSC 0131\" width=\"400\" height=\"266\" \/><\/a>&nbsp;<a href=\"https:\/\/alzira.es\/wp-content\/uploads\/2019\/06\/DSC_0123.jpg\" target=\"_blank\" rel=\"noopener\"><img decoding=\"async\" class=\"size-full wp-image-42339 lazyload\" title=\"El Consorcio de la Ribera intensifica la campa\u00f1a contra el mosquito tigre y la mosca negra\" data-src=\"https:\/\/alzira.es\/wp-content\/uploads\/2019\/06\/DSC_0123.jpg\" alt=\"DSC 0123\" width=\"387\" height=\"266\" data-srcset=\"https:\/\/alzira.es\/wp-content\/uploads\/2019\/06\/DSC_0123.jpg 1200w, https:\/\/alzira.es\/wp-content\/uploads\/2019\/06\/DSC_0123-680x468.jpg 680w, https:\/\/alzira.es\/wp-content\/uploads\/2019\/06\/DSC_0123-768x528.jpg 768w\" data-sizes=\"(max-width: 387px) 100vw, 387px\" src=\"data:image\/svg+xml;base64,PHN2ZyB3aWR0aD0iMSIgaGVpZ2h0PSIxIiB4bWxucz0iaHR0cDovL3d3dy53My5vcmcvMjAwMC9zdmciPjwvc3ZnPg==\" style=\"--smush-placeholder-width: 387px; --smush-placeholder-aspect-ratio: 387\/266;\" \/><\/a>&nbsp;<\/p>\n<p style=\"text-align: center;\"><a href=\"https:\/\/alzira.es\/wp-content\/uploads\/2019\/06\/DSC_0102.jpg\" target=\"_blank\" rel=\"noopener\"><img decoding=\"async\" class=\"size-full wp-image-42341 lazyload\" title=\"El Consorcio de la Ribera intensifica la campa\u00f1a contra el mosquito tigre y la mosca negra\" data-src=\"https:\/\/alzira.es\/wp-content\/uploads\/2019\/06\/DSC_0102.jpg\" alt=\"DSC 0102\" width=\"400\" height=\"266\" src=\"data:image\/svg+xml;base64,PHN2ZyB3aWR0aD0iMSIgaGVpZ2h0PSIxIiB4bWxucz0iaHR0cDovL3d3dy53My5vcmcvMjAwMC9zdmciPjwvc3ZnPg==\" style=\"--smush-placeholder-width: 400px; --smush-placeholder-aspect-ratio: 400\/266;\" \/><\/a>&nbsp;<a href=\"https:\/\/alzira.es\/wp-content\/uploads\/2019\/06\/DSC_0067.jpg\" target=\"_blank\" rel=\"noopener\"><img decoding=\"async\" class=\"size-full wp-image-42343 lazyload\" title=\"El Consorcio de la Ribera intensifica la campa\u00f1a contra el mosquito tigre y la mosca negra\" data-src=\"https:\/\/alzira.es\/wp-content\/uploads\/2019\/06\/DSC_0067.jpg\" alt=\"DSC 0067\" width=\"411\" height=\"266\" src=\"data:image\/svg+xml;base64,PHN2ZyB3aWR0aD0iMSIgaGVpZ2h0PSIxIiB4bWxucz0iaHR0cDovL3d3dy53My5vcmcvMjAwMC9zdmciPjwvc3ZnPg==\" style=\"--smush-placeholder-width: 411px; --smush-placeholder-aspect-ratio: 411\/266;\" \/><\/a><\/p>\n","protected":false},"excerpt":{"rendered":"<p>Jueves, 27 de junio de 2019.- Ante la proliferaci\u00f3n del mosquito tigre y la mosca negra que se ha detectado en varias zonas de la comarca del Consorcio de la Ribera se ha decidido realizar para los pr\u00f3ximos d\u00edas un incremento extraordinario de las actuaciones previstas en la campa\u00f1a de lucha contra estos vectores por &hellip; <\/p>\n<p class=\"link-more\"><a href=\"https:\/\/alzira.es\/es\/el-consorcio-de-la-ribera-intensifica-la-campana-contra-el-mosquito-tigre-y-la-mosca-negra\/\" class=\"more-link\">Continuar leyendo<span class=\"screen-reader-text\"> \u00abEl Consorcio de la Ribera intensifica la campa\u00f1a contra el mosquito tigre y la mosca negra\u00bb<\/span><\/a><\/p>\n","protected":false},"author":12,"featured_media":42337,"comment_status":"","ping_status":"","sticky":false,"template":"","format":"standard","meta":{"_acf_changed":false,"footnotes":""},"categories":[4936],"tags":[],"class_list":["post-42345","post","type-post","status-publish","format-standard","has-post-thumbnail","hentry","category-hemeroteca-es"],"acf":[],"_links":{"self":[{"href":"https:\/\/alzira.es\/es\/wp-json\/wp\/v2\/posts\/42345","targetHints":{"allow":["GET"]}}],"collection":[{"href":"https:\/\/alzira.es\/es\/wp-json\/wp\/v2\/posts"}],"about":[{"href":"https:\/\/alzira.es\/es\/wp-json\/wp\/v2\/types\/post"}],"author":[{"embeddable":true,"href":"https:\/\/alzira.es\/es\/wp-json\/wp\/v2\/users\/12"}],"replies":[{"embeddable":true,"href":"https:\/\/alzira.es\/es\/wp-json\/wp\/v2\/comments?post=42345"}],"version-history":[{"count":0,"href":"https:\/\/alzira.es\/es\/wp-json\/wp\/v2\/posts\/42345\/revisions"}],"wp:featuredmedia":[{"embeddable":true,"href":"https:\/\/alzira.es\/es\/wp-json\/wp\/v2\/media\/42337"}],"wp:attachment":[{"href":"https:\/\/alzira.es\/es\/wp-json\/wp\/v2\/media?parent=42345"}],"wp:term":[{"taxonomy":"category","embeddable":true,"href":"https:\/\/alzira.es\/es\/wp-json\/wp\/v2\/categories?post=42345"},{"taxonomy":"post_tag","embeddable":true,"href":"https:\/\/alzira.es\/es\/wp-json\/wp\/v2\/tags?post=42345"}],"curies":[{"name":"wp","href":"https:\/\/api.w.org\/{rel}","templated":true}]}}