{"id":42301,"date":"2019-06-26T13:38:11","date_gmt":"2019-06-26T11:38:11","guid":{"rendered":"https:\/\/alzira.es\/inici-del-curs-fent-front-a-la-violencia-de-genere-organitzat-per-la-regidoria-d-igualtat\/"},"modified":"2019-06-26T13:38:11","modified_gmt":"2019-06-26T11:38:11","slug":"inici-del-curs-fent-front-a-la-violencia-de-genere-organitzat-per-la-regidoria-d-igualtat","status":"publish","type":"post","link":"https:\/\/alzira.es\/es\/inici-del-curs-fent-front-a-la-violencia-de-genere-organitzat-per-la-regidoria-d-igualtat\/","title":{"rendered":"Inici del curs Fent Front a la Viol\u00e8ncia de g\u00e8nere organitzat per la Regidoria d&#8217;Igualtat"},"content":{"rendered":"<p style=\"text-align: justify;\">Comen\u00e7a el curs de la Regidoria d&#8217;Igualtat, <em>Fent front a la viol\u00e8ncia de g\u00e8nere<\/em>, amb la intervenci\u00f3n de l&#8217;alcalde d&#8217;Alzira, Diego G\u00f3mez i del subdelegado de govern Jos\u00e9 Roberto Gonz\u00e1lez Cachorro.<\/p>\n<p style=\"text-align: justify;\">La primera conferencia va estar a c\u00e0rrec de l&#8217;activista feminista, Ana Mar\u00eda P\u00e9rez del Campo, de la Federaci\u00f3 d&#8217;Associacions de Dones separades i Divorciades,<\/p>\n<p style=\"text-align: justify;\">Des de hui fins el divendres, Alzira acull estes jornades al Museu Municipal, MUMA. La programaci\u00f3 del curs es la seg\u00fcent:<\/p>\n<p style=\"text-align: justify;\"><span style=\"color: #993366;\"><strong>DIMECRES 26 DE JUNY DE 9H A 14H<a href=\"https:\/\/alzira.es\/wp-content\/uploads\/2019\/06\/IMG_8943.jpg\" target=\"_blank\" rel=\"noopener\"><img fetchpriority=\"high\" decoding=\"async\" class=\" alignright size-full wp-image-42292\" style=\"margin-left: 10px; float: right;\" title=\"Inici del curs Fent Front a la Viol\u00e8ncia de g\u00e8nere organitzat per la Regidoria d'Igualtat\" src=\"https:\/\/alzira.es\/wp-content\/uploads\/2019\/06\/IMG_8943.jpg\" alt=\"IMG 8943\" width=\"400\" height=\"267\" \/><\/a><\/strong><\/span><\/p>\n<p style=\"text-align: justify;\"><strong>8:30h<\/strong> Registre i entrega de la documentaci\u00f3<\/p>\n<p style=\"text-align: justify;\"><strong>9h<\/strong> Inauguraci\u00f3<\/p>\n<p style=\"text-align: justify;\">Diego G\u00f3mez y Garc\u00eda. Alcalde d&#8217;Alzira.<\/p>\n<p style=\"text-align: justify;\">Carla Merc\u00e9 Torrella. Jefa de la Unitat de Coordinaci\u00f3 contra la Viol\u00e8ncia sobre la Dona de la Comunitat Valenciana. Delegaci\u00f3 de Govern.<\/p>\n<p style=\"text-align: justify;\"><strong>9:30h<\/strong> Confer\u00e8ncia<\/p>\n<p style=\"text-align: justify;\">Ana Mar\u00eda del Campo Noriega. Federaci\u00f3 d&#8217;Associacions de Dones Separades i Divorciades. Perspectiva de g\u00e9nero en el abordaje de la violencia hacia las mujeres.<\/p>\n<p style=\"text-align: justify;\"><strong>11h<\/strong> Descans<\/p>\n<p style=\"text-align: justify;\"><strong>11:30h<\/strong> Marc comunitari i prevenci\u00f3<\/p>\n<p style=\"text-align: justify;\">Silvia Escrib\u00e0 Baixauli. Agent d&#8217;Igualtat. Comit\u00e9 d&#8217;expertes en viol\u00e8ncia de g\u00e8nere Diputaci\u00f3 de Val\u00e8ncia. Integrant de la Plataforma CEDAW Ombra Pa\u00eds Valenci\u00e0. Coordinadora de l&#8217;Estrat\u00e8gia de Salud Municipal d&#8217;Alfafar. Marc Europe. Conveni d&#8217;Estambul.<\/p>\n<p style=\"text-align: justify;\">Anna Oliver Borr\u00e0s. Advocada. Integrant de S\u00f2riques i d&#8217;AYUDA. La cultura de la viol\u00e8ncia masclista.<\/p>\n<p style=\"text-align: justify;\">Marta Pereira Jerez. Docent. Programa \u00abCiutadania en Igualdad\u00bb. Ajuntament d&#8217;Alzira, tallers en centres educatius. Transformant per a la igualtat i la no viol\u00e8ncia des de la inf\u00e0ncia.<\/p>\n<p style=\"text-align: justify;\"><strong>13:30h<\/strong> Col\u00b7loqui<\/p>\n<p style=\"text-align: justify;\"><span style=\"color: #993366;\"><strong>DIJOUS 27 DE JUNY DE 9H A 14H<a href=\"https:\/\/alzira.es\/wp-content\/uploads\/2019\/06\/IMG_8957.jpg\" target=\"_blank\" rel=\"noopener\"><img decoding=\"async\" class=\"alignright size-full wp-image-42294 lazyload\" style=\"--smush-placeholder-width: 400px; --smush-placeholder-aspect-ratio: 400\/267;margin-left: 10px; float: right;\" title=\"Inici del curs Fent Front a la Viol\u00e8ncia de g\u00e8nere organitzat per la Regidoria d'Igualtat\" data-src=\"https:\/\/alzira.es\/wp-content\/uploads\/2019\/06\/IMG_8957.jpg\" alt=\"IMG 8957\" width=\"400\" height=\"267\" src=\"data:image\/svg+xml;base64,PHN2ZyB3aWR0aD0iMSIgaGVpZ2h0PSIxIiB4bWxucz0iaHR0cDovL3d3dy53My5vcmcvMjAwMC9zdmciPjwvc3ZnPg==\" \/><\/a><\/strong><\/span><\/p>\n<p style=\"text-align: justify;\"><strong>9h<\/strong> Lara Esteve Mallent. Magistrada del Jutjat de la Inst\u00e0ncia i Instrucci\u00f3 N\u00famero 3 de VG de Carlet. Integrant de l&#8217;associaci\u00f3 Dones Jutgesses. Desmontando estereotipos en violencia de g\u00e9nero.<\/p>\n<p style=\"text-align: justify;\"><strong>10:30h<\/strong> Descans<\/p>\n<p style=\"text-align: justify;\"><strong>11h<\/strong> Detecci\u00f3 i atenci\u00f3<\/p>\n<p style=\"text-align: justify;\">In\u00e9s Bella Sanchis. Salut P\u00fablica d&#8217;Alzira, Conselleria de Sanitat Universal i Salut P\u00fablica. Protocol de detecci\u00f3 i actuaci\u00f3 des de els Centres de Salut d&#8217;Atenci\u00f3 Primaria.<\/p>\n<p style=\"text-align: justify;\">Manuel Arlandis Ru\u00edz. Crimin\u00f2leg. Professor de Dret Penal en la Universitat de Val\u00e8ncia. Aportacions a la detecci\u00f3 del maltractador des de la criminologia.<\/p>\n<p style=\"text-align: justify;\">Sonia Diaz Esparza y Pilar P\u00e9rez. Psic\u00f2loga i treballadora social. Aportacions des de el municipalisme i Serveis Socials d&#8217;Alzira.<\/p>\n<p style=\"text-align: justify;\">Elena Soler Herreros. Doctora en psicologia. Formadora. Habilitats en atenci\u00f3 a v\u00edctimes de viol\u00e8ncia de g\u00e8nere.<\/p>\n<p style=\"text-align: justify;\"><strong>13:30h<\/strong> Col\u00b7loqui<\/p>\n<p style=\"text-align: justify;\"><span style=\"color: #993366;\"><strong>DIVENDRES 28 DE JUNY DE 9H A 14H<a href=\"https:\/\/alzira.es\/wp-content\/uploads\/2019\/06\/64939674_2284774014936091_4715406665422209024_n.jpg\" target=\"_blank\" rel=\"noopener\"><img decoding=\"async\" class=\"alignright size-full wp-image-42297 lazyload\" style=\"--smush-placeholder-width: 400px; --smush-placeholder-aspect-ratio: 400\/533;margin-left: 10px; float: right;\" title=\"Inici del curs Fent Front a la Viol\u00e8ncia de g\u00e8nere organitzat per la Regidoria d'Igualtat\" data-src=\"https:\/\/alzira.es\/wp-content\/uploads\/2019\/06\/64939674_2284774014936091_4715406665422209024_n.jpg\" alt=\"64939674 2284774014936091 4715406665422209024 n\" width=\"400\" height=\"533\" data-srcset=\"https:\/\/alzira.es\/wp-content\/uploads\/2019\/06\/64939674_2284774014936091_4715406665422209024_n.jpg 720w, https:\/\/alzira.es\/wp-content\/uploads\/2019\/06\/64939674_2284774014936091_4715406665422209024_n-383x510.jpg 383w\" data-sizes=\"(max-width: 400px) 100vw, 400px\" src=\"data:image\/svg+xml;base64,PHN2ZyB3aWR0aD0iMSIgaGVpZ2h0PSIxIiB4bWxucz0iaHR0cDovL3d3dy53My5vcmcvMjAwMC9zdmciPjwvc3ZnPg==\" \/><\/a><\/strong><\/span><\/p>\n<p style=\"text-align: justify;\">Resposta policial i judicial a la viol\u00e8ncia de g\u00e8nere<\/p>\n<p style=\"text-align: justify;\"><strong>9h<\/strong> Actuaci\u00f3 policial i drets de les v\u00edctimes<\/p>\n<p style=\"text-align: justify;\">Jorge Iglesias Pozo. Comissari Cap de la Policia Local d&#8217;Alzira. Actuaci\u00f3 dels cossos de seguretat front a la viol\u00e8ncia de g\u00e8nere.<\/p>\n<p style=\"text-align: justify;\">UFAM Comissaria d&#8217;Alzira-Algemes\u00ed. Denuncia, protecci\u00f3 de les v\u00edctimes i evaluaci\u00f3 del risc.<\/p>\n<p style=\"text-align: justify;\">Luc\u00eda Gregori Llopis. Lletrada. Oficina d&#8217;Ayuda a les V\u00edctimes del Delicte &#8211; OAVD d&#8217;Alzira. L&#8217;estatut de la v\u00edctima.<\/p>\n<p style=\"text-align: justify;\"><strong>10:30h<\/strong> Col\u00b7loqui<\/p>\n<p style=\"text-align: justify;\"><strong>11h<\/strong> Descans<\/p>\n<p style=\"text-align: justify;\"><strong>11:30h<\/strong> Resposta judicial<\/p>\n<p style=\"text-align: justify;\">Mar\u00eda Jos\u00e9 Moreno. Fiscal de viol\u00e8ncia de g\u00e8nero partits judicials d&#8217;Alzira i Carlet. Actuaci\u00f3 des de la fiscalia.<\/p>\n<p style=\"text-align: justify;\">Lara Esteve Mallent, Magistrada Jutjat 1\u00aa Instancia e Instrucci\u00f3 N\u00famero 3 VG de Carlet. Integrant de la associaci\u00f3 Dones Jutgesses. Maquin\u00e0ria judicial en VG: situaci\u00f3 actual i nous reptes.<\/p>\n<p style=\"text-align: justify;\">Cristina Nadal Gilabert. Lletrada. Coordinadora General de la Xarxa de Punts d&#8217;Encontre Familiar. El r\u00e8gimen de visites en viol\u00e8ncia de g\u00e8nere: Punts d&#8217;Encontre Familiars Judicials.<\/p>\n<p style=\"text-align: justify;\"><strong>13:30h<\/strong> Col\u00b7loqui<\/p>\n<p style=\"text-align: justify;\"><strong>14h<\/strong> Clausura<\/p>\n<p style=\"text-align: justify;\">Moderen: Mar\u00eda Jos\u00e9 Clari i Gil. T\u00e8cnica d&#8217;Igualtat, responsable de la Casa de la Dona de Xirivella des de els inicis fins la seua jubilaci\u00f3<\/p>\n<p style=\"text-align: justify;\">Raquel Jos\u00e9 y Ch\u00e1fer. T\u00e8cnica d&#8217;Igualdad. Ajuntament d&#8217;Alzira<\/p>\n<p style=\"text-align: justify;\"><span style=\"color: #0000ff;\">DIRIGIT A PERSONAL POL\u00cdTIC I T\u00c8CNIC DE LES ADMINISTRACIONES P\u00daBLIQUES<\/span><\/p>\n<p style=\"text-align: justify;\"><span style=\"color: #0000ff;\">AFORO\u00a1AMENT LIMITAT. INSCRIPCI\u00d3 FINS EL 20 DE JUNY EN <a href=\"mailto:igualtat.formacio@alzira.es\"><span style=\"color: #0000ff;\">igualtat.formacio@alzira.es<\/span><\/a><\/span><\/p>\n<p style=\"text-align: justify;\"><span style=\"color: #0000ff;\">M\u00c9S INFORMACI\u00d3 96 245 59 26 <a href=\"mailto:igualdad@alzira.es\"><span style=\"color: #0000ff;\">igualdad@alzira.es<\/span><\/a><\/span><\/p>\n<p style=\"text-align: justify;\"><span style=\"color: #0000ff;\">CERTIFICAT PER IVAP I PER IVASPE EN TR\u00c0MIT<\/span><\/p>\n","protected":false},"excerpt":{"rendered":"<p>Comen\u00e7a el curs de la Regidoria d&#8217;Igualtat, Fent front a la viol\u00e8ncia de g\u00e8nere, amb la intervenci\u00f3n de l&#8217;alcalde d&#8217;Alzira, Diego G\u00f3mez i del subdelegado de govern Jos\u00e9 Roberto Gonz\u00e1lez Cachorro. La primera conferencia va estar a c\u00e0rrec de l&#8217;activista feminista, Ana Mar\u00eda P\u00e9rez del Campo, de la Federaci\u00f3 d&#8217;Associacions de Dones separades i Divorciades, &hellip; <\/p>\n<p class=\"link-more\"><a href=\"https:\/\/alzira.es\/es\/inici-del-curs-fent-front-a-la-violencia-de-genere-organitzat-per-la-regidoria-d-igualtat\/\" class=\"more-link\">Continuar leyendo<span class=\"screen-reader-text\"> \u00abInici del curs Fent Front a la Viol\u00e8ncia de g\u00e8nere organitzat per la Regidoria d&#8217;Igualtat\u00bb<\/span><\/a><\/p>\n","protected":false},"author":12,"featured_media":42292,"comment_status":"","ping_status":"","sticky":false,"template":"","format":"standard","meta":{"_acf_changed":false,"footnotes":""},"categories":[],"tags":[],"class_list":["post-42301","post","type-post","status-publish","format-standard","has-post-thumbnail","hentry"],"acf":[],"_links":{"self":[{"href":"https:\/\/alzira.es\/es\/wp-json\/wp\/v2\/posts\/42301","targetHints":{"allow":["GET"]}}],"collection":[{"href":"https:\/\/alzira.es\/es\/wp-json\/wp\/v2\/posts"}],"about":[{"href":"https:\/\/alzira.es\/es\/wp-json\/wp\/v2\/types\/post"}],"author":[{"embeddable":true,"href":"https:\/\/alzira.es\/es\/wp-json\/wp\/v2\/users\/12"}],"replies":[{"embeddable":true,"href":"https:\/\/alzira.es\/es\/wp-json\/wp\/v2\/comments?post=42301"}],"version-history":[{"count":0,"href":"https:\/\/alzira.es\/es\/wp-json\/wp\/v2\/posts\/42301\/revisions"}],"wp:featuredmedia":[{"embeddable":true,"href":"https:\/\/alzira.es\/es\/wp-json\/wp\/v2\/media\/42292"}],"wp:attachment":[{"href":"https:\/\/alzira.es\/es\/wp-json\/wp\/v2\/media?parent=42301"}],"wp:term":[{"taxonomy":"category","embeddable":true,"href":"https:\/\/alzira.es\/es\/wp-json\/wp\/v2\/categories?post=42301"},{"taxonomy":"post_tag","embeddable":true,"href":"https:\/\/alzira.es\/es\/wp-json\/wp\/v2\/tags?post=42301"}],"curies":[{"name":"wp","href":"https:\/\/api.w.org\/{rel}","templated":true}]}}