{"id":42233,"date":"2019-06-18T16:00:00","date_gmt":"2019-06-18T14:00:00","guid":{"rendered":"https:\/\/alzira.es\/cloenda-de-la-huitena-edicio-del-projecte-riu-alzira\/"},"modified":"2019-06-18T16:00:00","modified_gmt":"2019-06-18T14:00:00","slug":"cloenda-de-la-huitena-edicio-del-projecte-riu-alzira","status":"publish","type":"post","link":"https:\/\/alzira.es\/es\/cloenda-de-la-huitena-edicio-del-projecte-riu-alzira\/","title":{"rendered":"Cloenda de la huitena edici\u00f3 del Projecte RIU Alzira"},"content":{"rendered":"<p style=\"text-align: justify;\"><strong>Alzira, 18 de juny de 2019.-<\/strong> El passat dilluns es va celebrar a Alzira l&#8217;acte de Cloenda del Projecte RIU \u00abUn riu de cultures, un riu de salut\u00bb.<\/p>\n<p style=\"text-align: justify;\">A l&#8217;acte va assistir la Regidora de Serveis Socials, Marina Mir, qui assegura que \u00abLa d&#8217;enguany \u00e9s la huitena edici\u00f3 a Alzira, cosa que reafirma el projecte com una bona eina per al treball col\u2022laboratiu amb assist\u00e8ncia sanit\u00e0ria i el convertix en una oportunitat de poder desenvolupar l&#8217;acci\u00f3 local en salut en la nostra Ciutat\u00bb<\/p>\n<p style=\"text-align: justify;\">Riu, \u00e9s un subprograma de promoci\u00f3 de salut en entorns vulnerables del Centre de Salut P\u00fablica d&#8217;Alzira, que est\u00e0 finan\u00e7at per l&#8217;Ajuntament d&#8217;Alzira, es desenvolupa en el Centre de Participaci\u00f3 Ciutadana del barri de l&#8217;Alquerieta i est\u00e0 gestionat per la Fundaci\u00f3 Fisabio, amb la col\u2022laboraci\u00f3 del Departament de Salut de la Ribera.<\/p>\n<p style=\"text-align: justify;\">Es tracta d&#8217;una estrat\u00e8gia de desenvolupament social en l&#8217;\u00e0mbit local que utilitza cicles continuats de capacitaci\u00f3 de persones de diverses cultures com a agents de salut per a actuar com a educadores entre iguals i millorar la salut del barri.<\/p>\n<p style=\"text-align: justify;\">En esta edici\u00f3 han participat 10 agents de salut (9 dones i 1 home de proced\u00e8ncia espanyola, espanyola \u00e8tnia gitana, romanesa, argentina, colombiana, rep\u00fablica dominicana i marroquina) i 63 especialistes que, procedents de diferents \u00e0mbits (atenci\u00f3 prim\u00e0ria i unitats de suport, salut p\u00fablica, administraci\u00f3 local, universitat, tercer sector i agents de salut d&#8217;edicions anteriors) han conformat la xarxa intersectorial de professionals i agents socials, seguint una metodologia participativa i aprenentatge significatiu.<\/p>\n<p style=\"text-align: justify;\">Cal destacar en esta edici\u00f3 la col\u2022laboraci\u00f3 d&#8217;Assist\u00e8ncia Sanit\u00e0ria del Departament de Salut de la Ribera, i en concret d&#8217;Atenci\u00f3 Prim\u00e0ria, en la formaci\u00f3 de les persones agents de salut i en algunes de les accions de sensibilitzaci\u00f3 comunit\u00e0ria.<\/p>\n<p style=\"text-align: justify;\">&nbsp;<\/p>\n<p style=\"text-align: center;\"><a href=\"https:\/\/alzira.es\/wp-content\/uploads\/2019\/06\/IMG-20190617-WA0013.jpg\" target=\"_blank\" rel=\"noopener\"><img fetchpriority=\"high\" decoding=\"async\" class=\" size-full wp-image-42219\" title=\"Cloenda de la huitena edici\u00f3 del Projecte RIU Alzira\" src=\"https:\/\/alzira.es\/wp-content\/uploads\/2019\/06\/IMG-20190617-WA0013.jpg\" alt=\"IMG-20190617-WA0013\" width=\"400\" height=\"240\" srcset=\"https:\/\/alzira.es\/wp-content\/uploads\/2019\/06\/IMG-20190617-WA0013.jpg 1600w, https:\/\/alzira.es\/wp-content\/uploads\/2019\/06\/IMG-20190617-WA0013-680x408.jpg 680w, https:\/\/alzira.es\/wp-content\/uploads\/2019\/06\/IMG-20190617-WA0013-1430x858.jpg 1430w, https:\/\/alzira.es\/wp-content\/uploads\/2019\/06\/IMG-20190617-WA0013-768x461.jpg 768w, https:\/\/alzira.es\/wp-content\/uploads\/2019\/06\/IMG-20190617-WA0013-1536x922.jpg 1536w\" sizes=\"(max-width: 400px) 100vw, 400px\" \/><\/a>&nbsp;<a href=\"https:\/\/alzira.es\/wp-content\/uploads\/2019\/06\/IMG-20190617-WA0016.jpg\" target=\"_blank\" rel=\"noopener\"><img decoding=\"async\" class=\"size-full wp-image-42223 lazyload\" title=\"Cloenda de la huitena edici\u00f3 del Projecte RIU Alzira\" data-src=\"https:\/\/alzira.es\/wp-content\/uploads\/2019\/06\/IMG-20190617-WA0016.jpg\" alt=\"IMG-20190617-WA0016\" width=\"400\" height=\"240\" data-srcset=\"https:\/\/alzira.es\/wp-content\/uploads\/2019\/06\/IMG-20190617-WA0016.jpg 1600w, https:\/\/alzira.es\/wp-content\/uploads\/2019\/06\/IMG-20190617-WA0016-680x408.jpg 680w, https:\/\/alzira.es\/wp-content\/uploads\/2019\/06\/IMG-20190617-WA0016-1430x858.jpg 1430w, https:\/\/alzira.es\/wp-content\/uploads\/2019\/06\/IMG-20190617-WA0016-768x461.jpg 768w, https:\/\/alzira.es\/wp-content\/uploads\/2019\/06\/IMG-20190617-WA0016-1536x922.jpg 1536w\" data-sizes=\"(max-width: 400px) 100vw, 400px\" src=\"data:image\/svg+xml;base64,PHN2ZyB3aWR0aD0iMSIgaGVpZ2h0PSIxIiB4bWxucz0iaHR0cDovL3d3dy53My5vcmcvMjAwMC9zdmciPjwvc3ZnPg==\" style=\"--smush-placeholder-width: 400px; --smush-placeholder-aspect-ratio: 400\/240;\" \/><\/a>&nbsp;<a href=\"https:\/\/alzira.es\/wp-content\/uploads\/2019\/06\/IMG-20190617-WA0025.jpg\" target=\"_blank\" rel=\"noopener\"><img decoding=\"async\" class=\"size-full wp-image-42227 lazyload\" title=\"Cloenda de la huitena edici\u00f3 del Projecte RIU Alzira\" data-src=\"https:\/\/alzira.es\/wp-content\/uploads\/2019\/06\/IMG-20190617-WA0025.jpg\" alt=\"IMG-20190617-WA0025\" width=\"400\" height=\"240\" data-srcset=\"https:\/\/alzira.es\/wp-content\/uploads\/2019\/06\/IMG-20190617-WA0025.jpg 1600w, https:\/\/alzira.es\/wp-content\/uploads\/2019\/06\/IMG-20190617-WA0025-680x408.jpg 680w, https:\/\/alzira.es\/wp-content\/uploads\/2019\/06\/IMG-20190617-WA0025-1430x858.jpg 1430w, https:\/\/alzira.es\/wp-content\/uploads\/2019\/06\/IMG-20190617-WA0025-768x461.jpg 768w, https:\/\/alzira.es\/wp-content\/uploads\/2019\/06\/IMG-20190617-WA0025-1536x922.jpg 1536w\" data-sizes=\"(max-width: 400px) 100vw, 400px\" src=\"data:image\/svg+xml;base64,PHN2ZyB3aWR0aD0iMSIgaGVpZ2h0PSIxIiB4bWxucz0iaHR0cDovL3d3dy53My5vcmcvMjAwMC9zdmciPjwvc3ZnPg==\" style=\"--smush-placeholder-width: 400px; --smush-placeholder-aspect-ratio: 400\/240;\" \/><\/a><\/p>\n","protected":false},"excerpt":{"rendered":"<p>Alzira, 18 de juny de 2019.- El passat dilluns es va celebrar a Alzira l&#8217;acte de Cloenda del Projecte RIU \u00abUn riu de cultures, un riu de salut\u00bb. A l&#8217;acte va assistir la Regidora de Serveis Socials, Marina Mir, qui assegura que \u00abLa d&#8217;enguany \u00e9s la huitena edici\u00f3 a Alzira, cosa que reafirma el projecte &hellip; <\/p>\n<p class=\"link-more\"><a href=\"https:\/\/alzira.es\/es\/cloenda-de-la-huitena-edicio-del-projecte-riu-alzira\/\" class=\"more-link\">Continuar leyendo<span class=\"screen-reader-text\"> \u00abCloenda de la huitena edici\u00f3 del Projecte RIU Alzira\u00bb<\/span><\/a><\/p>\n","protected":false},"author":12,"featured_media":42219,"comment_status":"","ping_status":"","sticky":false,"template":"","format":"standard","meta":{"_acf_changed":false,"footnotes":""},"categories":[],"tags":[],"class_list":["post-42233","post","type-post","status-publish","format-standard","has-post-thumbnail","hentry"],"acf":[],"_links":{"self":[{"href":"https:\/\/alzira.es\/es\/wp-json\/wp\/v2\/posts\/42233","targetHints":{"allow":["GET"]}}],"collection":[{"href":"https:\/\/alzira.es\/es\/wp-json\/wp\/v2\/posts"}],"about":[{"href":"https:\/\/alzira.es\/es\/wp-json\/wp\/v2\/types\/post"}],"author":[{"embeddable":true,"href":"https:\/\/alzira.es\/es\/wp-json\/wp\/v2\/users\/12"}],"replies":[{"embeddable":true,"href":"https:\/\/alzira.es\/es\/wp-json\/wp\/v2\/comments?post=42233"}],"version-history":[{"count":0,"href":"https:\/\/alzira.es\/es\/wp-json\/wp\/v2\/posts\/42233\/revisions"}],"wp:featuredmedia":[{"embeddable":true,"href":"https:\/\/alzira.es\/es\/wp-json\/wp\/v2\/media\/42219"}],"wp:attachment":[{"href":"https:\/\/alzira.es\/es\/wp-json\/wp\/v2\/media?parent=42233"}],"wp:term":[{"taxonomy":"category","embeddable":true,"href":"https:\/\/alzira.es\/es\/wp-json\/wp\/v2\/categories?post=42233"},{"taxonomy":"post_tag","embeddable":true,"href":"https:\/\/alzira.es\/es\/wp-json\/wp\/v2\/tags?post=42233"}],"curies":[{"name":"wp","href":"https:\/\/api.w.org\/{rel}","templated":true}]}}