{"id":42139,"date":"2019-06-13T16:00:00","date_gmt":"2019-06-13T14:00:00","guid":{"rendered":"https:\/\/alzira.es\/l-ies-jose-maria-parra-participa-en-el-festival-alqueri-arte-2019-amb-un-mural-participatiu\/"},"modified":"2019-06-13T16:00:00","modified_gmt":"2019-06-13T14:00:00","slug":"l-ies-jose-maria-parra-participa-en-el-festival-alqueri-arte-2019-amb-un-mural-participatiu","status":"publish","type":"post","link":"https:\/\/alzira.es\/es\/l-ies-jose-maria-parra-participa-en-el-festival-alqueri-arte-2019-amb-un-mural-participatiu\/","title":{"rendered":"L&#8217;IES Jos\u00e9 Mar\u00eda Parra participa en el Festival Alqueri-ARTE 2019 amb un mural participatiu"},"content":{"rendered":"<p style=\"text-align: justify;\"><strong>Alzira, 11 de juny de 2019.-<\/strong> Ahir es finalitzava l&#8217;ultim dels murals de l&#8217;actual edici\u00f3 d&#8217;Alqueri-ARTE. Un nodrit grup d&#8217;artistes, alumnes de l&#8217;IES Jos\u00e9 Mar\u00eda Parra han participat activament en l&#8217;execuci\u00f3 d&#8217;esta obra situada al carrer Pare Pompili, junt a l&#8217;esgl\u00e9sia Sagrada Fam\u00edlia, i que des de hui poden gaudir els ve\u00efns i ve\u00efnes de l&#8217;Alquerieta i de tot el municipi.<\/p>\n<p style=\"text-align: justify;\">El mural s&#8217;integra dins d&#8217;este festival d&#8217;art urb\u00e0 que pret\u00e9n acostar les obres art\u00edstiques al barri i implicar la comunitat en la revitalitzaci\u00f3 de l&#8217;entorn i el gaudi de l&#8217;espai p\u00fablic.<\/p>\n<p style=\"text-align: justify;\">Des de fa unes setmanes es va plantejar en classe d&#8217;educaci\u00f3 pl\u00e0stica la idea de realitzar un mural participatiu i comunitari en el propi barri. L&#8217;alumnat es van il\u2022lusionar amb la iniciativa i r\u00e0pidament es van posar a imaginar dissenys i propostes per al qual consideraven ja el seu propi mural. D&#8217;entre totes van triar una molt significativa que feia refer\u00e8ncia a la utilitzaci\u00f3 de les noves tecnologies i la necessitat de cuidar les relacions personals i la cura de l&#8217;entorn. Baix el lema \u00abDesconnecta&#8217;t de les xarxes i connecta amb la vida i el barri\u00bb, aquesta activitat ha servit per a plasmar totes estes idees en una aut\u00e8ntica obra d&#8217;art que est\u00e0 suscitant un gran inter\u00e9s i que vincula l&#8217;espai de formaci\u00f3 i coneixement amb l&#8217;entorn m\u00e9s pr\u00f2xim.<\/p>\n<p style=\"text-align: justify;\">Per a la realitzaci\u00f3 de l&#8217;activitat ha sigut fonamental la participaci\u00f3 activa de l&#8217;IES Jos\u00e9 Mar\u00eda Parra, especialment dels professors d&#8217;arts pl\u00e0stiques Carles Hern\u00e1ndez i Gal\u2022la Cervantes, que fan seues les paraules del gran mestre Paulo Freire que considera que s&#8217;apr\u00e9n millor des de la pr\u00e0ctica i des del contacte amb la realitat que ens envolta.<br \/>Divendres que ve 14 de juny, a partir de les 19.00 h es realitzar\u00e0 una festa d&#8217;inauguraci\u00f3 en la que es recorrer\u00e0 les obres realitzades enguany que, juntament amb la primera edici\u00f3 del festival sumen ja un total de deu murals en el barri l&#8217;Alquerieta.<\/p>\n<p style=\"text-align: justify;\">Este projecte ha estat coordinat per la fundaci\u00f3 Cepaim i el Centre de Participaci\u00f3 Ciutadana, adscrit a l&#8217;\u00c0rea de Serveis Socials i Innovaci\u00f3 Social de l&#8217;Ajuntament d&#8217;Alzira. El finan\u00e7ament procedeix del Ministeri de Treball, Migracions i Seguretat Social i el Fons d&#8217;Asil, Migraci\u00f3 i Integraci\u00f3 de la Uni\u00f3 Europea.<\/p>\n<p style=\"text-align: justify;\">&nbsp;<\/p>\n<p style=\"text-align: center;\"><a href=\"https:\/\/alzira.es\/wp-content\/uploads\/2019\/06\/foto_ies.jpg\" target=\"_blank\" rel=\"noopener\"><img fetchpriority=\"high\" decoding=\"async\" class=\" size-full wp-image-42133\" title=\"L'IES Jos\u00e9 Mar\u00eda Parra participa en el Festival Alqueri-ARTE 2019 amb un mural participatiu\" src=\"https:\/\/alzira.es\/wp-content\/uploads\/2019\/06\/foto_ies.jpg\" alt=\"foto ies\" width=\"400\" height=\"300\" \/><\/a>&nbsp;<a href=\"https:\/\/alzira.es\/wp-content\/uploads\/2019\/06\/foto_ies_2.jpg\" target=\"_blank\" rel=\"noopener\"><img decoding=\"async\" class=\"size-full wp-image-42135 lazyload\" title=\"L'IES Jos\u00e9 Mar\u00eda Parra participa en el Festival Alqueri-ARTE 2019 amb un mural participatiu\" data-src=\"https:\/\/alzira.es\/wp-content\/uploads\/2019\/06\/foto_ies_2.jpg\" alt=\"foto ies 2\" width=\"533\" height=\"300\" data-srcset=\"https:\/\/alzira.es\/wp-content\/uploads\/2019\/06\/foto_ies_2.jpg 1200w, https:\/\/alzira.es\/wp-content\/uploads\/2019\/06\/foto_ies_2-680x383.jpg 680w, https:\/\/alzira.es\/wp-content\/uploads\/2019\/06\/foto_ies_2-768x432.jpg 768w\" data-sizes=\"(max-width: 533px) 100vw, 533px\" src=\"data:image\/svg+xml;base64,PHN2ZyB3aWR0aD0iMSIgaGVpZ2h0PSIxIiB4bWxucz0iaHR0cDovL3d3dy53My5vcmcvMjAwMC9zdmciPjwvc3ZnPg==\" style=\"--smush-placeholder-width: 533px; --smush-placeholder-aspect-ratio: 533\/300;\" \/><\/a><\/p>\n","protected":false},"excerpt":{"rendered":"<p>Alzira, 11 de juny de 2019.- Ahir es finalitzava l&#8217;ultim dels murals de l&#8217;actual edici\u00f3 d&#8217;Alqueri-ARTE. Un nodrit grup d&#8217;artistes, alumnes de l&#8217;IES Jos\u00e9 Mar\u00eda Parra han participat activament en l&#8217;execuci\u00f3 d&#8217;esta obra situada al carrer Pare Pompili, junt a l&#8217;esgl\u00e9sia Sagrada Fam\u00edlia, i que des de hui poden gaudir els ve\u00efns i ve\u00efnes de &hellip; <\/p>\n<p class=\"link-more\"><a href=\"https:\/\/alzira.es\/es\/l-ies-jose-maria-parra-participa-en-el-festival-alqueri-arte-2019-amb-un-mural-participatiu\/\" class=\"more-link\">Continuar leyendo<span class=\"screen-reader-text\"> \u00abL&#8217;IES Jos\u00e9 Mar\u00eda Parra participa en el Festival Alqueri-ARTE 2019 amb un mural participatiu\u00bb<\/span><\/a><\/p>\n","protected":false},"author":12,"featured_media":42133,"comment_status":"","ping_status":"","sticky":false,"template":"","format":"standard","meta":{"_acf_changed":false,"footnotes":""},"categories":[],"tags":[],"class_list":["post-42139","post","type-post","status-publish","format-standard","has-post-thumbnail","hentry"],"acf":[],"_links":{"self":[{"href":"https:\/\/alzira.es\/es\/wp-json\/wp\/v2\/posts\/42139","targetHints":{"allow":["GET"]}}],"collection":[{"href":"https:\/\/alzira.es\/es\/wp-json\/wp\/v2\/posts"}],"about":[{"href":"https:\/\/alzira.es\/es\/wp-json\/wp\/v2\/types\/post"}],"author":[{"embeddable":true,"href":"https:\/\/alzira.es\/es\/wp-json\/wp\/v2\/users\/12"}],"replies":[{"embeddable":true,"href":"https:\/\/alzira.es\/es\/wp-json\/wp\/v2\/comments?post=42139"}],"version-history":[{"count":0,"href":"https:\/\/alzira.es\/es\/wp-json\/wp\/v2\/posts\/42139\/revisions"}],"wp:featuredmedia":[{"embeddable":true,"href":"https:\/\/alzira.es\/es\/wp-json\/wp\/v2\/media\/42133"}],"wp:attachment":[{"href":"https:\/\/alzira.es\/es\/wp-json\/wp\/v2\/media?parent=42139"}],"wp:term":[{"taxonomy":"category","embeddable":true,"href":"https:\/\/alzira.es\/es\/wp-json\/wp\/v2\/categories?post=42139"},{"taxonomy":"post_tag","embeddable":true,"href":"https:\/\/alzira.es\/es\/wp-json\/wp\/v2\/tags?post=42139"}],"curies":[{"name":"wp","href":"https:\/\/api.w.org\/{rel}","templated":true}]}}