{"id":42106,"date":"2019-06-11T16:00:00","date_gmt":"2019-06-11T14:00:00","guid":{"rendered":"https:\/\/alzira.es\/l-ajuntament-d-alzira-se-suma-un-any-mes-a-la-dipu-et-beca\/"},"modified":"2019-06-11T16:00:00","modified_gmt":"2019-06-11T14:00:00","slug":"l-ajuntament-d-alzira-se-suma-un-any-mes-a-la-dipu-et-beca","status":"publish","type":"post","link":"https:\/\/alzira.es\/es\/l-ajuntament-d-alzira-se-suma-un-any-mes-a-la-dipu-et-beca\/","title":{"rendered":"L\u2019Ajuntament d\u2019Alzira se suma un any m\u00e9s a \u201cLa Dipu et beca\u201d"},"content":{"rendered":"<p style=\"text-align: justify;\"><strong><a href=\"https:\/\/alzira.es\/wp-content\/uploads\/2019\/06\/62549129_2388868921144603_558238657765441536_n.jpg\" target=\"_blank\" rel=\"noopener\"><img fetchpriority=\"high\" decoding=\"async\" class=\" alignleft size-full wp-image-42097\" style=\"margin-right: 10px; float: left;\" title=\"L\u2019Ajuntament d\u2019Alzira se suma un any m\u00e9s a \u201cLa Dipu et beca\u201d \" src=\"https:\/\/alzira.es\/wp-content\/uploads\/2019\/06\/62549129_2388868921144603_558238657765441536_n.jpg\" alt=\"62549129 2388868921144603 558238657765441536 n\" width=\"400\" height=\"558\" srcset=\"https:\/\/alzira.es\/wp-content\/uploads\/2019\/06\/62549129_2388868921144603_558238657765441536_n.jpg 689w, https:\/\/alzira.es\/wp-content\/uploads\/2019\/06\/62549129_2388868921144603_558238657765441536_n-366x510.jpg 366w\" sizes=\"(max-width: 400px) 100vw, 400px\" \/><\/a>Alzira, 11 de juny de 2019._<\/strong> L&#8217;Ajuntament d&#8217;Alzira s&#8217;adhereix, un any m\u00e9s, al programa \u00abLa Dipu et beca\u00bb amb la finalitat que els estudiants majors de 18 anys, tant universitaris com de Formaci\u00f3 Professional, puguen realitzar pr\u00e0ctiques formatives en els diferents departaments municipals.<br \/>Els interessats a sol\u2022licitar esta beca poden tramitar-ho a la Clau del 12 al 18 de juny en el seg\u00fcent horari:<\/p>\n<p style=\"text-align: justify;\">\u2022 12 de juny de 9 a 18 hores<br \/>\u2022 13 i 14 de juny de 9 a 14 hores<br \/>\u2022 17 i 18 de juny de 9 a 13 hores<\/p>\n<p style=\"text-align: justify;\">La duraci\u00f3 m\u00e0xima de les beques ser\u00e0 de 2 mesos que hauran de ser necess\u00e0riament juliol i agost. La dedicaci\u00f3 dels destinataris de les beques ser\u00e0, com a m\u00ednim, de 20 hores setmanals, que hauran de ser realitzades seguint les instruccions del tutor.<\/p>\n<p style=\"text-align: justify;\">Les especialitats formatives que podran ser benefici\u00e0ries d&#8217;aquest programa s\u00f3n les determinades en les bases de cada convocat\u00f2ria, entre les quals es troben entre altres els graus d&#8217;Arquitectura, Dret, Enginyeria Inform\u00e1tica, Traducci\u00f3 i Interpretaci\u00f3 o Turisme o la formaci\u00f3 professional en Gesti\u00f3 Administrativa, Animaci\u00f3 Sociocultural o Desenvolupament d&#8217;Aplicacions Web<\/p>\n<p style=\"text-align: justify;\">La dotaci\u00f3 mensual bruta de la beca \u00e9s de 500\u20ac bruts, per beca i mes concedit. Cadascuna de les beques est\u00e0 dotada amb un import de 500 euros bruts mensuals, que s&#8217;abonaran en per\u00edodes ven\u00e7uts, a c\u00e0rrec de la Diputaci\u00f3 de Val\u00e8ncia en un 80%; i de l&#8217;Ajuntament.<\/p>\n<p style=\"text-align: justify;\">Bases de la convocat\u00f2ria<br \/><span style=\"color: #0000ff;\">https:\/\/docs.wixstatic.com\/ugd\/bfeeef_e72ed4b28b2c4939b11c024b3a22c410.pdf<\/span><\/p>\n<p style=\"text-align: justify;\">Sol\u2022licitud<br \/><span style=\"color: #0000ff;\">https:\/\/docs.wixstatic.com\/ugd\/bfeeef_77fb4285a2f840619084c40e4d580101.pdf<\/span><\/p>\n<p style=\"text-align: justify;\"><span style=\"color: #0000ff;\"><\/span><\/p>\n<p style=\"text-align: center;\"><a href=\"https:\/\/alzira.es\/wp-content\/uploads\/2019\/06\/IMG_5937_edited.jpg\" target=\"_blank\" rel=\"noopener\"><span style=\"color: #0000ff;\"><img decoding=\"async\" class=\"size-full wp-image-42100 lazyload\" title=\"L\u2019Ajuntament d\u2019Alzira se suma un any m\u00e9s a \u201cLa Dipu et beca\u201d \" data-src=\"https:\/\/alzira.es\/wp-content\/uploads\/2019\/06\/IMG_5937_edited.jpg\" alt=\"IMG 5937 edited\" width=\"600\" height=\"272\" src=\"data:image\/svg+xml;base64,PHN2ZyB3aWR0aD0iMSIgaGVpZ2h0PSIxIiB4bWxucz0iaHR0cDovL3d3dy53My5vcmcvMjAwMC9zdmciPjwvc3ZnPg==\" style=\"--smush-placeholder-width: 600px; --smush-placeholder-aspect-ratio: 600\/272;\" \/><\/span><\/a><\/p>\n","protected":false},"excerpt":{"rendered":"<p>Alzira, 11 de juny de 2019._ L&#8217;Ajuntament d&#8217;Alzira s&#8217;adhereix, un any m\u00e9s, al programa \u00abLa Dipu et beca\u00bb amb la finalitat que els estudiants majors de 18 anys, tant universitaris com de Formaci\u00f3 Professional, puguen realitzar pr\u00e0ctiques formatives en els diferents departaments municipals.Els interessats a sol\u2022licitar esta beca poden tramitar-ho a la Clau del 12 &hellip; <\/p>\n<p class=\"link-more\"><a href=\"https:\/\/alzira.es\/es\/l-ajuntament-d-alzira-se-suma-un-any-mes-a-la-dipu-et-beca\/\" class=\"more-link\">Continuar leyendo<span class=\"screen-reader-text\"> \u00abL\u2019Ajuntament d\u2019Alzira se suma un any m\u00e9s a \u201cLa Dipu et beca\u201d\u00bb<\/span><\/a><\/p>\n","protected":false},"author":12,"featured_media":42097,"comment_status":"","ping_status":"","sticky":false,"template":"","format":"standard","meta":{"_acf_changed":false,"footnotes":""},"categories":[],"tags":[],"class_list":["post-42106","post","type-post","status-publish","format-standard","has-post-thumbnail","hentry"],"acf":[],"_links":{"self":[{"href":"https:\/\/alzira.es\/es\/wp-json\/wp\/v2\/posts\/42106","targetHints":{"allow":["GET"]}}],"collection":[{"href":"https:\/\/alzira.es\/es\/wp-json\/wp\/v2\/posts"}],"about":[{"href":"https:\/\/alzira.es\/es\/wp-json\/wp\/v2\/types\/post"}],"author":[{"embeddable":true,"href":"https:\/\/alzira.es\/es\/wp-json\/wp\/v2\/users\/12"}],"replies":[{"embeddable":true,"href":"https:\/\/alzira.es\/es\/wp-json\/wp\/v2\/comments?post=42106"}],"version-history":[{"count":0,"href":"https:\/\/alzira.es\/es\/wp-json\/wp\/v2\/posts\/42106\/revisions"}],"wp:featuredmedia":[{"embeddable":true,"href":"https:\/\/alzira.es\/es\/wp-json\/wp\/v2\/media\/42097"}],"wp:attachment":[{"href":"https:\/\/alzira.es\/es\/wp-json\/wp\/v2\/media?parent=42106"}],"wp:term":[{"taxonomy":"category","embeddable":true,"href":"https:\/\/alzira.es\/es\/wp-json\/wp\/v2\/categories?post=42106"},{"taxonomy":"post_tag","embeddable":true,"href":"https:\/\/alzira.es\/es\/wp-json\/wp\/v2\/tags?post=42106"}],"curies":[{"name":"wp","href":"https:\/\/api.w.org\/{rel}","templated":true}]}}