{"id":42103,"date":"2019-06-11T16:00:00","date_gmt":"2019-06-11T14:00:00","guid":{"rendered":"https:\/\/alzira.es\/el-ayuntamiento-de-alzira-se-suma-un-ano-mas-a-la-dipu-te-beca\/"},"modified":"2019-06-11T16:00:00","modified_gmt":"2019-06-11T14:00:00","slug":"el-ayuntamiento-de-alzira-se-suma-un-ano-mas-a-la-dipu-te-beca","status":"publish","type":"post","link":"https:\/\/alzira.es\/es\/el-ayuntamiento-de-alzira-se-suma-un-ano-mas-a-la-dipu-te-beca\/","title":{"rendered":"El Ayuntamiento de Alzira se suma un a\u00f1o m\u00e1s a \u00abLa Dipu te beca\u00bb"},"content":{"rendered":"<p style=\"text-align: justify;\"><strong><a href=\"https:\/\/alzira.es\/wp-content\/uploads\/2019\/06\/62549129_2388868921144603_558238657765441536_n.jpg\" target=\"_blank\" rel=\"noopener\"><img fetchpriority=\"high\" decoding=\"async\" class=\" alignleft size-full wp-image-42097\" style=\"margin-right: 10px; float: left;\" title=\"El Ayuntamiento de Alzira se suma un a\u00f1o m\u00e1s a &quot;La Dipu te beca&quot;\" src=\"https:\/\/alzira.es\/wp-content\/uploads\/2019\/06\/62549129_2388868921144603_558238657765441536_n.jpg\" alt=\"62549129 2388868921144603 558238657765441536 n\" width=\"400\" height=\"558\" srcset=\"https:\/\/alzira.es\/wp-content\/uploads\/2019\/06\/62549129_2388868921144603_558238657765441536_n.jpg 689w, https:\/\/alzira.es\/wp-content\/uploads\/2019\/06\/62549129_2388868921144603_558238657765441536_n-366x510.jpg 366w\" sizes=\"(max-width: 400px) 100vw, 400px\" \/><\/a>Alzira, 11 de junio de 2019.-<\/strong> El Ayuntamiento de Alzira se adhiere, un a\u00f1o m\u00e1s, en el programa \u00abLa Dipu te beca\u00bb con el fin de que los estudiantes mayores de 18 a\u00f1os, tanto universitarios como de Formaci\u00f3n Profesional, puedan realizar pr\u00e1cticas formativas en los diferentes departamentos municipales.<br \/>Los interesados \u200b\u200ben solicitar esta beca pueden tramitarlo a la Clau del 12 al 18 de junio en el siguiente horario:<\/p>\n<p style=\"text-align: justify;\">\u2022 12 de junio de 9 a 18 horas<br \/>\u2022 13 y 14 de junio de 9 a 14 horas<br \/>\u2022 17 y 18 de junio de 9 a 13 horas<\/p>\n<p style=\"text-align: justify;\">La duraci\u00f3n m\u00e1xima de las becas ser\u00e1 de 2 meses que deber\u00e1n ser necesariamente julio y agosto. La dedicaci\u00f3n de los destinatarios de las becas ser\u00e1, como m\u00ednimo, de 20 horas semanales, que deber\u00e1n ser realizadas siguiendo las instrucciones del tutor.<\/p>\n<p style=\"text-align: justify;\">Las especialidades formativas que podr\u00e1n ser beneficiarias de este programa son las determinadas en las bases de cada convocatoria, entre las que se encuentran entre otros los grados de Arquitectura, Derecho, Ingenier\u00eda Inform\u00e1tica, Traducci\u00f3n e Interpretaci\u00f3n o Turismo o la formaci\u00f3n profesional en Gesti\u00f3n administrativa, Animaci\u00f3n Sociocultural o Desarrollo de Aplicaciones Web.<\/p>\n<p style=\"text-align: justify;\">La dotaci\u00f3n mensual bruta de la beca es de 500 \u20ac brutos, por beca y mes concedido. Cada una de las becas est\u00e1 dotada con un importe de 500 euros brutos mensuales, que se abonar\u00e1n en periodos vencidos, a cargo de la Diputaci\u00f3n de Valencia en un 80%; y del Ayuntamiento.<br \/>Bases de la convocatoria<br \/><span style=\"color: #0000ff;\">https:\/\/docs.wixstatic.com\/ugd\/bfeeef_e72ed4b28b2c4939b11c024b3a22c410.pdf<\/span><br \/>Solicitud<br \/><span style=\"color: #0000ff;\"><a href=\"https:\/\/docs.wixstatic.com\/ugd\/bfeeef_77fb4285a2f840619084c40e4d580101.pdf\">https:\/\/docs.wixstatic.com\/ugd\/bfeeef_77fb4285a2f840619084c40e4d580101.pdf<\/a><\/span><\/p>\n<p style=\"text-align: center;\"><a href=\"https:\/\/alzira.es\/wp-content\/uploads\/2019\/06\/IMG_5937_edited.jpg\" target=\"_blank\" rel=\"noopener\"><span style=\"color: #0000ff;\"><img decoding=\"async\" class=\"size-full wp-image-42100 lazyload\" title=\"El Ayuntamiento de Alzira se suma un a\u00f1o m\u00e1s a &quot;La Dipu te beca&quot;\" data-src=\"https:\/\/alzira.es\/wp-content\/uploads\/2019\/06\/IMG_5937_edited.jpg\" alt=\"IMG 5937 edited\" width=\"600\" height=\"272\" src=\"data:image\/svg+xml;base64,PHN2ZyB3aWR0aD0iMSIgaGVpZ2h0PSIxIiB4bWxucz0iaHR0cDovL3d3dy53My5vcmcvMjAwMC9zdmciPjwvc3ZnPg==\" style=\"--smush-placeholder-width: 600px; --smush-placeholder-aspect-ratio: 600\/272;\" \/><\/span><\/a><\/p>\n","protected":false},"excerpt":{"rendered":"<p>Alzira, 11 de junio de 2019.- El Ayuntamiento de Alzira se adhiere, un a\u00f1o m\u00e1s, en el programa \u00abLa Dipu te beca\u00bb con el fin de que los estudiantes mayores de 18 a\u00f1os, tanto universitarios como de Formaci\u00f3n Profesional, puedan realizar pr\u00e1cticas formativas en los diferentes departamentos municipales.Los interesados \u200b\u200ben solicitar esta beca pueden tramitarlo &hellip; <\/p>\n<p class=\"link-more\"><a href=\"https:\/\/alzira.es\/es\/el-ayuntamiento-de-alzira-se-suma-un-ano-mas-a-la-dipu-te-beca\/\" class=\"more-link\">Continuar leyendo<span class=\"screen-reader-text\"> \u00abEl Ayuntamiento de Alzira se suma un a\u00f1o m\u00e1s a \u00abLa Dipu te beca\u00bb\u00bb<\/span><\/a><\/p>\n","protected":false},"author":12,"featured_media":42097,"comment_status":"","ping_status":"","sticky":false,"template":"","format":"standard","meta":{"_acf_changed":false,"footnotes":""},"categories":[4936],"tags":[],"class_list":["post-42103","post","type-post","status-publish","format-standard","has-post-thumbnail","hentry","category-hemeroteca-es"],"acf":[],"_links":{"self":[{"href":"https:\/\/alzira.es\/es\/wp-json\/wp\/v2\/posts\/42103","targetHints":{"allow":["GET"]}}],"collection":[{"href":"https:\/\/alzira.es\/es\/wp-json\/wp\/v2\/posts"}],"about":[{"href":"https:\/\/alzira.es\/es\/wp-json\/wp\/v2\/types\/post"}],"author":[{"embeddable":true,"href":"https:\/\/alzira.es\/es\/wp-json\/wp\/v2\/users\/12"}],"replies":[{"embeddable":true,"href":"https:\/\/alzira.es\/es\/wp-json\/wp\/v2\/comments?post=42103"}],"version-history":[{"count":0,"href":"https:\/\/alzira.es\/es\/wp-json\/wp\/v2\/posts\/42103\/revisions"}],"wp:featuredmedia":[{"embeddable":true,"href":"https:\/\/alzira.es\/es\/wp-json\/wp\/v2\/media\/42097"}],"wp:attachment":[{"href":"https:\/\/alzira.es\/es\/wp-json\/wp\/v2\/media?parent=42103"}],"wp:term":[{"taxonomy":"category","embeddable":true,"href":"https:\/\/alzira.es\/es\/wp-json\/wp\/v2\/categories?post=42103"},{"taxonomy":"post_tag","embeddable":true,"href":"https:\/\/alzira.es\/es\/wp-json\/wp\/v2\/tags?post=42103"}],"curies":[{"name":"wp","href":"https:\/\/api.w.org\/{rel}","templated":true}]}}