{"id":42010,"date":"2019-06-10T09:54:03","date_gmt":"2019-06-10T07:54:03","guid":{"rendered":"https:\/\/alzira.es\/l-ajuntament-d-alzira-i-idea-organitzen-el-segon-taller-de-cuina-de-la-reganya\/"},"modified":"2019-06-10T09:54:03","modified_gmt":"2019-06-10T07:54:03","slug":"l-ajuntament-d-alzira-i-idea-organitzen-el-segon-taller-de-cuina-de-la-reganya","status":"publish","type":"post","link":"https:\/\/alzira.es\/es\/l-ajuntament-d-alzira-i-idea-organitzen-el-segon-taller-de-cuina-de-la-reganya\/","title":{"rendered":"L\u2019Ajuntament d\u2019Alzira i IDEA organitzen el segon taller de cuina de la Regany\u00e0"},"content":{"rendered":"<p style=\"text-align: justify;\"><strong><a href=\"https:\/\/alzira.es\/wp-content\/uploads\/2019\/06\/alzira-la-reganya.jpg\" target=\"_blank\" rel=\"noopener\"><img fetchpriority=\"high\" decoding=\"async\" class=\" alignleft size-full wp-image-42006\" style=\"margin-right: 10px; float: left;\" title=\"L\u2019Ajuntament d\u2019Alzira i IDEA organitzen el segon taller de cuina de la Regany\u00e0\" src=\"https:\/\/alzira.es\/wp-content\/uploads\/2019\/06\/alzira-la-reganya.jpg\" alt=\"alzira-la-reganya\" width=\"600\" height=\"399\" srcset=\"https:\/\/alzira.es\/wp-content\/uploads\/2019\/06\/alzira-la-reganya.jpg 970w, https:\/\/alzira.es\/wp-content\/uploads\/2019\/06\/alzira-la-reganya-680x452.jpg 680w, https:\/\/alzira.es\/wp-content\/uploads\/2019\/06\/alzira-la-reganya-768x511.jpg 768w\" sizes=\"(max-width: 600px) 100vw, 600px\" \/><\/a>Alzira, 10 de juny 2010-.<\/strong> L&#8217;Ajuntament d&#8217;Alzira, mitjan\u00e7ant l&#8217;ag\u00e8ncia IDEA, organitza el segon taller \u00abCuina la teua Regany\u00e0 en fam\u00edlia\u00bb, que tindr\u00e0 lloc el proper 27 de juny a les 18 hores a l&#8217;Escuela de Cocina Cremades (Alzira). El taller ser\u00e0 impartit per la cuinera Ana Gimeno i, en esta ocasi\u00f3, est\u00e0 dirigit a les fam\u00edlies, un adult i un menor.<\/p>\n<p style=\"text-align: justify;\">La jornada constar\u00e0 d&#8217;un curs de preparaci\u00f3 i continuar\u00e0 amb una degustaci\u00f3 del dol\u00e7. A m\u00e9s, cadascun dels participants es podr\u00e0 emportar el producte final a casa.<\/p>\n<p style=\"text-align: justify;\">Esta segona edici\u00f3 complementa el primer taller \u00abCuina la teua Regany\u00e0\u00bb, que estava dirigit als majors de la casa, i continua amb la tasca de promoci\u00f3 de l&#8217;Ajuntament d&#8217;Alzira, en col\u2022laboraci\u00f3 amb el Gremi de Forners, d&#8217;este dol\u00e7 t\u00edpic de la localitat.<\/p>\n<p style=\"text-align: justify;\">&nbsp;<\/p>\n","protected":false},"excerpt":{"rendered":"<p>Alzira, 10 de juny 2010-. L&#8217;Ajuntament d&#8217;Alzira, mitjan\u00e7ant l&#8217;ag\u00e8ncia IDEA, organitza el segon taller \u00abCuina la teua Regany\u00e0 en fam\u00edlia\u00bb, que tindr\u00e0 lloc el proper 27 de juny a les 18 hores a l&#8217;Escuela de Cocina Cremades (Alzira). El taller ser\u00e0 impartit per la cuinera Ana Gimeno i, en esta ocasi\u00f3, est\u00e0 dirigit a les &hellip; <\/p>\n<p class=\"link-more\"><a href=\"https:\/\/alzira.es\/es\/l-ajuntament-d-alzira-i-idea-organitzen-el-segon-taller-de-cuina-de-la-reganya\/\" class=\"more-link\">Continuar leyendo<span class=\"screen-reader-text\"> \u00abL\u2019Ajuntament d\u2019Alzira i IDEA organitzen el segon taller de cuina de la Regany\u00e0\u00bb<\/span><\/a><\/p>\n","protected":false},"author":12,"featured_media":42006,"comment_status":"","ping_status":"","sticky":false,"template":"","format":"standard","meta":{"_acf_changed":false,"footnotes":""},"categories":[],"tags":[],"class_list":["post-42010","post","type-post","status-publish","format-standard","has-post-thumbnail","hentry"],"acf":[],"_links":{"self":[{"href":"https:\/\/alzira.es\/es\/wp-json\/wp\/v2\/posts\/42010","targetHints":{"allow":["GET"]}}],"collection":[{"href":"https:\/\/alzira.es\/es\/wp-json\/wp\/v2\/posts"}],"about":[{"href":"https:\/\/alzira.es\/es\/wp-json\/wp\/v2\/types\/post"}],"author":[{"embeddable":true,"href":"https:\/\/alzira.es\/es\/wp-json\/wp\/v2\/users\/12"}],"replies":[{"embeddable":true,"href":"https:\/\/alzira.es\/es\/wp-json\/wp\/v2\/comments?post=42010"}],"version-history":[{"count":0,"href":"https:\/\/alzira.es\/es\/wp-json\/wp\/v2\/posts\/42010\/revisions"}],"wp:featuredmedia":[{"embeddable":true,"href":"https:\/\/alzira.es\/es\/wp-json\/wp\/v2\/media\/42006"}],"wp:attachment":[{"href":"https:\/\/alzira.es\/es\/wp-json\/wp\/v2\/media?parent=42010"}],"wp:term":[{"taxonomy":"category","embeddable":true,"href":"https:\/\/alzira.es\/es\/wp-json\/wp\/v2\/categories?post=42010"},{"taxonomy":"post_tag","embeddable":true,"href":"https:\/\/alzira.es\/es\/wp-json\/wp\/v2\/tags?post=42010"}],"curies":[{"name":"wp","href":"https:\/\/api.w.org\/{rel}","templated":true}]}}