{"id":41997,"date":"2019-06-07T14:29:36","date_gmt":"2019-06-07T12:29:36","guid":{"rendered":"https:\/\/alzira.es\/yllana-maduixa-y-xavi-castillo-protagonistas-del-31-encuentro-de-teatro-en-verano\/"},"modified":"2019-06-07T14:29:36","modified_gmt":"2019-06-07T12:29:36","slug":"yllana-maduixa-y-xavi-castillo-protagonistas-del-31-encuentro-de-teatro-en-verano","status":"publish","type":"post","link":"https:\/\/alzira.es\/es\/yllana-maduixa-y-xavi-castillo-protagonistas-del-31-encuentro-de-teatro-en-verano\/","title":{"rendered":"Yllana, Maduixa y Xavi Castillo, protagonistas del 31 Encuentro de Teatro en Verano"},"content":{"rendered":"<p style=\"text-align: justify;\"><strong>Alzira, 07 de junio de 2019.-<\/strong> Con la llegada del verano Alzira se prepara para celebrar el Encuentro de Teatro en Verano (del 25 al 29 de junio), un festival que cumple su 31 edici\u00f3n y que este a\u00f1o destaca la presencia de los grupos Yllana- Primital Brothers y Maduixa Creacions. Cabe destacar tambi\u00e9n la vuelta al encuentro del humorista Xavi Castillo, que cerrar\u00e1 el evento.<\/p>\n<p style=\"text-align: justify;\">El encuentro comenzar\u00e1 con un taller de juegos teatrales el d\u00eda 25. Por la tarde actuar\u00e1 Mira Rosana Proyectos con <em>La flor Flora<\/em> en la Casa de la Cultura. Por la noche, actuar\u00e1 el grupo Teatro contrahecho con la escenificaci\u00f3n de <em>Segarem ortigues amb els tacons<\/em>.<\/p>\n<p style=\"text-align: justify;\">Al d\u00eda siguiente habr\u00e1 un taller de teatro para la integraci\u00f3n social, y por la noche, en el Gran Teatro actuar\u00e1 La subterranea con la obra <em>Male\u00efda Tardor<\/em>. El jueves en el Gran Teatro, Viridiana pondr\u00e1 en escena <em>Ligeros de equipaje<\/em> con los int\u00e9rpretes Javier Garc\u00eda y Pedor Rebollo.<\/p>\n<p style=\"text-align: justify;\">Uno de los platos fuertes de esta edici\u00f3n es la actuaci\u00f3n el d\u00eda 28 de junio de Yllana y Pr\u00edmital Bros con la obra The Pr\u00edmital, una divertid\u00edsima comedia musical a capella. A partir de las 23.30 horas, en la Casa de la Cultura Tramant Teatro escenificar\u00e1 <em>Amigues<\/em>.<\/p>\n<p style=\"text-align: justify;\">Fresa Creaciones actuar\u00e1 el d\u00eda 29 de junio con la obra <em>Mulier<\/em>, una idea de Joan Santacreu, donde la danza, las emociones y la poes\u00eda visual ser\u00e1n el eje de la obra. La clausura del festival estar\u00e1 a cargo de \u00abXavi Castillo News!\u00bb.<\/p>\n<p style=\"text-align: justify;\">Abono 31 Encuentro (para todos los espect\u00e1culos excepto el teatro familiar <em>La Flor Flora<\/em>):<br \/>&#8211; Normal: <strong>25 \u20ac<\/strong><br \/>&#8211; Reducido (carnet joven, jublitats y estudiantes de institutos de Alzira): <strong>20 \u20ac<\/strong><\/p>\n<p style=\"text-align: justify;\"><strong>VENTA DE ENTRADAS&nbsp;ANTICIPADA<\/strong><br \/>\u2022 TAQUILLA DEL GRAN TEATRO: martes y jueves de 19.30 a 21 h<br \/>\u2022 Instant Ticket:<br \/>&#8211; Tel\u00e9fono: 902 444 300, de 8 h a 23 h<br \/>&#8211; Por Internet: www.instanticket.es, las 24 horas<\/p>\n<p style=\"text-align: justify;\">EL MISMO D\u00cdA DE LA REPRESENTACI\u00d3N: desde una hora antes.<\/p>\n<p style=\"text-align: center;\"><a href=\"https:\/\/alzira.es\/wp-content\/uploads\/2014\/12\/3.jpg\" target=\"_blank\" rel=\"noopener\"><img fetchpriority=\"high\" decoding=\"async\" class=\" size-full wp-image-9758\" title=\"Yllana, Maduixa y Xavi Castillo, protagonistas del 31 Encuentro de Teatro en Verano\" src=\"https:\/\/alzira.es\/wp-content\/uploads\/2014\/12\/3.jpg\" alt=\"3\" width=\"400\" height=\"267\" \/><\/a>&nbsp;<a href=\"https:\/\/alzira.es\/wp-content\/uploads\/2014\/12\/6.jpg\" target=\"_blank\" rel=\"noopener\"><img decoding=\"async\" class=\"size-full wp-image-9762 lazyload\" title=\"Yllana, Maduixa y Xavi Castillo, protagonistas del 31 Encuentro de Teatro en Verano\" data-src=\"https:\/\/alzira.es\/wp-content\/uploads\/2014\/12\/6.jpg\" alt=\"6\" width=\"178\" height=\"267\" src=\"data:image\/svg+xml;base64,PHN2ZyB3aWR0aD0iMSIgaGVpZ2h0PSIxIiB4bWxucz0iaHR0cDovL3d3dy53My5vcmcvMjAwMC9zdmciPjwvc3ZnPg==\" style=\"--smush-placeholder-width: 178px; --smush-placeholder-aspect-ratio: 178\/267;\" \/><\/a>&nbsp;<a href=\"https:\/\/alzira.es\/wp-content\/uploads\/2019\/06\/8.jpg\" target=\"_blank\" rel=\"noopener\"><img decoding=\"async\" class=\"size-full wp-image-41979 lazyload\" title=\"Yllana, Maduixa y Xavi Castillo, protagonistas del 31 Encuentro de Teatro en Verano\" data-src=\"https:\/\/alzira.es\/wp-content\/uploads\/2019\/06\/8.jpg\" alt=\"8\" width=\"278\" height=\"267\" data-srcset=\"https:\/\/alzira.es\/wp-content\/uploads\/2019\/06\/8.jpg 650w, https:\/\/alzira.es\/wp-content\/uploads\/2019\/06\/8-531x510.jpg 531w\" data-sizes=\"(max-width: 278px) 100vw, 278px\" src=\"data:image\/svg+xml;base64,PHN2ZyB3aWR0aD0iMSIgaGVpZ2h0PSIxIiB4bWxucz0iaHR0cDovL3d3dy53My5vcmcvMjAwMC9zdmciPjwvc3ZnPg==\" style=\"--smush-placeholder-width: 278px; --smush-placeholder-aspect-ratio: 278\/267;\" \/><\/a>&nbsp;<a href=\"https:\/\/alzira.es\/wp-content\/uploads\/2019\/06\/9.jpg\" target=\"_blank\" rel=\"noopener\"><img decoding=\"async\" class=\"size-full wp-image-41982 lazyload\" title=\"Yllana, Maduixa y Xavi Castillo, protagonistas del 31 Encuentro de Teatro en Verano\" data-src=\"https:\/\/alzira.es\/wp-content\/uploads\/2019\/06\/9.jpg\" alt=\"9\" width=\"186\" height=\"267\" data-srcset=\"https:\/\/alzira.es\/wp-content\/uploads\/2019\/06\/9.jpg 419w, https:\/\/alzira.es\/wp-content\/uploads\/2019\/06\/9-356x510.jpg 356w\" data-sizes=\"(max-width: 186px) 100vw, 186px\" src=\"data:image\/svg+xml;base64,PHN2ZyB3aWR0aD0iMSIgaGVpZ2h0PSIxIiB4bWxucz0iaHR0cDovL3d3dy53My5vcmcvMjAwMC9zdmciPjwvc3ZnPg==\" style=\"--smush-placeholder-width: 186px; --smush-placeholder-aspect-ratio: 186\/267;\" \/><\/a>&nbsp;<a href=\"https:\/\/alzira.es\/wp-content\/uploads\/2019\/06\/11.jpg\" target=\"_blank\" rel=\"noopener\"><img decoding=\"async\" class=\"size-full wp-image-41984 lazyload\" title=\"Yllana, Maduixa y Xavi Castillo, protagonistas del 31 Encuentro de Teatro en Verano\" data-src=\"https:\/\/alzira.es\/wp-content\/uploads\/2019\/06\/11.jpg\" alt=\"11\" width=\"196\" height=\"267\" data-srcset=\"https:\/\/alzira.es\/wp-content\/uploads\/2019\/06\/11.jpg 655w, https:\/\/alzira.es\/wp-content\/uploads\/2019\/06\/11-375x510.jpg 375w\" data-sizes=\"(max-width: 196px) 100vw, 196px\" src=\"data:image\/svg+xml;base64,PHN2ZyB3aWR0aD0iMSIgaGVpZ2h0PSIxIiB4bWxucz0iaHR0cDovL3d3dy53My5vcmcvMjAwMC9zdmciPjwvc3ZnPg==\" style=\"--smush-placeholder-width: 196px; --smush-placeholder-aspect-ratio: 196\/267;\" \/><\/a>&nbsp;<a href=\"https:\/\/alzira.es\/wp-content\/uploads\/2019\/06\/13.jpg\" target=\"_blank\" rel=\"noopener\"><img decoding=\"async\" class=\"size-full wp-image-41986 lazyload\" title=\"Yllana, Maduixa y Xavi Castillo, protagonistas del 31 Encuentro de Teatro en Verano\" data-src=\"https:\/\/alzira.es\/wp-content\/uploads\/2019\/06\/13.jpg\" alt=\"13\" width=\"188\" height=\"267\" data-srcset=\"https:\/\/alzira.es\/wp-content\/uploads\/2019\/06\/13.jpg 847w, https:\/\/alzira.es\/wp-content\/uploads\/2019\/06\/13-360x510.jpg 360w, https:\/\/alzira.es\/wp-content\/uploads\/2019\/06\/13-757x1072.jpg 757w, https:\/\/alzira.es\/wp-content\/uploads\/2019\/06\/13-768x1088.jpg 768w\" data-sizes=\"(max-width: 188px) 100vw, 188px\" src=\"data:image\/svg+xml;base64,PHN2ZyB3aWR0aD0iMSIgaGVpZ2h0PSIxIiB4bWxucz0iaHR0cDovL3d3dy53My5vcmcvMjAwMC9zdmciPjwvc3ZnPg==\" style=\"--smush-placeholder-width: 188px; --smush-placeholder-aspect-ratio: 188\/267;\" \/><\/a>&nbsp;<a href=\"https:\/\/alzira.es\/wp-content\/uploads\/2019\/06\/15.jpg\" target=\"_blank\" rel=\"noopener\"><img decoding=\"async\" class=\"size-full wp-image-41988 lazyload\" title=\"Yllana, Maduixa y Xavi Castillo, protagonistas del 31 Encuentro de Teatro en Verano\" data-src=\"https:\/\/alzira.es\/wp-content\/uploads\/2019\/06\/15.jpg\" alt=\"15\" width=\"188\" height=\"267\" src=\"data:image\/svg+xml;base64,PHN2ZyB3aWR0aD0iMSIgaGVpZ2h0PSIxIiB4bWxucz0iaHR0cDovL3d3dy53My5vcmcvMjAwMC9zdmciPjwvc3ZnPg==\" style=\"--smush-placeholder-width: 188px; --smush-placeholder-aspect-ratio: 188\/267;\" \/><\/a><\/p>\n<p style=\"text-align: center;\">Consulta la programaci\u00f3n completa&nbsp;<strong><a href=\"https:\/\/alzira.es\/wp-content\/uploads\/2019\/06\/Programacio_2019.pdf\" target=\"_blank\" rel=\"noopener\">aqu\u00ed<\/a><\/strong><\/p>\n<p style=\"text-align: center;\">Consulta la revista del Encontre de Teatre <a href=\"https:\/\/alzira.es\/wp-content\/uploads\/2019\/06\/REVISTA_ENCONTRE_DE_TEATRE_tzd_.pdf\" target=\"_blank\" rel=\"noopener\"><strong>aqu\u00ed<\/strong><\/a><\/p>\n","protected":false},"excerpt":{"rendered":"<p>Alzira, 07 de junio de 2019.- Con la llegada del verano Alzira se prepara para celebrar el Encuentro de Teatro en Verano (del 25 al 29 de junio), un festival que cumple su 31 edici\u00f3n y que este a\u00f1o destaca la presencia de los grupos Yllana- Primital Brothers y Maduixa Creacions. Cabe destacar tambi\u00e9n la &hellip; <\/p>\n<p class=\"link-more\"><a href=\"https:\/\/alzira.es\/es\/yllana-maduixa-y-xavi-castillo-protagonistas-del-31-encuentro-de-teatro-en-verano\/\" class=\"more-link\">Continuar leyendo<span class=\"screen-reader-text\"> \u00abYllana, Maduixa y Xavi Castillo, protagonistas del 31 Encuentro de Teatro en Verano\u00bb<\/span><\/a><\/p>\n","protected":false},"author":12,"featured_media":9758,"comment_status":"","ping_status":"","sticky":false,"template":"","format":"standard","meta":{"_acf_changed":false,"footnotes":""},"categories":[4936],"tags":[],"class_list":["post-41997","post","type-post","status-publish","format-standard","has-post-thumbnail","hentry","category-hemeroteca-es"],"acf":[],"_links":{"self":[{"href":"https:\/\/alzira.es\/es\/wp-json\/wp\/v2\/posts\/41997","targetHints":{"allow":["GET"]}}],"collection":[{"href":"https:\/\/alzira.es\/es\/wp-json\/wp\/v2\/posts"}],"about":[{"href":"https:\/\/alzira.es\/es\/wp-json\/wp\/v2\/types\/post"}],"author":[{"embeddable":true,"href":"https:\/\/alzira.es\/es\/wp-json\/wp\/v2\/users\/12"}],"replies":[{"embeddable":true,"href":"https:\/\/alzira.es\/es\/wp-json\/wp\/v2\/comments?post=41997"}],"version-history":[{"count":0,"href":"https:\/\/alzira.es\/es\/wp-json\/wp\/v2\/posts\/41997\/revisions"}],"wp:featuredmedia":[{"embeddable":true,"href":"https:\/\/alzira.es\/es\/wp-json\/wp\/v2\/media\/9758"}],"wp:attachment":[{"href":"https:\/\/alzira.es\/es\/wp-json\/wp\/v2\/media?parent=41997"}],"wp:term":[{"taxonomy":"category","embeddable":true,"href":"https:\/\/alzira.es\/es\/wp-json\/wp\/v2\/categories?post=41997"},{"taxonomy":"post_tag","embeddable":true,"href":"https:\/\/alzira.es\/es\/wp-json\/wp\/v2\/tags?post=41997"}],"curies":[{"name":"wp","href":"https:\/\/api.w.org\/{rel}","templated":true}]}}