{"id":41896,"date":"2019-06-05T16:00:00","date_gmt":"2019-06-05T14:00:00","guid":{"rendered":"https:\/\/alzira.es\/asindown-premia-la-tasca-de-la-treballadora-de-l-ajuntament-rut-altur\/"},"modified":"2019-06-05T16:00:00","modified_gmt":"2019-06-05T14:00:00","slug":"asindown-premia-la-tasca-de-la-treballadora-de-l-ajuntament-rut-altur","status":"publish","type":"post","link":"https:\/\/alzira.es\/es\/asindown-premia-la-tasca-de-la-treballadora-de-l-ajuntament-rut-altur\/","title":{"rendered":"Asindown premia la tasca de la treballadora de l\u2019Ajuntament Rut Altur"},"content":{"rendered":"<p style=\"text-align: justify;\"><strong>Alzira, 5 de juny de 2019.-<\/strong> El passat divendres 31 de maig, va tindre lloc la Gala Imparables, en la que l&#8217;associaci\u00f3 Asindown va fer un reconeixement a m\u00e9s de cent treballadors amb S\u00edndrome de Down o discapacitat intel\u2022lectual que estan treballant en l&#8217;actualitat.<\/p>\n<p style=\"text-align: justify;\">Enguany una de les guardonades ha estat la treballadora de l&#8217;Ajuntament d&#8217;Alzira Rut Altur, una jove que compta amb vora 16 anys de servei a la ciutadania i que actualment pots trobar a l&#8217;Oficina d&#8217;atenci\u00f3 ciutadana, la Clau. L&#8217;alcalde d&#8217;Alzira en funcions, Diego G\u00f3mez ha donat l&#8217;enhorabona a Rut, \u00abcom no podria ser d&#8217;altra manera, ha estat destacada en la categoria Saviesa de l&#8217;expert\u00bb.<\/p>\n<p style=\"text-align: justify;\">L&#8217;acte, que va tindre lloc als cines Lys de Val\u00e8ncia, va ser una ocasi\u00f3 per a destacar les seues capacitats laborals i reivindicar una plena inclusi\u00f3 social. Altur, va rebre el guard\u00f3 de mans de la Vicerectora d&#8217;Igualtat, diversitat i sostenibilitat de la Universitat de Val\u00e8ncia, Elena Mart\u00ednez i acompanyada per la seua fam\u00edlia i per la Directora de la Clau, Isabel Serra.<\/p>\n<p style=\"text-align: justify;\">La coordinadora de l&#8217;\u00e0rea d&#8217;\u00fas de Asindown, Teresa Miedes, ha explicat que la situaci\u00f3 laboral per a les persones d&#8217;aquest col\u2022lectiu \u00e9s complicada i a vegades \u00abrepleta d&#8217;obstacles\u00bb. \u00abPer aix\u00f2 els diem imparables, perqu\u00e8 demostren que no es donen per ven\u00e7uts i lluiten per aconseguir una meta, que posseeixen una disciplina exemplar, que no es detenen davant obstacles\u00bb, ha indicat en un comunicat.<\/p>\n<p style=\"text-align: justify;\">La traject\u00f2ria laboral dels usuaris de Asindown, en aquesta ocasi\u00f3, s&#8217;ha dividit en set categories diferents: <em>La saviesa de l&#8217;expert<\/em>, <em>L&#8217;esfor\u00e7 de la superaci\u00f3<\/em>, <em>El valor de la companyonia<\/em> i <em>Passi\u00f3 del principiant<\/em>, <em>El repartiment de somriures<\/em>, <em>La traject\u00f2ria laboral<\/em> i <em>La rigorositat de la const\u00e0ncia<\/em>.<\/p>\n<p style=\"text-align: justify;\">A la gala van assistir representants de les empreses valencianes que han apostat per inclusi\u00f3 laboral i autoritats com Helena Ferrando Calatayud, Secret\u00e0ria Auton\u00f2mica de Serveis Socials i Autonomia Personal, M\u00aaJos\u00e9 Mira Veintimilla, Secret\u00e0ria Auton\u00f2mica de Model Econ\u00f2mic i Finan\u00e7ament, i artistes com la cantant Sole Gim\u00e9nez. Comptarem amb la seua participaci\u00f3 per a atorgar els diferents guardons.<\/p>\n<p style=\"text-align: justify;\">&nbsp;<\/p>\n<p style=\"text-align: center;\"><a href=\"https:\/\/alzira.es\/wp-content\/uploads\/2019\/06\/IMG_8616.jpg\" target=\"_blank\" rel=\"noopener\"><img fetchpriority=\"high\" decoding=\"async\" class=\" size-full wp-image-41887\" title=\"Asindown premia la tasca de la treballadora de l\u2019Ajuntament Rut Altur  \" src=\"https:\/\/alzira.es\/wp-content\/uploads\/2019\/06\/IMG_8616.jpg\" alt=\"IMG 8616\" width=\"400\" height=\"267\" \/><\/a>&nbsp;<a href=\"https:\/\/alzira.es\/wp-content\/uploads\/2019\/06\/IMG_8622.jpg\" target=\"_blank\" rel=\"noopener\"><img decoding=\"async\" class=\"size-full wp-image-41889 lazyload\" title=\"Asindown premia la tasca de la treballadora de l\u2019Ajuntament Rut Altur  \" data-src=\"https:\/\/alzira.es\/wp-content\/uploads\/2019\/06\/IMG_8622.jpg\" alt=\"IMG 8622\" width=\"400\" height=\"267\" src=\"data:image\/svg+xml;base64,PHN2ZyB3aWR0aD0iMSIgaGVpZ2h0PSIxIiB4bWxucz0iaHR0cDovL3d3dy53My5vcmcvMjAwMC9zdmciPjwvc3ZnPg==\" style=\"--smush-placeholder-width: 400px; --smush-placeholder-aspect-ratio: 400\/267;\" \/><\/a>&nbsp;<a href=\"https:\/\/alzira.es\/wp-content\/uploads\/2019\/06\/MVIMG_20190531_130639_358.jpg\" target=\"_blank\" rel=\"noopener\"><img decoding=\"async\" class=\"size-full wp-image-41891 lazyload\" title=\"Asindown premia la tasca de la treballadora de l\u2019Ajuntament Rut Altur  \" data-src=\"https:\/\/alzira.es\/wp-content\/uploads\/2019\/06\/MVIMG_20190531_130639_358.jpg\" alt=\"MVIMG 20190531 130639 358\" width=\"356\" height=\"267\" data-srcset=\"https:\/\/alzira.es\/wp-content\/uploads\/2019\/06\/MVIMG_20190531_130639_358.jpg 1200w, https:\/\/alzira.es\/wp-content\/uploads\/2019\/06\/MVIMG_20190531_130639_358-680x510.jpg 680w, https:\/\/alzira.es\/wp-content\/uploads\/2019\/06\/MVIMG_20190531_130639_358-768x576.jpg 768w\" data-sizes=\"(max-width: 356px) 100vw, 356px\" src=\"data:image\/svg+xml;base64,PHN2ZyB3aWR0aD0iMSIgaGVpZ2h0PSIxIiB4bWxucz0iaHR0cDovL3d3dy53My5vcmcvMjAwMC9zdmciPjwvc3ZnPg==\" style=\"--smush-placeholder-width: 356px; --smush-placeholder-aspect-ratio: 356\/267;\" \/><\/a><\/p>\n","protected":false},"excerpt":{"rendered":"<p>Alzira, 5 de juny de 2019.- El passat divendres 31 de maig, va tindre lloc la Gala Imparables, en la que l&#8217;associaci\u00f3 Asindown va fer un reconeixement a m\u00e9s de cent treballadors amb S\u00edndrome de Down o discapacitat intel\u2022lectual que estan treballant en l&#8217;actualitat. Enguany una de les guardonades ha estat la treballadora de l&#8217;Ajuntament &hellip; <\/p>\n<p class=\"link-more\"><a href=\"https:\/\/alzira.es\/es\/asindown-premia-la-tasca-de-la-treballadora-de-l-ajuntament-rut-altur\/\" class=\"more-link\">Continuar leyendo<span class=\"screen-reader-text\"> \u00abAsindown premia la tasca de la treballadora de l\u2019Ajuntament Rut Altur\u00bb<\/span><\/a><\/p>\n","protected":false},"author":12,"featured_media":41887,"comment_status":"","ping_status":"","sticky":false,"template":"","format":"standard","meta":{"_acf_changed":false,"footnotes":""},"categories":[],"tags":[],"class_list":["post-41896","post","type-post","status-publish","format-standard","has-post-thumbnail","hentry"],"acf":[],"_links":{"self":[{"href":"https:\/\/alzira.es\/es\/wp-json\/wp\/v2\/posts\/41896","targetHints":{"allow":["GET"]}}],"collection":[{"href":"https:\/\/alzira.es\/es\/wp-json\/wp\/v2\/posts"}],"about":[{"href":"https:\/\/alzira.es\/es\/wp-json\/wp\/v2\/types\/post"}],"author":[{"embeddable":true,"href":"https:\/\/alzira.es\/es\/wp-json\/wp\/v2\/users\/12"}],"replies":[{"embeddable":true,"href":"https:\/\/alzira.es\/es\/wp-json\/wp\/v2\/comments?post=41896"}],"version-history":[{"count":0,"href":"https:\/\/alzira.es\/es\/wp-json\/wp\/v2\/posts\/41896\/revisions"}],"wp:featuredmedia":[{"embeddable":true,"href":"https:\/\/alzira.es\/es\/wp-json\/wp\/v2\/media\/41887"}],"wp:attachment":[{"href":"https:\/\/alzira.es\/es\/wp-json\/wp\/v2\/media?parent=41896"}],"wp:term":[{"taxonomy":"category","embeddable":true,"href":"https:\/\/alzira.es\/es\/wp-json\/wp\/v2\/categories?post=41896"},{"taxonomy":"post_tag","embeddable":true,"href":"https:\/\/alzira.es\/es\/wp-json\/wp\/v2\/tags?post=41896"}],"curies":[{"name":"wp","href":"https:\/\/api.w.org\/{rel}","templated":true}]}}