{"id":41885,"date":"2019-06-05T14:19:43","date_gmt":"2019-06-05T12:19:43","guid":{"rendered":"https:\/\/alzira.es\/taller-cuina-la-teua-reganya-en-familia\/"},"modified":"2019-06-05T14:19:43","modified_gmt":"2019-06-05T12:19:43","slug":"taller-cuina-la-teua-reganya-en-familia","status":"publish","type":"post","link":"https:\/\/alzira.es\/es\/taller-cuina-la-teua-reganya-en-familia\/","title":{"rendered":"Taller \u201cCuina la teua regany\u00e0 en fam\u00edlia\u201d"},"content":{"rendered":"<p style=\"text-align: justify;\"><a href=\"https:\/\/alzira.es\/wp-content\/uploads\/2019\/06\/imagen_taller_reganya.PNG\" target=\"_blank\" rel=\"noopener\"><img fetchpriority=\"high\" decoding=\"async\" width=\"317\" height=\"224\" class=\" alignleft size-full wp-image-41881\" style=\"margin-right: 10px; float: left;\" title=\"Taller \u201cCuina la teua regany\u00e0 en fam\u00edlia\u201d\" src=\"https:\/\/alzira.es\/wp-content\/uploads\/2019\/06\/imagen_taller_reganya.PNG\" alt=\"imagen taller regany\u00e0\" \/><\/a><strong>Alzira, 5 de juny de 2019.-<\/strong> La Regidoria de Desenvolupament Econ\u00f2mic i Idea Alzira organitzen el segon taller de \u00abCuina la teua regany\u00e0 en fam\u00edlia\u00bb destinat per a tota la gent de casa que tindr\u00e0 lloc a l&#8217;escola de cuina Cremades (pla\u00e7a del Carb\u00f3 8, Alzira) el proper 27 de juny a les 18 h. El taller constar\u00e0 d&#8217;un curs de preparaci\u00f3 per a dos membres de la fam\u00edlia; un adult i un menut.<\/p>\n<p style=\"text-align: justify;\">No ho dubtes, inscriu-te de forma gratu\u00efta al web d&#8217;Idea: <span style=\"color: #0000ff;\">www.idea-alzira.com<\/span> o telefonant al <span style=\"color: #0000ff;\">96 245 51 01<\/span>. Les places son limitades!<\/p>\n<p style=\"text-align: justify;\">&nbsp;<\/p>\n","protected":false},"excerpt":{"rendered":"<p>Alzira, 5 de juny de 2019.- La Regidoria de Desenvolupament Econ\u00f2mic i Idea Alzira organitzen el segon taller de \u00abCuina la teua regany\u00e0 en fam\u00edlia\u00bb destinat per a tota la gent de casa que tindr\u00e0 lloc a l&#8217;escola de cuina Cremades (pla\u00e7a del Carb\u00f3 8, Alzira) el proper 27 de juny a les 18 h. &hellip; <\/p>\n<p class=\"link-more\"><a href=\"https:\/\/alzira.es\/es\/taller-cuina-la-teua-reganya-en-familia\/\" class=\"more-link\">Continuar leyendo<span class=\"screen-reader-text\"> \u00abTaller \u201cCuina la teua regany\u00e0 en fam\u00edlia\u201d\u00bb<\/span><\/a><\/p>\n","protected":false},"author":12,"featured_media":41881,"comment_status":"","ping_status":"","sticky":false,"template":"","format":"standard","meta":{"_acf_changed":false,"footnotes":""},"categories":[],"tags":[],"class_list":["post-41885","post","type-post","status-publish","format-standard","has-post-thumbnail","hentry"],"acf":[],"_links":{"self":[{"href":"https:\/\/alzira.es\/es\/wp-json\/wp\/v2\/posts\/41885","targetHints":{"allow":["GET"]}}],"collection":[{"href":"https:\/\/alzira.es\/es\/wp-json\/wp\/v2\/posts"}],"about":[{"href":"https:\/\/alzira.es\/es\/wp-json\/wp\/v2\/types\/post"}],"author":[{"embeddable":true,"href":"https:\/\/alzira.es\/es\/wp-json\/wp\/v2\/users\/12"}],"replies":[{"embeddable":true,"href":"https:\/\/alzira.es\/es\/wp-json\/wp\/v2\/comments?post=41885"}],"version-history":[{"count":0,"href":"https:\/\/alzira.es\/es\/wp-json\/wp\/v2\/posts\/41885\/revisions"}],"wp:featuredmedia":[{"embeddable":true,"href":"https:\/\/alzira.es\/es\/wp-json\/wp\/v2\/media\/41881"}],"wp:attachment":[{"href":"https:\/\/alzira.es\/es\/wp-json\/wp\/v2\/media?parent=41885"}],"wp:term":[{"taxonomy":"category","embeddable":true,"href":"https:\/\/alzira.es\/es\/wp-json\/wp\/v2\/categories?post=41885"},{"taxonomy":"post_tag","embeddable":true,"href":"https:\/\/alzira.es\/es\/wp-json\/wp\/v2\/tags?post=41885"}],"curies":[{"name":"wp","href":"https:\/\/api.w.org\/{rel}","templated":true}]}}