{"id":41865,"date":"2019-06-03T16:00:00","date_gmt":"2019-06-03T14:00:00","guid":{"rendered":"https:\/\/alzira.es\/el-reconocido-muralista-xolaka-junto-a-las-vecinas-y-vecinos-de-alzira-realiza-dos-nuevos-murales-en-la-alquerieta\/"},"modified":"2019-06-03T16:00:00","modified_gmt":"2019-06-03T14:00:00","slug":"el-reconocido-muralista-xolaka-junto-a-las-vecinas-y-vecinos-de-alzira-realiza-dos-nuevos-murales-en-la-alquerieta","status":"publish","type":"post","link":"https:\/\/alzira.es\/es\/el-reconocido-muralista-xolaka-junto-a-las-vecinas-y-vecinos-de-alzira-realiza-dos-nuevos-murales-en-la-alquerieta\/","title":{"rendered":"El reconocido muralista Xolaka junto a las vecinas y vecinos de Alzira, realiza dos nuevos murales en La Alquerieta"},"content":{"rendered":"<p style=\"text-align: justify;\"><strong>Alzira, 3 de junio de 2019.-<\/strong> Dentro del Festival art\u00edstico Alqueri-ARTE 2019 se han realizado dos nuevos murales participativos en el barrio de La Alquerieta, en la calle Diego d&#8217;Almagro y en la calle Calvari. En su realizaci\u00f3n se han implicado un gran n\u00famero de vecinas y vecinos tanto del barrio como del resto del municipio de Alzira.<\/p>\n<p style=\"text-align: justify;\">Los dos murales han sido coordinados por el reconocido artista \u00c1ngel Caballero (Xolaka), artista que atesora numerosos premios y reconocimientos en todo el pa\u00eds. Ha participado en diferentes festivales con un estilo caracterizado por el arte urbano a trav\u00e9s de la pintura mural y en el que se pueden apreciar influencias del resto de artes creativas.&nbsp;Pero \u00c1ngel no ha estado a solas, diferentes grupos y personas se han implicado en los dos murales realizados, aprendiendo diferentes t\u00e9cnicas y compartiendo jornadas enteras de pintura en la calle.<\/p>\n<p style=\"text-align: justify;\">Entre los participantes ha sido el Grupo de Mujeres de La Alquerieta, que ha trabajado la igualdad y la necesidad de seguir contando con la mujer para avanzar y construir espacios de igualdad y desarrollo en la sociedad, aspectos que tratan semanalmente en su espacio de encuentro en el CPC. De sus propuestas e inquietudes ha nacido un mural que combina los ojos de una mujer con colores vivos y una composici\u00f3n que se adapta muy bien al entorno. El proceso que han vivido juntos ha sido muy enriquecedor.<\/p>\n<p style=\"text-align: justify;\">El Grupo Or\u00edgens es un grupo de j\u00f3venes que trabaja la inserci\u00f3n sociolaboral desde la agricultura ecol\u00f3gica. A trav\u00e9s del espacio cedido en el Hort de Ros desarrollan habilidades agr\u00edcolas y trabajan aspectos relacionales y convivenciales. Es por ello que han querido plasmar en el mural sus avances, lo que el artista ha sabido captar a la perfecci\u00f3n. \u00abLlaurem conviv\u00e8ncia\u00bb, es el lema elegido para compartir todo lo que est\u00e1n construyendo.<\/p>\n<p style=\"text-align: justify;\">Esta actividad est\u00e1 coordinada por el Centro de Participaci\u00f3n Ciudadana, centro adscrito al \u00c1rea de Servicios Sociales e Innovaci\u00f3n Social del Ayuntamiento de Alzira y por la Fundaci\u00f3n Cepaim, y&nbsp;a trav\u00e9s del proyecto \u00abComunidad Intercultural\u00bb. Programa de promoci\u00f3n de la convivencia e intervenci\u00f3n comunitaria intercultural en barrios de alta diversidad.<\/p>\n<p style=\"text-align: center;\"><a href=\"https:\/\/alzira.es\/wp-content\/uploads\/2019\/06\/origens_1.jpg\" target=\"_blank\" rel=\"noopener\"><img fetchpriority=\"high\" decoding=\"async\" class=\" size-full wp-image-41852\" title=\"El reconocido muralista Xolaka junto a las vecinas y vecinos de Alzira, realiza dos nuevos murales en La Alquerieta\" src=\"https:\/\/alzira.es\/wp-content\/uploads\/2019\/06\/origens_1.jpg\" alt=\"origens 1\" width=\"533\" height=\"300\" srcset=\"https:\/\/alzira.es\/wp-content\/uploads\/2019\/06\/origens_1.jpg 1200w, https:\/\/alzira.es\/wp-content\/uploads\/2019\/06\/origens_1-680x383.jpg 680w, https:\/\/alzira.es\/wp-content\/uploads\/2019\/06\/origens_1-768x432.jpg 768w\" sizes=\"(max-width: 533px) 100vw, 533px\" \/><\/a>&nbsp;<a href=\"https:\/\/alzira.es\/wp-content\/uploads\/2019\/06\/origens_2.jpg\" target=\"_blank\" rel=\"noopener\"><img decoding=\"async\" class=\"size-full wp-image-41854 lazyload\" title=\"El reconocido muralista Xolaka junto a las vecinas y vecinos de Alzira, realiza dos nuevos murales en La Alquerieta\" data-src=\"https:\/\/alzira.es\/wp-content\/uploads\/2019\/06\/origens_2.jpg\" alt=\"origens 2\" width=\"400\" height=\"300\" data-srcset=\"https:\/\/alzira.es\/wp-content\/uploads\/2019\/06\/origens_2.jpg 1200w, https:\/\/alzira.es\/wp-content\/uploads\/2019\/06\/origens_2-680x510.jpg 680w, https:\/\/alzira.es\/wp-content\/uploads\/2019\/06\/origens_2-768x576.jpg 768w\" data-sizes=\"(max-width: 400px) 100vw, 400px\" src=\"data:image\/svg+xml;base64,PHN2ZyB3aWR0aD0iMSIgaGVpZ2h0PSIxIiB4bWxucz0iaHR0cDovL3d3dy53My5vcmcvMjAwMC9zdmciPjwvc3ZnPg==\" style=\"--smush-placeholder-width: 400px; --smush-placeholder-aspect-ratio: 400\/300;\" \/><\/a><\/p>\n<p style=\"text-align: center;\"><a href=\"https:\/\/alzira.es\/wp-content\/uploads\/2019\/06\/xolaka_1.jpg\" target=\"_blank\" rel=\"noopener\"><img decoding=\"async\" class=\"size-full wp-image-41857 lazyload\" title=\"El reconocido muralista Xolaka junto a las vecinas y vecinos de Alzira, realiza dos nuevos murales en La Alquerieta\" data-src=\"https:\/\/alzira.es\/wp-content\/uploads\/2019\/06\/xolaka_1.jpg\" alt=\"xolaka 1\" width=\"400\" height=\"300\" data-srcset=\"https:\/\/alzira.es\/wp-content\/uploads\/2019\/06\/xolaka_1.jpg 1200w, https:\/\/alzira.es\/wp-content\/uploads\/2019\/06\/xolaka_1-680x510.jpg 680w, https:\/\/alzira.es\/wp-content\/uploads\/2019\/06\/xolaka_1-768x576.jpg 768w\" data-sizes=\"(max-width: 400px) 100vw, 400px\" src=\"data:image\/svg+xml;base64,PHN2ZyB3aWR0aD0iMSIgaGVpZ2h0PSIxIiB4bWxucz0iaHR0cDovL3d3dy53My5vcmcvMjAwMC9zdmciPjwvc3ZnPg==\" style=\"--smush-placeholder-width: 400px; --smush-placeholder-aspect-ratio: 400\/300;\" \/><\/a>&nbsp;<a href=\"https:\/\/alzira.es\/wp-content\/uploads\/2019\/06\/xolaka_2.jpg\" target=\"_blank\" rel=\"noopener\"><img decoding=\"async\" class=\"size-full wp-image-41860 lazyload\" title=\"El reconocido muralista Xolaka junto a las vecinas y vecinos de Alzira, realiza dos nuevos murales en La Alquerieta\" data-src=\"https:\/\/alzira.es\/wp-content\/uploads\/2019\/06\/xolaka_2.jpg\" alt=\"xolaka 2\" width=\"533\" height=\"300\" data-srcset=\"https:\/\/alzira.es\/wp-content\/uploads\/2019\/06\/xolaka_2.jpg 1200w, https:\/\/alzira.es\/wp-content\/uploads\/2019\/06\/xolaka_2-680x383.jpg 680w, https:\/\/alzira.es\/wp-content\/uploads\/2019\/06\/xolaka_2-768x432.jpg 768w\" data-sizes=\"(max-width: 533px) 100vw, 533px\" src=\"data:image\/svg+xml;base64,PHN2ZyB3aWR0aD0iMSIgaGVpZ2h0PSIxIiB4bWxucz0iaHR0cDovL3d3dy53My5vcmcvMjAwMC9zdmciPjwvc3ZnPg==\" style=\"--smush-placeholder-width: 533px; --smush-placeholder-aspect-ratio: 533\/300;\" \/><\/a>&nbsp;<a href=\"https:\/\/alzira.es\/wp-content\/uploads\/2019\/06\/xolaka_3.jpg\" target=\"_blank\" rel=\"noopener\"><img decoding=\"async\" class=\"size-full wp-image-41862 lazyload\" title=\"El reconocido muralista Xolaka junto a las vecinas y vecinos de Alzira, realiza dos nuevos murales en La Alquerieta\" data-src=\"https:\/\/alzira.es\/wp-content\/uploads\/2019\/06\/xolaka_3.jpg\" alt=\"xolaka 3\" width=\"400\" height=\"300\" data-srcset=\"https:\/\/alzira.es\/wp-content\/uploads\/2019\/06\/xolaka_3.jpg 1200w, https:\/\/alzira.es\/wp-content\/uploads\/2019\/06\/xolaka_3-680x510.jpg 680w, https:\/\/alzira.es\/wp-content\/uploads\/2019\/06\/xolaka_3-768x576.jpg 768w\" data-sizes=\"(max-width: 400px) 100vw, 400px\" src=\"data:image\/svg+xml;base64,PHN2ZyB3aWR0aD0iMSIgaGVpZ2h0PSIxIiB4bWxucz0iaHR0cDovL3d3dy53My5vcmcvMjAwMC9zdmciPjwvc3ZnPg==\" style=\"--smush-placeholder-width: 400px; --smush-placeholder-aspect-ratio: 400\/300;\" \/><\/a><\/p>\n","protected":false},"excerpt":{"rendered":"<p>Alzira, 3 de junio de 2019.- Dentro del Festival art\u00edstico Alqueri-ARTE 2019 se han realizado dos nuevos murales participativos en el barrio de La Alquerieta, en la calle Diego d&#8217;Almagro y en la calle Calvari. En su realizaci\u00f3n se han implicado un gran n\u00famero de vecinas y vecinos tanto del barrio como del resto del &hellip; <\/p>\n<p class=\"link-more\"><a href=\"https:\/\/alzira.es\/es\/el-reconocido-muralista-xolaka-junto-a-las-vecinas-y-vecinos-de-alzira-realiza-dos-nuevos-murales-en-la-alquerieta\/\" class=\"more-link\">Continuar leyendo<span class=\"screen-reader-text\"> \u00abEl reconocido muralista Xolaka junto a las vecinas y vecinos de Alzira, realiza dos nuevos murales en La Alquerieta\u00bb<\/span><\/a><\/p>\n","protected":false},"author":12,"featured_media":41852,"comment_status":"","ping_status":"","sticky":false,"template":"","format":"standard","meta":{"_acf_changed":false,"footnotes":""},"categories":[4936],"tags":[],"class_list":["post-41865","post","type-post","status-publish","format-standard","has-post-thumbnail","hentry","category-hemeroteca-es"],"acf":[],"_links":{"self":[{"href":"https:\/\/alzira.es\/es\/wp-json\/wp\/v2\/posts\/41865","targetHints":{"allow":["GET"]}}],"collection":[{"href":"https:\/\/alzira.es\/es\/wp-json\/wp\/v2\/posts"}],"about":[{"href":"https:\/\/alzira.es\/es\/wp-json\/wp\/v2\/types\/post"}],"author":[{"embeddable":true,"href":"https:\/\/alzira.es\/es\/wp-json\/wp\/v2\/users\/12"}],"replies":[{"embeddable":true,"href":"https:\/\/alzira.es\/es\/wp-json\/wp\/v2\/comments?post=41865"}],"version-history":[{"count":0,"href":"https:\/\/alzira.es\/es\/wp-json\/wp\/v2\/posts\/41865\/revisions"}],"wp:featuredmedia":[{"embeddable":true,"href":"https:\/\/alzira.es\/es\/wp-json\/wp\/v2\/media\/41852"}],"wp:attachment":[{"href":"https:\/\/alzira.es\/es\/wp-json\/wp\/v2\/media?parent=41865"}],"wp:term":[{"taxonomy":"category","embeddable":true,"href":"https:\/\/alzira.es\/es\/wp-json\/wp\/v2\/categories?post=41865"},{"taxonomy":"post_tag","embeddable":true,"href":"https:\/\/alzira.es\/es\/wp-json\/wp\/v2\/tags?post=41865"}],"curies":[{"name":"wp","href":"https:\/\/api.w.org\/{rel}","templated":true}]}}