{"id":41827,"date":"2019-05-31T13:33:14","date_gmt":"2019-05-31T11:33:14","guid":{"rendered":"https:\/\/alzira.es\/continuan-las-mejoras-en-los-caminos-rurales\/"},"modified":"2019-05-31T13:33:14","modified_gmt":"2019-05-31T11:33:14","slug":"continuan-las-mejoras-en-los-caminos-rurales","status":"publish","type":"post","link":"https:\/\/alzira.es\/es\/continuan-las-mejoras-en-los-caminos-rurales\/","title":{"rendered":"Contin\u00faan las mejoras en los caminos rurales"},"content":{"rendered":"<p style=\"text-align: justify;\"><strong>Alzira, 31 de mayo de 2019.-<\/strong> La Concejal\u00eda de Agricultura y Medio Ambiente del Ayuntamiento de Alzira contin\u00faa con las tareas de mejora de los caminos rurales del t\u00e9rmino.<\/p>\n<p style=\"text-align: justify;\">Desde el \u00e1rea de Agricultura se sigue trabajando y recientemente se han terminado las tareas de ampliaci\u00f3n del firme en el Camino de Oria, que ha hecho m\u00e1s accesible el tr\u00e1nsito hacia esta parte de la Huerta de Alzira.<\/p>\n<p style=\"text-align: justify;\">Esta semana la brigada agr\u00edcola y personal del programa EMCORA, con la colaboraci\u00f3n de la Junta Local de Riego de la Acequia Real del J\u00facar llevan a cabo mejoras en el camino de Almunia, entre las que se encuentran la reparaci\u00f3n del firme y la construcci\u00f3n de muros de contenci\u00f3n.<\/p>\n<p style=\"text-align: justify;\"><strong>EMCORA<\/strong><\/p>\n<p style=\"text-align: justify;\">El programa EMCORA se inicia con la colaboraci\u00f3n de la Conseller\u00eda de Econom\u00eda Sostenible, Sectores Productivos, Comercio y Trabajo, mediante el cual se llevan a cabo actuaciones en el medio ambiente, desarrollo cultural y servicios de utilidad colectiva. El programa est\u00e1 destinado a personas desempleadas inscritas como demandantes en el SERVEF, preferentemente que provengan del sector agroalimentario.<\/p>\n<p style=\"text-align: justify;\">El pasado jueves 23 de mayo, a las 8.30 de la ma\u00f1ana tuvo lugar la recepci\u00f3n en el Sal\u00f3n de Actos del Ayuntamiento de las personas seleccionadas en el programa y la asignaci\u00f3n de cada una al departamento correspondiente seg\u00fan su contrataci\u00f3n profesional como peones, oficiales de primera obrero, capataces o administrativos.<\/p>\n<p style=\"text-align: justify;\">29 personas se destinaron al Departamento de Agricultura y Medio Ambiente.&nbsp;El contrato ser\u00e1 de tres meses, y finalizar\u00e1 el 22 de agosto. A lo largo de este tiempo las brigadas trabajar\u00e1n en las necesidades de limpieza y acondicionamiento de caminos, barrancos, parcelas municipales y zonas de valor medioambiental.<\/p>\n<p style=\"text-align: justify;\">En esta primera semana una de las brigadas ha iniciado la obra del camino de La Almunia y limpiando el camino de San Bernabeu y camino de Oria. Otra est\u00e1 haciendo tareas de mantenimiento en el Camino de Benicull, entorno del Puente de Caba\u00f1as y en el barranco de Tora.<\/p>\n<p style=\"text-align: justify;\">Otra brigada se destinar\u00e1 a la limpieza y acondicionamiento de las riberas del r\u00edo J\u00facar, y se encargar\u00e1 de eliminar la vegetaci\u00f3n no deseada con el objetivo de alcanzar el estado natural del mismo.<\/p>\n<p style=\"text-align: center;\"><a href=\"https:\/\/alzira.es\/wp-content\/uploads\/2019\/05\/20190529_131245.jpg\" target=\"_blank\" rel=\"noopener\"><img fetchpriority=\"high\" decoding=\"async\" class=\" size-full wp-image-41822\" title=\"Contin\u00faan las mejoras en los caminos rurales\" src=\"https:\/\/alzira.es\/wp-content\/uploads\/2019\/05\/20190529_131245.jpg\" alt=\"20190529 131245\" width=\"180\" height=\"300\" \/><\/a>&nbsp;<a href=\"https:\/\/alzira.es\/wp-content\/uploads\/2019\/05\/Cami_Oria.jpg\" target=\"_blank\" rel=\"noopener\"><img decoding=\"async\" class=\"size-full wp-image-41825 lazyload\" title=\"Contin\u00faan las mejoras en los caminos rurales\" data-src=\"https:\/\/alzira.es\/wp-content\/uploads\/2019\/05\/Cami_Oria.jpg\" alt=\"Cami Oria\" width=\"400\" height=\"300\" data-srcset=\"https:\/\/alzira.es\/wp-content\/uploads\/2019\/05\/Cami_Oria.jpg 1200w, https:\/\/alzira.es\/wp-content\/uploads\/2019\/05\/Cami_Oria-680x510.jpg 680w, https:\/\/alzira.es\/wp-content\/uploads\/2019\/05\/Cami_Oria-768x576.jpg 768w\" data-sizes=\"(max-width: 400px) 100vw, 400px\" src=\"data:image\/svg+xml;base64,PHN2ZyB3aWR0aD0iMSIgaGVpZ2h0PSIxIiB4bWxucz0iaHR0cDovL3d3dy53My5vcmcvMjAwMC9zdmciPjwvc3ZnPg==\" style=\"--smush-placeholder-width: 400px; --smush-placeholder-aspect-ratio: 400\/300;\" \/><\/a><\/p>\n<p style=\"text-align: justify;\">&nbsp;<\/p>\n","protected":false},"excerpt":{"rendered":"<p>Alzira, 31 de mayo de 2019.- La Concejal\u00eda de Agricultura y Medio Ambiente del Ayuntamiento de Alzira contin\u00faa con las tareas de mejora de los caminos rurales del t\u00e9rmino. Desde el \u00e1rea de Agricultura se sigue trabajando y recientemente se han terminado las tareas de ampliaci\u00f3n del firme en el Camino de Oria, que ha &hellip; <\/p>\n<p class=\"link-more\"><a href=\"https:\/\/alzira.es\/es\/continuan-las-mejoras-en-los-caminos-rurales\/\" class=\"more-link\">Continuar leyendo<span class=\"screen-reader-text\"> \u00abContin\u00faan las mejoras en los caminos rurales\u00bb<\/span><\/a><\/p>\n","protected":false},"author":12,"featured_media":41822,"comment_status":"","ping_status":"","sticky":false,"template":"","format":"standard","meta":{"_acf_changed":false,"footnotes":""},"categories":[4936],"tags":[],"class_list":["post-41827","post","type-post","status-publish","format-standard","has-post-thumbnail","hentry","category-hemeroteca-es"],"acf":[],"_links":{"self":[{"href":"https:\/\/alzira.es\/es\/wp-json\/wp\/v2\/posts\/41827","targetHints":{"allow":["GET"]}}],"collection":[{"href":"https:\/\/alzira.es\/es\/wp-json\/wp\/v2\/posts"}],"about":[{"href":"https:\/\/alzira.es\/es\/wp-json\/wp\/v2\/types\/post"}],"author":[{"embeddable":true,"href":"https:\/\/alzira.es\/es\/wp-json\/wp\/v2\/users\/12"}],"replies":[{"embeddable":true,"href":"https:\/\/alzira.es\/es\/wp-json\/wp\/v2\/comments?post=41827"}],"version-history":[{"count":0,"href":"https:\/\/alzira.es\/es\/wp-json\/wp\/v2\/posts\/41827\/revisions"}],"wp:featuredmedia":[{"embeddable":true,"href":"https:\/\/alzira.es\/es\/wp-json\/wp\/v2\/media\/41822"}],"wp:attachment":[{"href":"https:\/\/alzira.es\/es\/wp-json\/wp\/v2\/media?parent=41827"}],"wp:term":[{"taxonomy":"category","embeddable":true,"href":"https:\/\/alzira.es\/es\/wp-json\/wp\/v2\/categories?post=41827"},{"taxonomy":"post_tag","embeddable":true,"href":"https:\/\/alzira.es\/es\/wp-json\/wp\/v2\/tags?post=41827"}],"curies":[{"name":"wp","href":"https:\/\/api.w.org\/{rel}","templated":true}]}}