{"id":41791,"date":"2019-05-29T16:00:00","date_gmt":"2019-05-29T14:00:00","guid":{"rendered":"https:\/\/alzira.es\/las-obras-galardonadas-en-los-premios-literarios-ciutat-d-alzira-de-2018-ya-estan-publicadas\/"},"modified":"2019-05-29T16:00:00","modified_gmt":"2019-05-29T14:00:00","slug":"las-obras-galardonadas-en-los-premios-literarios-ciutat-d-alzira-de-2018-ya-estan-publicadas","status":"publish","type":"post","link":"https:\/\/alzira.es\/es\/las-obras-galardonadas-en-los-premios-literarios-ciutat-d-alzira-de-2018-ya-estan-publicadas\/","title":{"rendered":"Las obras galardonadas en los Premios Literarios Ciutat d&#8217;Alzira de 2018 ya est\u00e1n publicadas"},"content":{"rendered":"<p style=\"text-align: justify;\"><strong><a href=\"https:\/\/alzira.es\/wp-content\/uploads\/2019\/05\/foto.jpg\" target=\"_blank\" rel=\"noopener\"><img fetchpriority=\"high\" decoding=\"async\" class=\" alignleft size-full wp-image-41788\" style=\"margin-right: 10px; float: left;\" title=\"Las obras galardonadas en los Premios Literarios Ciutat d'Alzira de 2018 ya est\u00e1n publicadas\" src=\"https:\/\/alzira.es\/wp-content\/uploads\/2019\/05\/foto.jpg\" alt=\"foto\" width=\"600\" height=\"400\" \/><\/a>Alzira, 29 de mayo de 2019.-<\/strong> S\u00f3lo 6 meses despu\u00e9s de la celebraci\u00f3n de la XXX edici\u00f3n de los premios, las obras que resultaron galardonadas, a excepci\u00f3n del Premio de Ilustraci\u00f3n, ya est\u00e1n publicadas.<\/p>\n<p style=\"text-align: justify;\"><em>La mirada de vidre<\/em> de la escritora y artista pl\u00e1stica Anna Moner ganadora del Premio de Novela Ciutat d&#8217;Alzira. Es un relato ambientado en la Barcelona de los inicios del siglo XX en la que se entremezclan el ocultismo y las investigaciones cient\u00edficas poco ortodoxas, y que revela el inter\u00e9s de la autora por temas como la fotograf\u00eda cl\u00ednica y la fotograf\u00eda espiritista, el devastador mundo de las adicciones, el uso terap\u00e9utico y art\u00edstico de la electricidad, el an\u00e1lisis de la expresi\u00f3n facial, la sensibilidad t\u00e1ctil o el poder de la mirada, entre otros.<\/p>\n<p style=\"text-align: justify;\"><em>Les mol\u00e8cules de la vida<\/em>, de David Gonz\u00e1lez Jara es la obra ganadora del Premio Europeo de Divulgaci\u00f3n Cient\u00edfica Estudi General, patrocinado por la Universidad de Valencia. Un libro dedicado a la belleza y la complejidad de lo min\u00fasculo: los \u00e1tomos y las mol\u00e9culas engendradora de vida. No en vano, la complejidad de la vida en nuestro planeta depende de estos elementos microsc\u00f3picos, a los que, a menudo, desnudamos de su importancia.<\/p>\n<p style=\"text-align: justify;\"><em>Am\u00e8rica endins<\/em>, de Lourdes Toledo es la ganadora del Premio de Ensayo Mancomunidad de la Ribera Alta. Un dietario de viaje y a la vez un ejercicio de indagaci\u00f3n personal. Un ensayo que transporta a la Am\u00e9rica profunda, en Estados Unidos de la era Trump, antes y despu\u00e9s del acceso de \u00e9ste a la presidencia. Es la narraci\u00f3n del encuentro de la autora, como profesora biling\u00fce, con la realidad cotidiana y los grandes espacios de un pa\u00eds de contrastes y lleno de sorpresas. Es un relato que reivindica la superaci\u00f3n ante los trances que nos depara la vida, la apertura de miras, el optimismo y una curiosidad sin l\u00edmites<\/p>\n<p style=\"text-align: justify;\"><em>Galeria d&#8217;incerteses<\/em>, de Alba Fluix\u00e0. Premio de Poes\u00eda Ibn Hafaja &#8211; patrocinado por la UNED. Un recorrido vital y po\u00e9tico protagonizado por el arte y el color. A trav\u00e9s de una galer\u00eda de instantes po\u00e9ticos de gran plasticidad, se intenta transmitir una visi\u00f3n particular del mundo donde las palabras y las im\u00e1genes se fusionan y est\u00e1n constantemente conectadas.<\/p>\n<p style=\"text-align: justify;\"><em>Okupes particulars<\/em>, del autor teatral Toni Cabr\u00e9 Premio de Teatro Ciudad de Alzira Palanca i Roca. Una obra con di\u00e1logos r\u00e1pidos e ir\u00f3nicos, salpicada con toques de humor y que hace evolucionar sus protagonistas para que descubran los rincones escondidos de su realidad.<\/p>\n<p style=\"text-align: justify;\"><em>Doc Doggie. Unitat de Medicina Estramb\u00f2tica<\/em>, de Vicent Das\u00ed, que obtuvo el Premio Fundaci\u00f3n Bancaja de Narrativa Juvenil. Se trata de una obra que se escapa de las convenciones de g\u00e9nero &#8211; tanto en la forma como en los di\u00e1logos como en la construcci\u00f3n de personajes &#8211; y que incluye numerosos homenajes a series de televisi\u00f3n y pel\u00edculas de terror que forman parte del imaginario popular. Todo comienza una noche de tormenta, cuando un grupo de j\u00f3venes se transforman, poco a poco y involuntariamente, en monstruos del cine cl\u00e1sico.<\/p>\n<p style=\"text-align: justify;\"><em>Superbaguet<\/em>, de Mart\u00edn Pi\u00f1ol Premio de Narrativa Infantil Vicent Silvestre de Edicions Bromera. La obra, presenta de manera muy original una historia de superh\u00e9roes que luchan para defender una alimentaci\u00f3n saludable. La historia, adem\u00e1s, destaca por su trama trepidante y llena de humor y fantas\u00eda.<\/p>\n<p style=\"text-align: justify;\">Hay que a\u00f1adir que <em>Nina<\/em>, el primer libro de Seta Gimeno, Premio Internacional Enric Solbes de \u00c1lbum Ilustrado, llegar\u00e1 a las librer\u00edas el pr\u00f3ximo mes de septiembre. Se trata de un libro tierno que reflexiona sobre la estima por los animales y inspirado en la perrita de la misma autora.<\/p>\n<p style=\"text-align: justify;\">La XXXI edici\u00f3n de los Premios Literarios Ciutat d&#8217;Alzira se iniciar\u00e1 la pr\u00f3xima semana con la presentaci\u00f3n de las bases de los XXXI Premios Literarios Ciutat d&#8217;Alzira.<\/p>\n","protected":false},"excerpt":{"rendered":"<p>Alzira, 29 de mayo de 2019.- S\u00f3lo 6 meses despu\u00e9s de la celebraci\u00f3n de la XXX edici\u00f3n de los premios, las obras que resultaron galardonadas, a excepci\u00f3n del Premio de Ilustraci\u00f3n, ya est\u00e1n publicadas. La mirada de vidre de la escritora y artista pl\u00e1stica Anna Moner ganadora del Premio de Novela Ciutat d&#8217;Alzira. Es un &hellip; <\/p>\n<p class=\"link-more\"><a href=\"https:\/\/alzira.es\/es\/las-obras-galardonadas-en-los-premios-literarios-ciutat-d-alzira-de-2018-ya-estan-publicadas\/\" class=\"more-link\">Continuar leyendo<span class=\"screen-reader-text\"> \u00abLas obras galardonadas en los Premios Literarios Ciutat d&#8217;Alzira de 2018 ya est\u00e1n publicadas\u00bb<\/span><\/a><\/p>\n","protected":false},"author":12,"featured_media":41788,"comment_status":"","ping_status":"","sticky":false,"template":"","format":"standard","meta":{"_acf_changed":false,"footnotes":""},"categories":[4936],"tags":[],"class_list":["post-41791","post","type-post","status-publish","format-standard","has-post-thumbnail","hentry","category-hemeroteca-es"],"acf":[],"_links":{"self":[{"href":"https:\/\/alzira.es\/es\/wp-json\/wp\/v2\/posts\/41791","targetHints":{"allow":["GET"]}}],"collection":[{"href":"https:\/\/alzira.es\/es\/wp-json\/wp\/v2\/posts"}],"about":[{"href":"https:\/\/alzira.es\/es\/wp-json\/wp\/v2\/types\/post"}],"author":[{"embeddable":true,"href":"https:\/\/alzira.es\/es\/wp-json\/wp\/v2\/users\/12"}],"replies":[{"embeddable":true,"href":"https:\/\/alzira.es\/es\/wp-json\/wp\/v2\/comments?post=41791"}],"version-history":[{"count":0,"href":"https:\/\/alzira.es\/es\/wp-json\/wp\/v2\/posts\/41791\/revisions"}],"wp:featuredmedia":[{"embeddable":true,"href":"https:\/\/alzira.es\/es\/wp-json\/wp\/v2\/media\/41788"}],"wp:attachment":[{"href":"https:\/\/alzira.es\/es\/wp-json\/wp\/v2\/media?parent=41791"}],"wp:term":[{"taxonomy":"category","embeddable":true,"href":"https:\/\/alzira.es\/es\/wp-json\/wp\/v2\/categories?post=41791"},{"taxonomy":"post_tag","embeddable":true,"href":"https:\/\/alzira.es\/es\/wp-json\/wp\/v2\/tags?post=41791"}],"curies":[{"name":"wp","href":"https:\/\/api.w.org\/{rel}","templated":true}]}}