{"id":41784,"date":"2019-05-29T10:07:53","date_gmt":"2019-05-29T08:07:53","guid":{"rendered":"https:\/\/alzira.es\/recepcion-oficial-del-ayuntamiento-al-nitida-fs-despues-de-proclamarse-campeon-de-liga\/"},"modified":"2019-05-29T10:07:53","modified_gmt":"2019-05-29T08:07:53","slug":"recepcion-oficial-del-ayuntamiento-al-nitida-fs-despues-de-proclamarse-campeon-de-liga","status":"publish","type":"post","link":"https:\/\/alzira.es\/es\/recepcion-oficial-del-ayuntamiento-al-nitida-fs-despues-de-proclamarse-campeon-de-liga\/","title":{"rendered":"Recepci\u00f3n oficial del Ayuntamiento al N\u00edtida FS despu\u00e9s de proclamarse campe\u00f3n de liga"},"content":{"rendered":"<p><strong><a href=\"https:\/\/alzira.es\/wp-content\/uploads\/2019\/05\/KQhU0Uxk_400x400.jpg\" target=\"_blank\" rel=\"noopener\"><img fetchpriority=\"high\" decoding=\"async\" width=\"400\" height=\"400\" class=\" alignleft size-full wp-image-41782\" style=\"margin-right: 10px; float: left;\" title=\"Recepci\u00f3n oficial del Ayuntamiento al N\u00edtida FS despu\u00e9s de proclamarse campe\u00f3n de liga\" src=\"https:\/\/alzira.es\/wp-content\/uploads\/2019\/05\/KQhU0Uxk_400x400.jpg\" alt=\"KQhU0Uxk 400x400\" srcset=\"https:\/\/alzira.es\/wp-content\/uploads\/2019\/05\/KQhU0Uxk_400x400.jpg 400w, https:\/\/alzira.es\/wp-content\/uploads\/2019\/05\/KQhU0Uxk_400x400-350x350.jpg 350w, https:\/\/alzira.es\/wp-content\/uploads\/2019\/05\/KQhU0Uxk_400x400-100x100.jpg 100w\" sizes=\"(max-width: 400px) 100vw, 400px\" \/><\/a>Alzira, 29 de mayo de 2019.-<\/strong> El Ayuntamiento de Alzira ofrecer\u00e1 una recepci\u00f3n oficial al club N\u00edtida F\u00fatbol Sala despu\u00e9s de proclamarse campe\u00f3n de liga de su grupo en la Segunda Divisi\u00f3n B, un hecho hist\u00f3rico para el deporte alzire\u00f1o y concretamente para el f\u00fatbol sala.<\/p>\n<p>El acto tendr\u00e1 lugar este jueves 30 de mayo, a las 19.30 horas, en el Sal\u00f3n Noble del Ayuntamiento de Alzira.<\/p>\n","protected":false},"excerpt":{"rendered":"<p>Alzira, 29 de mayo de 2019.- El Ayuntamiento de Alzira ofrecer\u00e1 una recepci\u00f3n oficial al club N\u00edtida F\u00fatbol Sala despu\u00e9s de proclamarse campe\u00f3n de liga de su grupo en la Segunda Divisi\u00f3n B, un hecho hist\u00f3rico para el deporte alzire\u00f1o y concretamente para el f\u00fatbol sala. El acto tendr\u00e1 lugar este jueves 30 de mayo, &hellip; <\/p>\n<p class=\"link-more\"><a href=\"https:\/\/alzira.es\/es\/recepcion-oficial-del-ayuntamiento-al-nitida-fs-despues-de-proclamarse-campeon-de-liga\/\" class=\"more-link\">Continuar leyendo<span class=\"screen-reader-text\"> \u00abRecepci\u00f3n oficial del Ayuntamiento al N\u00edtida FS despu\u00e9s de proclamarse campe\u00f3n de liga\u00bb<\/span><\/a><\/p>\n","protected":false},"author":12,"featured_media":41782,"comment_status":"","ping_status":"","sticky":false,"template":"","format":"standard","meta":{"_acf_changed":false,"footnotes":""},"categories":[4936],"tags":[],"class_list":["post-41784","post","type-post","status-publish","format-standard","has-post-thumbnail","hentry","category-hemeroteca-es"],"acf":[],"_links":{"self":[{"href":"https:\/\/alzira.es\/es\/wp-json\/wp\/v2\/posts\/41784","targetHints":{"allow":["GET"]}}],"collection":[{"href":"https:\/\/alzira.es\/es\/wp-json\/wp\/v2\/posts"}],"about":[{"href":"https:\/\/alzira.es\/es\/wp-json\/wp\/v2\/types\/post"}],"author":[{"embeddable":true,"href":"https:\/\/alzira.es\/es\/wp-json\/wp\/v2\/users\/12"}],"replies":[{"embeddable":true,"href":"https:\/\/alzira.es\/es\/wp-json\/wp\/v2\/comments?post=41784"}],"version-history":[{"count":0,"href":"https:\/\/alzira.es\/es\/wp-json\/wp\/v2\/posts\/41784\/revisions"}],"wp:featuredmedia":[{"embeddable":true,"href":"https:\/\/alzira.es\/es\/wp-json\/wp\/v2\/media\/41782"}],"wp:attachment":[{"href":"https:\/\/alzira.es\/es\/wp-json\/wp\/v2\/media?parent=41784"}],"wp:term":[{"taxonomy":"category","embeddable":true,"href":"https:\/\/alzira.es\/es\/wp-json\/wp\/v2\/categories?post=41784"},{"taxonomy":"post_tag","embeddable":true,"href":"https:\/\/alzira.es\/es\/wp-json\/wp\/v2\/tags?post=41784"}],"curies":[{"name":"wp","href":"https:\/\/api.w.org\/{rel}","templated":true}]}}