{"id":41775,"date":"2019-06-04T10:00:00","date_gmt":"2019-06-04T08:00:00","guid":{"rendered":"https:\/\/alzira.es\/digitalitzades-taller-d-habilitats-digitals-basiques\/"},"modified":"2019-06-04T10:00:00","modified_gmt":"2019-06-04T08:00:00","slug":"digitalitzades-taller-d-habilitats-digitals-basiques","status":"publish","type":"post","link":"https:\/\/alzira.es\/es\/digitalitzades-taller-d-habilitats-digitals-basiques\/","title":{"rendered":"DIGITALITZADES &#8211; Taller d&#8217;Habilitats Digitals B\u00e0siques"},"content":{"rendered":"<p>Per a adquirir compet\u00e8ncies digitals i un major \u00fas de ferramentes tecnol\u00f2giques.<\/p>\n<p>Per a aprendre a manejar un ordinador i internet<\/p>\n<p>Aprendrem a:<\/p>\n<p>&#8211; Manejar un ordinador: maneig del ratol\u00ed i teclat, funcionament de carpetes i icones principals.<\/p>\n<p>&#8211; Gestionar el correu gmail.<\/p>\n<p>&#8211; Manejar les ferramentes Drive.<\/p>\n<p>&#8211; Con\u00e9ixer i participar en Xarxes socials de comunicaci\u00f3.<\/p>\n<p>&#8211; Navegar per internet amb confian\u00e7a i seguretat.<\/p>\n<p><strong>Objectiu:<\/strong>&nbsp;Donar l&#8217;oportunitat a totes les dones de formar-se en tecnologia, siga quin siga el seu coneixement actual i necessitat dins de l&#8217;\u00e0mbit de la iniciaci\u00f3 a les tecnologies de la informaci\u00f3 i la comunicaci\u00f3.<\/p>\n<p><strong>Dates:<\/strong> 4, 5 i 6 de juny<\/p>\n<p><strong>Horari:<\/strong> de 10 a 12 hores<\/p>\n<p><strong>Lloc del taller:<\/strong> Centre de Participaci\u00f3 Ciutadana &#8211; CPC<\/p>\n<p><strong>Inscripcions:<\/strong> Regidoria de Pol\u00edtiques d&#8217;Igualtat, c\/ Rambla, 23, Edifici de Benestar Social, 1a planta. 962455926&#8243;<\/p>\n<p style=\"text-align: center;\"><span style=\"color: #0000ff;\"><img fetchpriority=\"high\" decoding=\"async\" width=\"451\" height=\"160\" class=\" size-full wp-image-41771\" title=\"digitalizadas\" src=\"https:\/\/alzira.es\/wp-content\/uploads\/2019\/06\/Captura_digitalizadas.PNG\" alt=\"Captura digitalizadas\" \/><\/span><\/p>\n","protected":false},"excerpt":{"rendered":"<p>Per a adquirir compet\u00e8ncies digitals i un major \u00fas de ferramentes tecnol\u00f2giques. Per a aprendre a manejar un ordinador i internet Aprendrem a: &#8211; Manejar un ordinador: maneig del ratol\u00ed i teclat, funcionament de carpetes i icones principals. &#8211; Gestionar el correu gmail. &#8211; Manejar les ferramentes Drive. &#8211; Con\u00e9ixer i participar en Xarxes socials &hellip; <\/p>\n<p class=\"link-more\"><a href=\"https:\/\/alzira.es\/es\/digitalitzades-taller-d-habilitats-digitals-basiques\/\" class=\"more-link\">Continuar leyendo<span class=\"screen-reader-text\"> \u00abDIGITALITZADES &#8211; Taller d&#8217;Habilitats Digitals B\u00e0siques\u00bb<\/span><\/a><\/p>\n","protected":false},"author":12,"featured_media":41771,"comment_status":"","ping_status":"","sticky":false,"template":"","format":"standard","meta":{"_acf_changed":false,"footnotes":""},"categories":[],"tags":[],"class_list":["post-41775","post","type-post","status-publish","format-standard","has-post-thumbnail","hentry"],"acf":[],"_links":{"self":[{"href":"https:\/\/alzira.es\/es\/wp-json\/wp\/v2\/posts\/41775","targetHints":{"allow":["GET"]}}],"collection":[{"href":"https:\/\/alzira.es\/es\/wp-json\/wp\/v2\/posts"}],"about":[{"href":"https:\/\/alzira.es\/es\/wp-json\/wp\/v2\/types\/post"}],"author":[{"embeddable":true,"href":"https:\/\/alzira.es\/es\/wp-json\/wp\/v2\/users\/12"}],"replies":[{"embeddable":true,"href":"https:\/\/alzira.es\/es\/wp-json\/wp\/v2\/comments?post=41775"}],"version-history":[{"count":0,"href":"https:\/\/alzira.es\/es\/wp-json\/wp\/v2\/posts\/41775\/revisions"}],"wp:featuredmedia":[{"embeddable":true,"href":"https:\/\/alzira.es\/es\/wp-json\/wp\/v2\/media\/41771"}],"wp:attachment":[{"href":"https:\/\/alzira.es\/es\/wp-json\/wp\/v2\/media?parent=41775"}],"wp:term":[{"taxonomy":"category","embeddable":true,"href":"https:\/\/alzira.es\/es\/wp-json\/wp\/v2\/categories?post=41775"},{"taxonomy":"post_tag","embeddable":true,"href":"https:\/\/alzira.es\/es\/wp-json\/wp\/v2\/tags?post=41775"}],"curies":[{"name":"wp","href":"https:\/\/api.w.org\/{rel}","templated":true}]}}