{"id":41711,"date":"2019-05-26T23:36:14","date_gmt":"2019-05-26T21:36:14","guid":{"rendered":"https:\/\/alzira.es\/compromis-guanya-les-eleccions-a-alzira\/"},"modified":"2019-05-26T23:36:14","modified_gmt":"2019-05-26T21:36:14","slug":"compromis-guanya-les-eleccions-a-alzira","status":"publish","type":"post","link":"https:\/\/alzira.es\/es\/compromis-guanya-les-eleccions-a-alzira\/","title":{"rendered":"Comprom\u00eds gana las elecciones en Alzira"},"content":{"rendered":"<p style=\"line-height: 150%; text-align: justify;\"><strong>Alzira, 26 de mayo de 2019. &#8211;<\/strong> Una vez escrutado el 100% de votos, Comprom\u00eds se convierte en la fuerza m\u00e1s votada.<\/p>\n<p style=\"text-align: justify;\">La formaci\u00f3n naranja ser\u00eda la fuerza m\u00e1s votada con 9 concejales, seguida del PP con 6 concejales, 3 concejales tendr\u00eda el PSOE, 2 Ciudadanos y 1 Vox, que entra a formar parte del Ayuntamiento.<\/p>\n<p style=\"text-align: justify;\">La Izquierda de Alzira dejar\u00eda el Gobierno Municipal y entra a formar parte la formaci\u00f3n de derecha VOX.<\/p>\n<p style=\"text-align: justify;\">En el caso de Comprom\u00eds representa la subida m\u00e1s significativa y suma 3 concejales a los 6 que ya ten\u00eda en 2015, el PSOE pierde uno y el PP pierde 2. Ciudadanos no cambia el n\u00famero de concejales.<\/p>\n<p style=\"text-align: justify;\">El resto de fuerzas pol\u00edticas, Falange Espa\u00f1ola de la Jons, Som Valencians y Podemos se quedar\u00edan sin representaci\u00f3n.<\/p>\n<p style=\"text-align: justify;\">G\u00f3mez, en sus primeras declaraciones, ha dado \u00ablas gracias a todo el pueblo por la confianza que han depositado en Compromiso y en mi persona\u00bb.<\/p>\n<p style=\"text-align: justify;\">Enlace de consulta de los resultados<\/p>\n<p style=\"text-align: justify;\"><span style=\"color: #0000ff;\">https:\/\/resultados.eleccioneslocaleseuropeas19.es\/&#8230;<\/span><\/p>\n<p style=\"text-align: justify;\">COMPROM\u00cdS MUNICIPAL 8.033 votos 37,98% 9 concejales<\/p>\n<p style=\"text-align: justify;\">PP 5.376 votos 25,41% 6 concejales<\/p>\n<p style=\"text-align: justify;\">P.S.O.E. 3.138 votos 14,83% 3 concejales<\/p>\n<p style=\"text-align: justify;\">Cs 2.092 votos 9,89% 2 concejales<\/p>\n<p style=\"text-align: justify;\">VOX 1.109 votos 5,24% 1 concejal<\/p>\n<p style=\"text-align: justify;\">PODEMOS 446 votos 2,11%<\/p>\n<p style=\"text-align: justify;\">EUPV-ERPV: SE 441 votos 2,08%<\/p>\n<p style=\"text-align: justify;\">SOMVAL 353 votos 1.67%<\/p>\n<p style=\"text-align: justify;\">FE de las JONS 59 votos 0,28%<\/p>\n<p style=\"line-height: 150%; text-align: center;\"><span style=\"font-size: 11pt; line-height: 150%; font-family: Arial, sans-serif; color: windowtext;\"><img fetchpriority=\"high\" decoding=\"async\" class=\" size-full wp-image-41709\" src=\"https:\/\/alzira.es\/wp-content\/uploads\/2019\/05\/tot_escrutat.jpg\" alt=\"tot escrutat\" width=\"500\" height=\"249\" \/><\/span><\/p>\n","protected":false},"excerpt":{"rendered":"<p>Alzira, 26 de mayo de 2019. &#8211; Una vez escrutado el 100% de votos, Comprom\u00eds se convierte en la fuerza m\u00e1s votada. La formaci\u00f3n naranja ser\u00eda la fuerza m\u00e1s votada con 9 concejales, seguida del PP con 6 concejales, 3 concejales tendr\u00eda el PSOE, 2 Ciudadanos y 1 Vox, que entra a formar parte del &hellip; <\/p>\n<p class=\"link-more\"><a href=\"https:\/\/alzira.es\/es\/compromis-guanya-les-eleccions-a-alzira\/\" class=\"more-link\">Continuar leyendo<span class=\"screen-reader-text\"> \u00abComprom\u00eds gana las elecciones en Alzira\u00bb<\/span><\/a><\/p>\n","protected":false},"author":36,"featured_media":41709,"comment_status":"","ping_status":"","sticky":false,"template":"","format":"standard","meta":{"_acf_changed":false,"footnotes":""},"categories":[4936],"tags":[],"class_list":["post-41711","post","type-post","status-publish","format-standard","has-post-thumbnail","hentry","category-hemeroteca-es"],"acf":[],"_links":{"self":[{"href":"https:\/\/alzira.es\/es\/wp-json\/wp\/v2\/posts\/41711","targetHints":{"allow":["GET"]}}],"collection":[{"href":"https:\/\/alzira.es\/es\/wp-json\/wp\/v2\/posts"}],"about":[{"href":"https:\/\/alzira.es\/es\/wp-json\/wp\/v2\/types\/post"}],"author":[{"embeddable":true,"href":"https:\/\/alzira.es\/es\/wp-json\/wp\/v2\/users\/36"}],"replies":[{"embeddable":true,"href":"https:\/\/alzira.es\/es\/wp-json\/wp\/v2\/comments?post=41711"}],"version-history":[{"count":0,"href":"https:\/\/alzira.es\/es\/wp-json\/wp\/v2\/posts\/41711\/revisions"}],"wp:featuredmedia":[{"embeddable":true,"href":"https:\/\/alzira.es\/es\/wp-json\/wp\/v2\/media\/41709"}],"wp:attachment":[{"href":"https:\/\/alzira.es\/es\/wp-json\/wp\/v2\/media?parent=41711"}],"wp:term":[{"taxonomy":"category","embeddable":true,"href":"https:\/\/alzira.es\/es\/wp-json\/wp\/v2\/categories?post=41711"},{"taxonomy":"post_tag","embeddable":true,"href":"https:\/\/alzira.es\/es\/wp-json\/wp\/v2\/tags?post=41711"}],"curies":[{"name":"wp","href":"https:\/\/api.w.org\/{rel}","templated":true}]}}