{"id":41683,"date":"2019-05-23T12:07:04","date_gmt":"2019-05-23T10:07:04","guid":{"rendered":"https:\/\/alzira.es\/creu-roja-joventut-d-alzira-realitza-un-mural-al-parc-d-educacio-vial\/"},"modified":"2019-05-23T12:07:04","modified_gmt":"2019-05-23T10:07:04","slug":"creu-roja-joventut-d-alzira-realitza-un-mural-al-parc-d-educacio-vial","status":"publish","type":"post","link":"https:\/\/alzira.es\/es\/creu-roja-joventut-d-alzira-realitza-un-mural-al-parc-d-educacio-vial\/","title":{"rendered":"Creu Roja Joventut d\u2019Alzira realitza un mural al parc d\u2019Educaci\u00f3 Vial"},"content":{"rendered":"<p style=\"text-align: justify;\"><strong>Alzira, 23 de maig de 2019 \u2013<\/strong> El passat divendres 10 de maig, i despr\u00e9s de la seua reobertura, al Parc d&#8217;Educaci\u00f3 Vial d&#8217;Alzira es va desenvolupar un taller amb els voluntaris i les volunt\u00e0ries de Creu Roja Joventut d&#8217;Alzira, els quals van gaudir d&#8217;una vesprada junts, en les instal\u2022lacions del Parc Vial. Durant la jornada el voluntariat va participar tant en el proc\u00e9s de disseny com en la execuci\u00f3 del mateix, realitzat al garatge del Parc Vial per decorar-lo i fer-lo mes atractiu, amb la col\u2022laboraci\u00f3 de la Regidoria d&#8217;Educaci\u00f3 de l&#8217;Ajuntament d&#8217;Alzira, que ha donat suport en tot all\u00f3 que ha sigut necessari per tal de portar a bon terme este projecte.<\/p>\n<p style=\"text-align: justify;\">Durant els mesos de febrer fins a maig diversos centres educatius han passat per aquestes instal\u2022lacions per rebre formaci\u00f3 vial gr\u00e0cies a l&#8217;acord de col\u2022laboraci\u00f3 entre l&#8217;Ajuntament d&#8217;Alzira i Creu Roja Joventut d&#8217;Alzira. Degut a l&#8217;estat en el que es trobava el container, es va pensar en la possibilitat de realitzar aquest mural. El disseny ha sigut realitzat per l&#8217;artista local Karola Cruz, la qual va realitzar el disseny a partir de les diverses propostes rebudes i junt al voluntariat de CRJ Alzira, va participar en la realitzaci\u00f3 del mateix.<\/p>\n<p style=\"text-align: justify;\">A m\u00e9s, els voluntaris i volunt\u00e0ries col\u2022laboraren en la rehabilitaci\u00f3 d&#8217;altres elements deteriorats de les instal\u2022lacions i pogueren comprovar de primera m\u00e0 quin es l&#8217;equipament educatiu del que disposa el parc per a la realitzaci\u00f3 dels tallers realitzats di\u00e0riament. Una jornada ben profitosa ja que a m\u00e9s de promoure el voluntariat, el treball en equip, la creativitat i altres valors de Creu Roja, els i les participants gaudiren molt de l&#8217;activitat al recinte del Parc d&#8217;Educaci\u00f3 Vial d&#8217;Alzira.<\/p>\n<p style=\"text-align: justify;\">&nbsp;<\/p>\n<p style=\"text-align: center;\"><a href=\"https:\/\/alzira.es\/wp-content\/uploads\/2019\/05\/WhatsApp_Image_2019-05-12_at_13.20.07.jpeg\" target=\"_blank\" rel=\"noopener\"><img fetchpriority=\"high\" decoding=\"async\" class=\" size-full wp-image-41677\" title=\"Creu Roja Joventut d\u2019Alzira realitza un mural al parc d\u2019Educaci\u00f3 Vial \" src=\"https:\/\/alzira.es\/wp-content\/uploads\/2019\/05\/WhatsApp_Image_2019-05-12_at_13.20.07.jpeg\" alt=\"WhatsApp Image 2019-05-12 at 13.20.07\" width=\"502\" height=\"255\" srcset=\"https:\/\/alzira.es\/wp-content\/uploads\/2019\/05\/WhatsApp_Image_2019-05-12_at_13.20.07.jpeg 1500w, https:\/\/alzira.es\/wp-content\/uploads\/2019\/05\/WhatsApp_Image_2019-05-12_at_13.20.07-680x346.jpeg 680w, https:\/\/alzira.es\/wp-content\/uploads\/2019\/05\/WhatsApp_Image_2019-05-12_at_13.20.07-1430x727.jpeg 1430w, https:\/\/alzira.es\/wp-content\/uploads\/2019\/05\/WhatsApp_Image_2019-05-12_at_13.20.07-768x391.jpeg 768w\" sizes=\"(max-width: 502px) 100vw, 502px\" \/><\/a>&nbsp;<a href=\"https:\/\/alzira.es\/wp-content\/uploads\/2019\/05\/WhatsApp_Image_2019-05-12_at_13.20.17.jpeg\" target=\"_blank\" rel=\"noopener\"><img decoding=\"async\" class=\"size-full wp-image-41678 lazyload\" title=\"Creu Roja Joventut d\u2019Alzira realitza un mural al parc d\u2019Educaci\u00f3 Vial \" data-src=\"https:\/\/alzira.es\/wp-content\/uploads\/2019\/05\/WhatsApp_Image_2019-05-12_at_13.20.17.jpeg\" alt=\"WhatsApp Image 2019-05-12 at 13.20.17\" width=\"400\" height=\"255\" data-srcset=\"https:\/\/alzira.es\/wp-content\/uploads\/2019\/05\/WhatsApp_Image_2019-05-12_at_13.20.17.jpeg 1475w, https:\/\/alzira.es\/wp-content\/uploads\/2019\/05\/WhatsApp_Image_2019-05-12_at_13.20.17-680x434.jpeg 680w, https:\/\/alzira.es\/wp-content\/uploads\/2019\/05\/WhatsApp_Image_2019-05-12_at_13.20.17-1430x913.jpeg 1430w, https:\/\/alzira.es\/wp-content\/uploads\/2019\/05\/WhatsApp_Image_2019-05-12_at_13.20.17-768x490.jpeg 768w\" data-sizes=\"(max-width: 400px) 100vw, 400px\" src=\"data:image\/svg+xml;base64,PHN2ZyB3aWR0aD0iMSIgaGVpZ2h0PSIxIiB4bWxucz0iaHR0cDovL3d3dy53My5vcmcvMjAwMC9zdmciPjwvc3ZnPg==\" style=\"--smush-placeholder-width: 400px; --smush-placeholder-aspect-ratio: 400\/255;\" \/><\/a>&nbsp;<\/p>\n","protected":false},"excerpt":{"rendered":"<p>Alzira, 23 de maig de 2019 \u2013 El passat divendres 10 de maig, i despr\u00e9s de la seua reobertura, al Parc d&#8217;Educaci\u00f3 Vial d&#8217;Alzira es va desenvolupar un taller amb els voluntaris i les volunt\u00e0ries de Creu Roja Joventut d&#8217;Alzira, els quals van gaudir d&#8217;una vesprada junts, en les instal\u2022lacions del Parc Vial. Durant la &hellip; <\/p>\n<p class=\"link-more\"><a href=\"https:\/\/alzira.es\/es\/creu-roja-joventut-d-alzira-realitza-un-mural-al-parc-d-educacio-vial\/\" class=\"more-link\">Continuar leyendo<span class=\"screen-reader-text\"> \u00abCreu Roja Joventut d\u2019Alzira realitza un mural al parc d\u2019Educaci\u00f3 Vial\u00bb<\/span><\/a><\/p>\n","protected":false},"author":12,"featured_media":41677,"comment_status":"","ping_status":"","sticky":false,"template":"","format":"standard","meta":{"_acf_changed":false,"footnotes":""},"categories":[],"tags":[],"class_list":["post-41683","post","type-post","status-publish","format-standard","has-post-thumbnail","hentry"],"acf":[],"_links":{"self":[{"href":"https:\/\/alzira.es\/es\/wp-json\/wp\/v2\/posts\/41683","targetHints":{"allow":["GET"]}}],"collection":[{"href":"https:\/\/alzira.es\/es\/wp-json\/wp\/v2\/posts"}],"about":[{"href":"https:\/\/alzira.es\/es\/wp-json\/wp\/v2\/types\/post"}],"author":[{"embeddable":true,"href":"https:\/\/alzira.es\/es\/wp-json\/wp\/v2\/users\/12"}],"replies":[{"embeddable":true,"href":"https:\/\/alzira.es\/es\/wp-json\/wp\/v2\/comments?post=41683"}],"version-history":[{"count":0,"href":"https:\/\/alzira.es\/es\/wp-json\/wp\/v2\/posts\/41683\/revisions"}],"wp:featuredmedia":[{"embeddable":true,"href":"https:\/\/alzira.es\/es\/wp-json\/wp\/v2\/media\/41677"}],"wp:attachment":[{"href":"https:\/\/alzira.es\/es\/wp-json\/wp\/v2\/media?parent=41683"}],"wp:term":[{"taxonomy":"category","embeddable":true,"href":"https:\/\/alzira.es\/es\/wp-json\/wp\/v2\/categories?post=41683"},{"taxonomy":"post_tag","embeddable":true,"href":"https:\/\/alzira.es\/es\/wp-json\/wp\/v2\/tags?post=41683"}],"curies":[{"name":"wp","href":"https:\/\/api.w.org\/{rel}","templated":true}]}}