{"id":41680,"date":"2019-05-23T12:07:04","date_gmt":"2019-05-23T10:07:04","guid":{"rendered":"https:\/\/alzira.es\/cruz-roja-juventud-de-alzira-realiza-un-mural-en-el-parque-de-educacion-vial\/"},"modified":"2019-05-23T12:07:04","modified_gmt":"2019-05-23T10:07:04","slug":"cruz-roja-juventud-de-alzira-realiza-un-mural-en-el-parque-de-educacion-vial","status":"publish","type":"post","link":"https:\/\/alzira.es\/es\/cruz-roja-juventud-de-alzira-realiza-un-mural-en-el-parque-de-educacion-vial\/","title":{"rendered":"Cruz Roja Juventud de Alzira realiza un mural en el parque de Educaci\u00f3n Vial"},"content":{"rendered":"<p style=\"text-align: justify;\"><strong>Alzira, 23 de mayo de 2019 &#8211;<\/strong> El pasado viernes 10 de mayo, y despu\u00e9s de su reapertura, en el Parque de Educaci\u00f3n Vial de Alzira se desarroll\u00f3 un taller con los voluntarios y las voluntarias de Cruz Roja Juventud de Alzira, quienes que disfrutaron de una tarde juntos en las instalaciones del Parque Vial. Durante la jornada el voluntariado particip\u00f3 tanto en el proceso de dise\u00f1o como en la ejecuci\u00f3n del mismo, realizado en el garaje del Parque Vial para decorarlo y hacerlo mas atractivo, con la colaboraci\u00f3n de la Concejal\u00eda de Educaci\u00f3n del Ayuntamiento de Alzira, que ha apoyado todo lo que ha sido necesario para llevar a buen t\u00e9rmino este proyecto.<\/p>\n<p style=\"text-align: justify;\">Durante los meses de febrero hasta mayo varios centros educativos han pasado por estas instalaciones para recibir formaci\u00f3n vial gracias al acuerdo de colaboraci\u00f3n entre el Ayuntamiento de Alzira y Cruz Roja Juventud de Alzira. Debido al estado en el que se encontraba el container, se pens\u00f3 en la posibilidad de realizar este mural. El dise\u00f1o ha sido realizado por el artista local Karola Cruz, quien realiz\u00f3 el dise\u00f1o a partir de las diversas propuestas recibidas y junto al voluntariado de CRJ Alzira, particip\u00f3 en la realizaci\u00f3n del mismo.<\/p>\n<p style=\"text-align: justify;\">Adem\u00e1s, los voluntarios y voluntarias colaboran en la rehabilitaci\u00f3n de otros elementos deteriorados de las instalaciones y pudieron comprobar de primera mano cu\u00e1l es el equipamiento educativo del que dispone el parque para la realizaci\u00f3n de los talleres realizados diariamente. Una jornada muy provechosa ya que adem\u00e1s de promover el voluntariado, el trabajo en equipo, la creatividad y otros valores de Cruz Roja, los y las participantes disfrutaron mucho de la actividad en el recinto del Parque de Educaci\u00f3n Vial de Alzira.<\/p>\n<p style=\"text-align: center;\"><a href=\"https:\/\/alzira.es\/wp-content\/uploads\/2019\/05\/WhatsApp_Image_2019-05-12_at_13.20.07.jpeg\" target=\"_blank\" rel=\"noopener\"><img fetchpriority=\"high\" decoding=\"async\" class=\" size-full wp-image-41677\" title=\"Cruz Roja Juventud de Alzira realiza un mural en el parque de Educaci\u00f3n Vial\" src=\"https:\/\/alzira.es\/wp-content\/uploads\/2019\/05\/WhatsApp_Image_2019-05-12_at_13.20.07.jpeg\" alt=\"WhatsApp Image 2019-05-12 at 13.20.07\" width=\"502\" height=\"255\" srcset=\"https:\/\/alzira.es\/wp-content\/uploads\/2019\/05\/WhatsApp_Image_2019-05-12_at_13.20.07.jpeg 1500w, https:\/\/alzira.es\/wp-content\/uploads\/2019\/05\/WhatsApp_Image_2019-05-12_at_13.20.07-680x346.jpeg 680w, https:\/\/alzira.es\/wp-content\/uploads\/2019\/05\/WhatsApp_Image_2019-05-12_at_13.20.07-1430x727.jpeg 1430w, https:\/\/alzira.es\/wp-content\/uploads\/2019\/05\/WhatsApp_Image_2019-05-12_at_13.20.07-768x391.jpeg 768w\" sizes=\"(max-width: 502px) 100vw, 502px\" \/><\/a>&nbsp;<a href=\"https:\/\/alzira.es\/wp-content\/uploads\/2019\/05\/WhatsApp_Image_2019-05-12_at_13.20.17.jpeg\" target=\"_blank\" rel=\"noopener\"><img decoding=\"async\" class=\"size-full wp-image-41678 lazyload\" title=\"Cruz Roja Juventud de Alzira realiza un mural en el parque de Educaci\u00f3n Vial\" data-src=\"https:\/\/alzira.es\/wp-content\/uploads\/2019\/05\/WhatsApp_Image_2019-05-12_at_13.20.17.jpeg\" alt=\"WhatsApp Image 2019-05-12 at 13.20.17\" width=\"400\" height=\"255\" data-srcset=\"https:\/\/alzira.es\/wp-content\/uploads\/2019\/05\/WhatsApp_Image_2019-05-12_at_13.20.17.jpeg 1475w, https:\/\/alzira.es\/wp-content\/uploads\/2019\/05\/WhatsApp_Image_2019-05-12_at_13.20.17-680x434.jpeg 680w, https:\/\/alzira.es\/wp-content\/uploads\/2019\/05\/WhatsApp_Image_2019-05-12_at_13.20.17-1430x913.jpeg 1430w, https:\/\/alzira.es\/wp-content\/uploads\/2019\/05\/WhatsApp_Image_2019-05-12_at_13.20.17-768x490.jpeg 768w\" data-sizes=\"(max-width: 400px) 100vw, 400px\" src=\"data:image\/svg+xml;base64,PHN2ZyB3aWR0aD0iMSIgaGVpZ2h0PSIxIiB4bWxucz0iaHR0cDovL3d3dy53My5vcmcvMjAwMC9zdmciPjwvc3ZnPg==\" style=\"--smush-placeholder-width: 400px; --smush-placeholder-aspect-ratio: 400\/255;\" \/><\/a>&nbsp;<\/p>\n","protected":false},"excerpt":{"rendered":"<p>Alzira, 23 de mayo de 2019 &#8211; El pasado viernes 10 de mayo, y despu\u00e9s de su reapertura, en el Parque de Educaci\u00f3n Vial de Alzira se desarroll\u00f3 un taller con los voluntarios y las voluntarias de Cruz Roja Juventud de Alzira, quienes que disfrutaron de una tarde juntos en las instalaciones del Parque Vial. &hellip; <\/p>\n<p class=\"link-more\"><a href=\"https:\/\/alzira.es\/es\/cruz-roja-juventud-de-alzira-realiza-un-mural-en-el-parque-de-educacion-vial\/\" class=\"more-link\">Continuar leyendo<span class=\"screen-reader-text\"> \u00abCruz Roja Juventud de Alzira realiza un mural en el parque de Educaci\u00f3n Vial\u00bb<\/span><\/a><\/p>\n","protected":false},"author":12,"featured_media":41677,"comment_status":"","ping_status":"","sticky":false,"template":"","format":"standard","meta":{"_acf_changed":false,"footnotes":""},"categories":[4936],"tags":[],"class_list":["post-41680","post","type-post","status-publish","format-standard","has-post-thumbnail","hentry","category-hemeroteca-es"],"acf":[],"_links":{"self":[{"href":"https:\/\/alzira.es\/es\/wp-json\/wp\/v2\/posts\/41680","targetHints":{"allow":["GET"]}}],"collection":[{"href":"https:\/\/alzira.es\/es\/wp-json\/wp\/v2\/posts"}],"about":[{"href":"https:\/\/alzira.es\/es\/wp-json\/wp\/v2\/types\/post"}],"author":[{"embeddable":true,"href":"https:\/\/alzira.es\/es\/wp-json\/wp\/v2\/users\/12"}],"replies":[{"embeddable":true,"href":"https:\/\/alzira.es\/es\/wp-json\/wp\/v2\/comments?post=41680"}],"version-history":[{"count":0,"href":"https:\/\/alzira.es\/es\/wp-json\/wp\/v2\/posts\/41680\/revisions"}],"wp:featuredmedia":[{"embeddable":true,"href":"https:\/\/alzira.es\/es\/wp-json\/wp\/v2\/media\/41677"}],"wp:attachment":[{"href":"https:\/\/alzira.es\/es\/wp-json\/wp\/v2\/media?parent=41680"}],"wp:term":[{"taxonomy":"category","embeddable":true,"href":"https:\/\/alzira.es\/es\/wp-json\/wp\/v2\/categories?post=41680"},{"taxonomy":"post_tag","embeddable":true,"href":"https:\/\/alzira.es\/es\/wp-json\/wp\/v2\/tags?post=41680"}],"curies":[{"name":"wp","href":"https:\/\/api.w.org\/{rel}","templated":true}]}}