{"id":41569,"date":"2019-05-14T16:00:00","date_gmt":"2019-05-14T14:00:00","guid":{"rendered":"https:\/\/alzira.es\/fins-al-23-de-maig-es-pot-sol-licitar-transport-adaptat-per-a-eleccions\/"},"modified":"2019-05-14T16:00:00","modified_gmt":"2019-05-14T14:00:00","slug":"fins-al-23-de-maig-es-pot-sol-licitar-transport-adaptat-per-a-eleccions","status":"publish","type":"post","link":"https:\/\/alzira.es\/es\/fins-al-23-de-maig-es-pot-sol-licitar-transport-adaptat-per-a-eleccions\/","title":{"rendered":"Fins al 23 de maig es pot sol\u2022licitar transport adaptat per a eleccions"},"content":{"rendered":"<p style=\"text-align: justify;\"><strong><a href=\"https:\/\/alzira.es\/wp-content\/uploads\/2019\/05\/ambulancia_LOCALES_val.jpg\" target=\"_blank\" rel=\"noopener\"><img fetchpriority=\"high\" decoding=\"async\" class=\" alignleft size-full wp-image-41567\" style=\"margin-right: 10px; float: left;\" title=\"Fins al 23 de maig es pot sol\u2022licitar transport adaptat per a eleccions \" src=\"https:\/\/alzira.es\/wp-content\/uploads\/2019\/05\/ambulancia_LOCALES_val.jpg\" alt=\"ambulancia LOCALES val\" width=\"600\" height=\"338\" srcset=\"https:\/\/alzira.es\/wp-content\/uploads\/2019\/05\/ambulancia_LOCALES_val.jpg 1200w, https:\/\/alzira.es\/wp-content\/uploads\/2019\/05\/ambulancia_LOCALES_val-680x383.jpg 680w, https:\/\/alzira.es\/wp-content\/uploads\/2019\/05\/ambulancia_LOCALES_val-768x432.jpg 768w\" sizes=\"(max-width: 600px) 100vw, 600px\" \/><\/a>Alzira, 14 de maig de 2019. \u2013<\/strong> Amb motiu de la celebraci\u00f3 de les pr\u00f2ximes eleccions Municipals i al Parlament Europeu el proper dia 26 de maig de 2019 es torna a posar en marxa l&#8217;operatiu de la Delegaci\u00f3 del Govern per al trasllat de persones malaltes o amb mobilitat redu\u00efda.<\/p>\n<p style=\"text-align: justify;\">Es tracta d&#8217;una acci\u00f3 per tal de facilitar a les persones que aix\u00ed ho necessiten, el transport adaptat des de sa casa fins al col\u2022legi electoral per a poder exercir el seu dret al vot i que compta amb la col\u2022laboraci\u00f3 de Creu Roja.<\/p>\n<p style=\"text-align: justify;\">Durant la jornada electoral del 26 de maig, els voluntaris de Creu Roja recolliran amb els vehicles de l&#8217;associaci\u00f3 als sol\u2022licitants.<\/p>\n<p style=\"text-align: justify;\">Totes aquelles persones interessades en aquest servei que per motiu de malaltia o problemes de mobilitat, no poden acudir fins al col\u2022legi electoral, hauran de sol\u2022licitar-ho a l&#8217;Assemblea Local de Creu Roja telefonant al 96 241 0974.<\/p>\n<p style=\"text-align: justify;\">El termini m\u00e0xim previst per tal d&#8217;arreplegar les dades de les persones interessades al municipi que desitgen fer \u00fas d&#8217;este servei finalitza dijous 23 de maig a les 15.00 hores.<\/p>\n<p style=\"text-align: justify;\">&nbsp;<\/p>\n<p style=\"text-align: center;\">&nbsp;<\/p>\n","protected":false},"excerpt":{"rendered":"<p>Alzira, 14 de maig de 2019. \u2013 Amb motiu de la celebraci\u00f3 de les pr\u00f2ximes eleccions Municipals i al Parlament Europeu el proper dia 26 de maig de 2019 es torna a posar en marxa l&#8217;operatiu de la Delegaci\u00f3 del Govern per al trasllat de persones malaltes o amb mobilitat redu\u00efda. Es tracta d&#8217;una acci\u00f3 &hellip; <\/p>\n<p class=\"link-more\"><a href=\"https:\/\/alzira.es\/es\/fins-al-23-de-maig-es-pot-sol-licitar-transport-adaptat-per-a-eleccions\/\" class=\"more-link\">Continuar leyendo<span class=\"screen-reader-text\"> \u00abFins al 23 de maig es pot sol\u2022licitar transport adaptat per a eleccions\u00bb<\/span><\/a><\/p>\n","protected":false},"author":12,"featured_media":41567,"comment_status":"","ping_status":"","sticky":false,"template":"","format":"standard","meta":{"_acf_changed":false,"footnotes":""},"categories":[],"tags":[],"class_list":["post-41569","post","type-post","status-publish","format-standard","has-post-thumbnail","hentry"],"acf":[],"_links":{"self":[{"href":"https:\/\/alzira.es\/es\/wp-json\/wp\/v2\/posts\/41569","targetHints":{"allow":["GET"]}}],"collection":[{"href":"https:\/\/alzira.es\/es\/wp-json\/wp\/v2\/posts"}],"about":[{"href":"https:\/\/alzira.es\/es\/wp-json\/wp\/v2\/types\/post"}],"author":[{"embeddable":true,"href":"https:\/\/alzira.es\/es\/wp-json\/wp\/v2\/users\/12"}],"replies":[{"embeddable":true,"href":"https:\/\/alzira.es\/es\/wp-json\/wp\/v2\/comments?post=41569"}],"version-history":[{"count":0,"href":"https:\/\/alzira.es\/es\/wp-json\/wp\/v2\/posts\/41569\/revisions"}],"wp:featuredmedia":[{"embeddable":true,"href":"https:\/\/alzira.es\/es\/wp-json\/wp\/v2\/media\/41567"}],"wp:attachment":[{"href":"https:\/\/alzira.es\/es\/wp-json\/wp\/v2\/media?parent=41569"}],"wp:term":[{"taxonomy":"category","embeddable":true,"href":"https:\/\/alzira.es\/es\/wp-json\/wp\/v2\/categories?post=41569"},{"taxonomy":"post_tag","embeddable":true,"href":"https:\/\/alzira.es\/es\/wp-json\/wp\/v2\/tags?post=41569"}],"curies":[{"name":"wp","href":"https:\/\/api.w.org\/{rel}","templated":true}]}}