{"id":41532,"date":"2019-05-13T14:53:01","date_gmt":"2019-05-13T12:53:01","guid":{"rendered":"https:\/\/alzira.es\/la-junta-local-contra-el-cancer-d-alzira-recapta-vora-9000-euros-2\/"},"modified":"2019-05-13T14:53:01","modified_gmt":"2019-05-13T12:53:01","slug":"la-junta-local-contra-el-cancer-d-alzira-recapta-vora-9000-euros-2","status":"publish","type":"post","link":"https:\/\/alzira.es\/es\/la-junta-local-contra-el-cancer-d-alzira-recapta-vora-9000-euros-2\/","title":{"rendered":"La Junta Local contra el C\u00e0ncer d\u2019Alzira recapta vora 9000 euros"},"content":{"rendered":"<p style=\"text-align: justify;\"><strong>Alzira, 13 de maig de 2019.-<\/strong> La Junta Local de l&#8217;Associaci\u00f3 Espanyola Contra el C\u00e0ncer, ha comunicat a l&#8217;Ajuntament d&#8217;Alzira que la quantitat que s&#8217;ha aconseguit a partir de les donacions de la ciutadania \u00e9s de 8.908,50 euros.<\/p>\n<p style=\"text-align: justify;\">La Junta Local contra el C\u00e0ncer d&#8217;Alzira col\u00b7labora, any rere any, amb l&#8217;Associaci\u00f3 Espanyola contra el C\u00e0ncer i, per aix\u00f2, el passat dimecres 8 de maig va organitzar la tradicional col\u00b7lecta per a recaptar fons per a la lluita contra el c\u00e0ncer. Al llarg del mat\u00ed van participar de manera volunt\u00e0ria a les taules repartides per diferents punts de la Ciutat. Una col\u00b7lecta que, com sempre, compta amb el suport i col\u00b7laboraci\u00f3 de l&#8217;Ajuntament d&#8217;Alzira.<\/p>\n<p style=\"text-align: justify;\">La presidenta de la Junta, Mariv\u00ed Ferragut, ha manifestat en nom de tota l&#8217;associaci\u00f3 el seu agra\u00efment tant a l&#8217;Ajuntament com als alzirenys i alzirenyes, per la seua participaci\u00f3 i ajuda sense la qual, la lluita per esta causa no seria possible.<\/p>\n<p style=\"text-align: justify;\">Recordem que el passat mes d&#8217;abril, la Junta d&#8217;Alzira va estar guardonada amb la Menci\u00f3 Especial a l&#8217;esfor\u00e7 i treball per la seua recaptaci\u00f3 anual al llarg de l&#8217;exercici 2018.<\/p>\n<p style=\"text-align: center;\"><a class=\"jcepopup\" title=\"Junta Local contra el C\u00e0ncer\" href=\"https:\/\/alzira.es\/wp-content\/uploads\/2019\/05\/IMG_8003.jpg\" target=\"_blank\" rel=\"noopener\"><img fetchpriority=\"high\" decoding=\"async\" class=\" size-full wp-image-41523\" title=\"Junta Local contra el C\u00e0ncer\" src=\"https:\/\/alzira.es\/wp-content\/uploads\/2019\/05\/IMG_8003.jpg\" alt=\"IMG 8003\" width=\"400\" height=\"267\" srcset=\"https:\/\/alzira.es\/wp-content\/uploads\/2019\/05\/IMG_8003.jpg 1900w, https:\/\/alzira.es\/wp-content\/uploads\/2019\/05\/IMG_8003-680x453.jpg 680w, https:\/\/alzira.es\/wp-content\/uploads\/2019\/05\/IMG_8003-1430x954.jpg 1430w, https:\/\/alzira.es\/wp-content\/uploads\/2019\/05\/IMG_8003-768x512.jpg 768w, https:\/\/alzira.es\/wp-content\/uploads\/2019\/05\/IMG_8003-1536x1024.jpg 1536w\" sizes=\"(max-width: 400px) 100vw, 400px\" \/><\/a>&nbsp;<a class=\"jcepopup\" style=\"font-size: 14.4px; text-align: center;\" title=\"Junta Local contra el C\u00e0ncer\" type=\"image\" href=\"https:\/\/alzira.es\/wp-content\/uploads\/2019\/05\/IMG_8008.jpg\" target=\"_blank\" rel=\"noopener\"><img decoding=\"async\" class=\"size-full wp-image-41527 lazyload\" title=\"Junta Local contra el C\u00e0ncer\" data-src=\"https:\/\/alzira.es\/wp-content\/uploads\/2019\/05\/IMG_8008.jpg\" alt=\"IMG 8008\" width=\"400\" height=\"267\" src=\"data:image\/svg+xml;base64,PHN2ZyB3aWR0aD0iMSIgaGVpZ2h0PSIxIiB4bWxucz0iaHR0cDovL3d3dy53My5vcmcvMjAwMC9zdmciPjwvc3ZnPg==\" style=\"--smush-placeholder-width: 400px; --smush-placeholder-aspect-ratio: 400\/267;\" \/><\/a><\/p>\n","protected":false},"excerpt":{"rendered":"<p>Alzira, 13 de maig de 2019.- La Junta Local de l&#8217;Associaci\u00f3 Espanyola Contra el C\u00e0ncer, ha comunicat a l&#8217;Ajuntament d&#8217;Alzira que la quantitat que s&#8217;ha aconseguit a partir de les donacions de la ciutadania \u00e9s de 8.908,50 euros. La Junta Local contra el C\u00e0ncer d&#8217;Alzira col\u00b7labora, any rere any, amb l&#8217;Associaci\u00f3 Espanyola contra el C\u00e0ncer &hellip; <\/p>\n<p class=\"link-more\"><a href=\"https:\/\/alzira.es\/es\/la-junta-local-contra-el-cancer-d-alzira-recapta-vora-9000-euros-2\/\" class=\"more-link\">Continuar leyendo<span class=\"screen-reader-text\"> \u00abLa Junta Local contra el C\u00e0ncer d\u2019Alzira recapta vora 9000 euros\u00bb<\/span><\/a><\/p>\n","protected":false},"author":29,"featured_media":41523,"comment_status":"","ping_status":"","sticky":false,"template":"","format":"standard","meta":{"_acf_changed":false,"footnotes":""},"categories":[],"tags":[],"class_list":["post-41532","post","type-post","status-publish","format-standard","has-post-thumbnail","hentry"],"acf":[],"_links":{"self":[{"href":"https:\/\/alzira.es\/es\/wp-json\/wp\/v2\/posts\/41532","targetHints":{"allow":["GET"]}}],"collection":[{"href":"https:\/\/alzira.es\/es\/wp-json\/wp\/v2\/posts"}],"about":[{"href":"https:\/\/alzira.es\/es\/wp-json\/wp\/v2\/types\/post"}],"author":[{"embeddable":true,"href":"https:\/\/alzira.es\/es\/wp-json\/wp\/v2\/users\/29"}],"replies":[{"embeddable":true,"href":"https:\/\/alzira.es\/es\/wp-json\/wp\/v2\/comments?post=41532"}],"version-history":[{"count":0,"href":"https:\/\/alzira.es\/es\/wp-json\/wp\/v2\/posts\/41532\/revisions"}],"wp:featuredmedia":[{"embeddable":true,"href":"https:\/\/alzira.es\/es\/wp-json\/wp\/v2\/media\/41523"}],"wp:attachment":[{"href":"https:\/\/alzira.es\/es\/wp-json\/wp\/v2\/media?parent=41532"}],"wp:term":[{"taxonomy":"category","embeddable":true,"href":"https:\/\/alzira.es\/es\/wp-json\/wp\/v2\/categories?post=41532"},{"taxonomy":"post_tag","embeddable":true,"href":"https:\/\/alzira.es\/es\/wp-json\/wp\/v2\/tags?post=41532"}],"curies":[{"name":"wp","href":"https:\/\/api.w.org\/{rel}","templated":true}]}}