{"id":41530,"date":"2019-05-13T14:53:01","date_gmt":"2019-05-13T12:53:01","guid":{"rendered":"https:\/\/alzira.es\/la-junta-local-contra-el-cancer-d-alzira-recapta-vora-9000-euros\/"},"modified":"2019-05-13T14:53:01","modified_gmt":"2019-05-13T12:53:01","slug":"la-junta-local-contra-el-cancer-d-alzira-recapta-vora-9000-euros","status":"publish","type":"post","link":"https:\/\/alzira.es\/es\/la-junta-local-contra-el-cancer-d-alzira-recapta-vora-9000-euros\/","title":{"rendered":"La Junta Local contra el C\u00e1ncer de Alzira recauda alrededor de 9000 euros"},"content":{"rendered":"<p style=\"text-align: justify;\"><strong>Alzira, 13 de mayo de 2019.-<\/strong> La Junta Local de la Asociaci\u00f3n Espa\u00f1ola Contra el C\u00e1ncer, ha comunicado al Ayuntamiento de Alzira que la cantidad que se ha conseguido a partir de las donaciones de la ciudadan\u00eda es de 8.908,50 euros.<\/p>\n<p style=\"text-align: justify;\">La Junta Local contra el C\u00e1ncer de Alzira colabora, a\u00f1o tras a\u00f1o, con la Asociaci\u00f3n Espa\u00f1ola contra el C\u00e1ncer y, por ello, el pasado mi\u00e9rcoles 8 de mayo organiz\u00f3 la tradicional colecta para recaudar fondos para la lucha contra el c\u00e1ncer. A lo largo de la ma\u00f1ana participaron de manera voluntaria en las mesas repartidas por diferentes puntos de la Ciudad. Una colecta que, como siempre, cuenta con el apoyo y colaboraci\u00f3n del Ayuntamiento de Alzira.<\/p>\n<p style=\"text-align: justify;\">La presidenta de la Junta, Mariv\u00ed Ferragut, manifest\u00f3 en nombre de toda la asociaci\u00f3n su agradecimiento tanto al Ayuntamiento como a los alzire\u00f1os y alzire\u00f1as, por su participaci\u00f3n y ayuda sin la cual, la lucha por esta causa no ser\u00eda posible.<\/p>\n<p style=\"text-align: justify;\">Recordemos que el pasado mes de abril, la Junta de Alzira estuvo galardonada con la Menci\u00f3n Especial al esfuerzo y trabajo para su recaudaci\u00f3n anual a lo largo del ejercicio 2018.<\/p>\n<p style=\"text-align: center;\"><a class=\"jcepopup\" title=\"Junta Local contra el C\u00e0ncer\" href=\"https:\/\/alzira.es\/wp-content\/uploads\/2019\/05\/IMG_8003.jpg\" target=\"_blank\" rel=\"noopener\"><img fetchpriority=\"high\" decoding=\"async\" class=\" size-full wp-image-41523\" title=\"Junta Local contra el C\u00e0ncer\" src=\"https:\/\/alzira.es\/wp-content\/uploads\/2019\/05\/IMG_8003.jpg\" alt=\"IMG 8003\" width=\"400\" height=\"267\" srcset=\"https:\/\/alzira.es\/wp-content\/uploads\/2019\/05\/IMG_8003.jpg 1900w, https:\/\/alzira.es\/wp-content\/uploads\/2019\/05\/IMG_8003-680x453.jpg 680w, https:\/\/alzira.es\/wp-content\/uploads\/2019\/05\/IMG_8003-1430x954.jpg 1430w, https:\/\/alzira.es\/wp-content\/uploads\/2019\/05\/IMG_8003-768x512.jpg 768w, https:\/\/alzira.es\/wp-content\/uploads\/2019\/05\/IMG_8003-1536x1024.jpg 1536w\" sizes=\"(max-width: 400px) 100vw, 400px\" \/><\/a>&nbsp;<a class=\"jcepopup\" style=\"font-size: 14.4px; text-align: center;\" title=\"Junta Local contra el C\u00e0ncer\" type=\"image\" href=\"https:\/\/alzira.es\/wp-content\/uploads\/2019\/05\/IMG_8008.jpg\" target=\"_blank\" rel=\"noopener\"><img decoding=\"async\" class=\"size-full wp-image-41527 lazyload\" title=\"Junta Local contra el C\u00e0ncer\" data-src=\"https:\/\/alzira.es\/wp-content\/uploads\/2019\/05\/IMG_8008.jpg\" alt=\"IMG 8008\" width=\"400\" height=\"267\" src=\"data:image\/svg+xml;base64,PHN2ZyB3aWR0aD0iMSIgaGVpZ2h0PSIxIiB4bWxucz0iaHR0cDovL3d3dy53My5vcmcvMjAwMC9zdmciPjwvc3ZnPg==\" style=\"--smush-placeholder-width: 400px; --smush-placeholder-aspect-ratio: 400\/267;\" \/><\/a><\/p>\n","protected":false},"excerpt":{"rendered":"<p>Alzira, 13 de mayo de 2019.- La Junta Local de la Asociaci\u00f3n Espa\u00f1ola Contra el C\u00e1ncer, ha comunicado al Ayuntamiento de Alzira que la cantidad que se ha conseguido a partir de las donaciones de la ciudadan\u00eda es de 8.908,50 euros. La Junta Local contra el C\u00e1ncer de Alzira colabora, a\u00f1o tras a\u00f1o, con la &hellip; <\/p>\n<p class=\"link-more\"><a href=\"https:\/\/alzira.es\/es\/la-junta-local-contra-el-cancer-d-alzira-recapta-vora-9000-euros\/\" class=\"more-link\">Continuar leyendo<span class=\"screen-reader-text\"> \u00abLa Junta Local contra el C\u00e1ncer de Alzira recauda alrededor de 9000 euros\u00bb<\/span><\/a><\/p>\n","protected":false},"author":29,"featured_media":41523,"comment_status":"","ping_status":"","sticky":false,"template":"","format":"standard","meta":{"_acf_changed":false,"footnotes":""},"categories":[4936],"tags":[],"class_list":["post-41530","post","type-post","status-publish","format-standard","has-post-thumbnail","hentry","category-hemeroteca-es"],"acf":[],"_links":{"self":[{"href":"https:\/\/alzira.es\/es\/wp-json\/wp\/v2\/posts\/41530","targetHints":{"allow":["GET"]}}],"collection":[{"href":"https:\/\/alzira.es\/es\/wp-json\/wp\/v2\/posts"}],"about":[{"href":"https:\/\/alzira.es\/es\/wp-json\/wp\/v2\/types\/post"}],"author":[{"embeddable":true,"href":"https:\/\/alzira.es\/es\/wp-json\/wp\/v2\/users\/29"}],"replies":[{"embeddable":true,"href":"https:\/\/alzira.es\/es\/wp-json\/wp\/v2\/comments?post=41530"}],"version-history":[{"count":0,"href":"https:\/\/alzira.es\/es\/wp-json\/wp\/v2\/posts\/41530\/revisions"}],"wp:featuredmedia":[{"embeddable":true,"href":"https:\/\/alzira.es\/es\/wp-json\/wp\/v2\/media\/41523"}],"wp:attachment":[{"href":"https:\/\/alzira.es\/es\/wp-json\/wp\/v2\/media?parent=41530"}],"wp:term":[{"taxonomy":"category","embeddable":true,"href":"https:\/\/alzira.es\/es\/wp-json\/wp\/v2\/categories?post=41530"},{"taxonomy":"post_tag","embeddable":true,"href":"https:\/\/alzira.es\/es\/wp-json\/wp\/v2\/tags?post=41530"}],"curies":[{"name":"wp","href":"https:\/\/api.w.org\/{rel}","templated":true}]}}