{"id":41443,"date":"2019-05-07T16:00:00","date_gmt":"2019-05-07T14:00:00","guid":{"rendered":"https:\/\/alzira.es\/comencen-a-alzira-les-primeres-jornades-d-aiguees-potables-i-residuals-a-la-ribera\/"},"modified":"2019-05-07T16:00:00","modified_gmt":"2019-05-07T14:00:00","slug":"comencen-a-alzira-les-primeres-jornades-d-aiguees-potables-i-residuals-a-la-ribera","status":"publish","type":"post","link":"https:\/\/alzira.es\/es\/comencen-a-alzira-les-primeres-jornades-d-aiguees-potables-i-residuals-a-la-ribera\/","title":{"rendered":"Comencen a Alzira les primeres Jornades d\u2019Aig\u00fces Potables i Residuals a la Ribera"},"content":{"rendered":"<p style=\"text-align: justify;\"><strong>Alzira, 7 de maig de 2019<\/strong>. Alzira acull hui i dem\u00e0, les primeres jornades d&#8217;Aig\u00fces potables i residuals a la Ribera. Un f\u00f2rum que pret\u00e9n abordar els problemes que l&#8217;aigua causa a la nostra comarca per les riuades, la sequera o contaminaci\u00f3, per\u00f2 tamb\u00e9 pels vessaments.<\/p>\n<p style=\"text-align: justify;\">A m\u00e9s s&#8217;ha tractat la problem\u00e0tica de l&#8217;aigua per a consum de la zona i s&#8217;han plantejat solucions t\u00e8cniques sobre este tema i tecnologies disponibles d&#8217;absorci\u00f3 de nitrats i casos d&#8217;\u00e8xit aplicats en la zona. Dem\u00e0 est\u00e0 previst abordar la problem\u00e0tica dels abocaments industrials amb especial refer\u00e8ncia als abocaments dels sectors m\u00e9s espec\u00edfics de la zona i l&#8217;exposici\u00f3 de solucions t\u00e8cniques concretes per a cada abocament.<\/p>\n<p style=\"text-align: justify;\">El Director General de l&#8217;Aigua, Manolo Aldeguer ha participat en esta jornada i ha anunciat la possibilitat de construir una bassa, junt la segona fase del canal de les Basses, per emmagatzemar l&#8217;aigua de les pluges en els casos en els que el barranc de la Casella no puga absorbir les escorrenties, o el X\u00faquer estiga ja ple, amb l&#8217;objectiu de pal\u2022liar els efectes de les pluges torrencials.<\/p>\n<p style=\"text-align: justify;\">I \u00e9s que la segona fase del canal de les Basses es troba en fase de redacci\u00f3 i pel que fa a la primera, es troba, pr\u00e0cticament acabada. En estos moments els t\u00e8cnics de la conselleria procedeixen a \u00abequilibrar les comportes\u00bb, de les quals, una ser\u00e0 autom\u00e0tica, mentre l&#8217;altra est\u00e0 programada perqu\u00e8 siga manual, amb l&#8217;objectiu que puga ser utilitzada per l&#8217;Ajuntament d&#8217;Alzira, en cas de necessitat.<\/p>\n<p style=\"text-align: justify;\">L&#8217;alcalde d&#8217;Alzira, Diego G\u00f3mez tamb\u00e9 ha participat en la Jornada i ha comunicat que la Confederaci\u00f3 Hidrogr\u00e0fica del X\u00faquer far\u00e0 un estudi per tal de buscar la millor eixida al barranc de la Casella amb l&#8217;objectiu de garantir la seguretat ciutadana . Pel que fa a l&#8217;aigua potable ha remarcat la seua postura de que la millor opci\u00f3 \u00e9s agafar l&#8217;aigua del riu.<\/p>\n<p style=\"text-align: justify;\">Les sessions estan organitzades per Tus noticias de la Ribera, patrocinades per Bankia i compten amb la col\u2022laboraci\u00f3 de l&#8217;Ajuntament d&#8217;Alzira i CVI, Control de Vertido Industrial.<\/p>\n<p style=\"text-align: justify;\">&nbsp;<\/p>\n<p style=\"text-align: center;\"><a href=\"https:\/\/alzira.es\/wp-content\/uploads\/2019\/05\/IMG_7958.jpg\" target=\"_blank\" rel=\"noopener\"><img fetchpriority=\"high\" decoding=\"async\" class=\" size-full wp-image-41433\" title=\"Comencen a Alzira les primeres Jornades d\u2019Aig\u00fces Potables i Residuals a la Ribera\" src=\"https:\/\/alzira.es\/wp-content\/uploads\/2019\/05\/IMG_7958.jpg\" alt=\"IMG 7958\" width=\"400\" height=\"267\" \/><\/a>&nbsp;<a href=\"https:\/\/alzira.es\/wp-content\/uploads\/2019\/05\/IMG_7962.jpg\" target=\"_blank\" rel=\"noopener\"><img decoding=\"async\" class=\"size-full wp-image-41435 lazyload\" title=\"Comencen a Alzira les primeres Jornades d\u2019Aig\u00fces Potables i Residuals a la Ribera\" data-src=\"https:\/\/alzira.es\/wp-content\/uploads\/2019\/05\/IMG_7962.jpg\" alt=\"IMG 7962\" width=\"400\" height=\"267\" src=\"data:image\/svg+xml;base64,PHN2ZyB3aWR0aD0iMSIgaGVpZ2h0PSIxIiB4bWxucz0iaHR0cDovL3d3dy53My5vcmcvMjAwMC9zdmciPjwvc3ZnPg==\" style=\"--smush-placeholder-width: 400px; --smush-placeholder-aspect-ratio: 400\/267;\" \/><\/a>&nbsp;<a href=\"https:\/\/alzira.es\/wp-content\/uploads\/2019\/05\/IMG_7965.jpg\" target=\"_blank\" rel=\"noopener\"><img decoding=\"async\" class=\"size-full wp-image-41437 lazyload\" title=\"Comencen a Alzira les primeres Jornades d\u2019Aig\u00fces Potables i Residuals a la Ribera\" data-src=\"https:\/\/alzira.es\/wp-content\/uploads\/2019\/05\/IMG_7965.jpg\" alt=\"IMG 7965\" width=\"400\" height=\"267\" src=\"data:image\/svg+xml;base64,PHN2ZyB3aWR0aD0iMSIgaGVpZ2h0PSIxIiB4bWxucz0iaHR0cDovL3d3dy53My5vcmcvMjAwMC9zdmciPjwvc3ZnPg==\" style=\"--smush-placeholder-width: 400px; --smush-placeholder-aspect-ratio: 400\/267;\" \/><\/a><\/p>\n","protected":false},"excerpt":{"rendered":"<p>Alzira, 7 de maig de 2019. Alzira acull hui i dem\u00e0, les primeres jornades d&#8217;Aig\u00fces potables i residuals a la Ribera. Un f\u00f2rum que pret\u00e9n abordar els problemes que l&#8217;aigua causa a la nostra comarca per les riuades, la sequera o contaminaci\u00f3, per\u00f2 tamb\u00e9 pels vessaments. A m\u00e9s s&#8217;ha tractat la problem\u00e0tica de l&#8217;aigua per &hellip; <\/p>\n<p class=\"link-more\"><a href=\"https:\/\/alzira.es\/es\/comencen-a-alzira-les-primeres-jornades-d-aiguees-potables-i-residuals-a-la-ribera\/\" class=\"more-link\">Continuar leyendo<span class=\"screen-reader-text\"> \u00abComencen a Alzira les primeres Jornades d\u2019Aig\u00fces Potables i Residuals a la Ribera\u00bb<\/span><\/a><\/p>\n","protected":false},"author":12,"featured_media":41433,"comment_status":"","ping_status":"","sticky":false,"template":"","format":"standard","meta":{"_acf_changed":false,"footnotes":""},"categories":[],"tags":[],"class_list":["post-41443","post","type-post","status-publish","format-standard","has-post-thumbnail","hentry"],"acf":[],"_links":{"self":[{"href":"https:\/\/alzira.es\/es\/wp-json\/wp\/v2\/posts\/41443","targetHints":{"allow":["GET"]}}],"collection":[{"href":"https:\/\/alzira.es\/es\/wp-json\/wp\/v2\/posts"}],"about":[{"href":"https:\/\/alzira.es\/es\/wp-json\/wp\/v2\/types\/post"}],"author":[{"embeddable":true,"href":"https:\/\/alzira.es\/es\/wp-json\/wp\/v2\/users\/12"}],"replies":[{"embeddable":true,"href":"https:\/\/alzira.es\/es\/wp-json\/wp\/v2\/comments?post=41443"}],"version-history":[{"count":0,"href":"https:\/\/alzira.es\/es\/wp-json\/wp\/v2\/posts\/41443\/revisions"}],"wp:featuredmedia":[{"embeddable":true,"href":"https:\/\/alzira.es\/es\/wp-json\/wp\/v2\/media\/41433"}],"wp:attachment":[{"href":"https:\/\/alzira.es\/es\/wp-json\/wp\/v2\/media?parent=41443"}],"wp:term":[{"taxonomy":"category","embeddable":true,"href":"https:\/\/alzira.es\/es\/wp-json\/wp\/v2\/categories?post=41443"},{"taxonomy":"post_tag","embeddable":true,"href":"https:\/\/alzira.es\/es\/wp-json\/wp\/v2\/tags?post=41443"}],"curies":[{"name":"wp","href":"https:\/\/api.w.org\/{rel}","templated":true}]}}