{"id":41431,"date":"2019-05-07T15:41:19","date_gmt":"2019-05-07T13:41:19","guid":{"rendered":"https:\/\/alzira.es\/la-casa-de-la-cultura-acull-una-nova-edicio-d-orienta-t\/"},"modified":"2019-05-07T15:41:19","modified_gmt":"2019-05-07T13:41:19","slug":"la-casa-de-la-cultura-acull-una-nova-edicio-d-orienta-t","status":"publish","type":"post","link":"https:\/\/alzira.es\/es\/la-casa-de-la-cultura-acull-una-nova-edicio-d-orienta-t\/","title":{"rendered":"La casa de la Cultura acull una nova edici\u00f3 d\u2019Orienta\u2019t"},"content":{"rendered":"<p style=\"text-align: justify;\"><strong><a href=\"https:\/\/alzira.es\/wp-content\/uploads\/2019\/05\/59463325_2175789565809626_6098064188280668160_n.jpg\" target=\"_blank\" rel=\"noopener\"><img fetchpriority=\"high\" decoding=\"async\" class=\" alignleft size-full wp-image-41421\" style=\"margin-right: 10px; float: left;\" title=\"La casa de la Cultura acull una nova edici\u00f3 d\u2019Orienta\u2019t\" src=\"https:\/\/alzira.es\/wp-content\/uploads\/2019\/05\/59463325_2175789565809626_6098064188280668160_n.jpg\" alt=\"59463325 2175789565809626 6098064188280668160 n\" width=\"400\" height=\"563\" srcset=\"https:\/\/alzira.es\/wp-content\/uploads\/2019\/05\/59463325_2175789565809626_6098064188280668160_n.jpg 682w, https:\/\/alzira.es\/wp-content\/uploads\/2019\/05\/59463325_2175789565809626_6098064188280668160_n-362x510.jpg 362w\" sizes=\"(max-width: 400px) 100vw, 400px\" \/><\/a><\/strong><\/p>\n<p style=\"text-align: justify;\"><span style=\"color: #000000;\"><strong>Alzira, 7 de maig de 2019<\/strong>. Fins el proper divendres, 10 de maig, pots visitar a la casa de la Cultura d&#8217;Alzira Orienta&#8217;t. Un espai amb din\u00e0miques i estands informatius sobre cicles formatius, universitats, idiomes, m\u00fasica i tamb\u00e9 sobre el m\u00f3n laboral, que t\u00e9 coma a finalitat mostrar els diferents itineraris que es poden seguir per formar-se tant els joves com els adults amb ganes de superar-se.<br \/>Enguany, a m\u00e9s de tota esta oferta, els visitants d&#8217;Orienta&#8217;t, podran gaudir de l&#8217;exposici\u00f3 de l&#8217;IVAJ no em toques el Whatsapp, a m\u00e9s de tallers de rob\u00f2tica amb Sphero Mini i Inicia&#8217;t en la Dom\u00f2tica amb Xiami Mi Smart Home a c\u00e0rrec de X\u00faquer Centre Educatiu.<br \/><\/span><\/p>\n<p style=\"text-align: justify;\"><span style=\"color: #000000;\">En la jornada de hui els visitants han pogut gaudir d&#8217;un showcooking i demostraci\u00f3 de Cocteleria a c\u00e0rrec dels alumnes de l&#8217;IES Enguera. La cuina i el servei de sala han estat els protagonistes d&#8217;una jornada amb demostracions en directe que ha servit per comprovar que el sector de l&#8217;hostaleria pot ser una eixida laboral a tindre en compte.<\/span><\/p>\n<p style=\"text-align: justify;\"><span style=\"color: #000000;\">El turisme \u00e9s sens dubte un dels sectors econ\u00f2mics m\u00e9s potents del nostre teixit econ\u00f2mic, sobre tot a la zona del Mediterrani, per aix\u00f2 des d&#8217; Orienta&#8217;t s&#8217;ha volgut mostrar com el fet d&#8217;estudiar un cicle per convertir-se en cuiner o cambrer est\u00e0 sent cada vegada una opci\u00f3 m\u00e9s demandada pels joves que troben en el sectors serveis una bona eixida laboral.<\/span><\/p>\n<p style=\"text-align: justify;\"><span style=\"color: #000000;\"><a href=\"https:\/\/alzira.es\/wp-content\/uploads\/2019\/05\/IMG_7997.jpg\" target=\"_blank\" rel=\"noopener\"><\/a><\/span><\/p>\n<p style=\"text-align: justify;\"><span style=\"color: #000000;\">L&#8217;alumnat tamb\u00e9 ha explicat que amb activitats com la de hui poden posar en pr\u00e0ctica tot all\u00f2 que aprenen cada dia a classe i demostrar que s\u00f3n capa\u00e7os de dur endavant un bon servei.<\/span><br \/><span style=\"color: #000000;\">Al llarg de la setmana es poden continuar visitant els estands i fent consultes als orientadors que estaran atenent als alzirenys i alzirenyes fins al divendres.<\/span><\/p>\n<p style=\"text-align: justify;\"><span style=\"color: #000000;\"><strong>Programaci\u00f3<\/strong><\/span><br \/><span style=\"color: #000000;\">DIN\u00c0MICA KAHOOT Un divertit joc on podreu resoldre preguntes al voltant del sistema educatiu i el m\u00f3n laboral.<\/span><br \/><span style=\"color: #000000;\">TUPREGUNT.ES: Ac\u00ed trobar\u00e0s dos grans punts d&#8217;informaci\u00f3, on podr\u00e0s resoldre els dubtes, confeccionar el teu itinerari formatiu&#8230;<\/span><\/p>\n<p style=\"text-align: justify;\"><span style=\"color: #000000;\"><a href=\"https:\/\/alzira.es\/wp-content\/uploads\/2019\/05\/IMG_7997.jpg\" target=\"_blank\" rel=\"noopener\"><\/a><\/span><\/p>\n<p style=\"text-align: justify;\"><span style=\"color: #000000;\"><strong>ENGUANY, A M\u00c9S, COMPTAREM AMB:<\/strong><\/span><br \/><span style=\"color: #000000;\">\u2022 Exposici\u00f3 de l&#8217;IVAJ \u00abNo em toques el WhatsApp\u00bb<\/span><br \/><span style=\"color: #000000;\">\u2022 Dimarts 7 de maig: Show Cooking i demostraci\u00f3 de Cocteleria. A c\u00e0rrec de l&#8217;IES Enguera Tallers a c\u00e0rrec de X\u00faquer Centre Educatiu:<\/span><br \/><span style=\"color: #000000;\">\u2022 Dimecres 8, 11h: Taller de Rob\u00f2tica Educativa, amb Sphero Mini<\/span><br \/><span style=\"color: #000000;\">\u2022 Dijous 9, 11h: Inicia&#8217;t en la Dom\u00f2tica, amb Xiaomi Mi Smart Home<\/span><\/p>\n<p style=\"text-align: justify;\"><span style=\"color: #000000;\"><a href=\"https:\/\/alzira.es\/wp-content\/uploads\/2019\/05\/IMG_7997.jpg\" target=\"_blank\" rel=\"noopener\"><\/a><\/span><\/p>\n<p style=\"text-align: justify;\"><span style=\"color: #000000;\"><strong>ESTANDS INFORMATIUS DELS CENTRES EDUCATIUS<\/strong><\/span><br \/><span style=\"color: #000000;\">\u2022 Barreira Art i Disseny.<\/span><br \/><span style=\"color: #000000;\">\u2022 Centre de Grau Mitj\u00e0 de Perruqueria Daniel Matall\u00edn<\/span><br \/><span style=\"color: #000000;\">\u2022 CP FPA Enric Valor d&#8217;Alzira<\/span><br \/><span style=\"color: #000000;\">\u2022 CIJ (Claustre d&#8217;Informaci\u00f3 Juvenil d&#8217;Alzira)<\/span><br \/><span style=\"color: #000000;\">\u2022 CIPFP Luis Su\u00f1er Sanchis<\/span><br \/><span style=\"color: #000000;\">\u2022 Col\u2022legi La Pur\u00edssima<\/span><br \/><span style=\"color: #000000;\">\u2022 EFA La Malvelsia i EFA Torrealedua<\/span><br \/><span style=\"color: #000000;\">\u2022 Florida Universit\u00e0ria<\/span><br \/><span style=\"color: #000000;\">\u2022 IDEA (Ag\u00e8ncia de Desenvolupament Local d&#8217;Alzira)<\/span><br \/><span style=\"color: #000000;\">\u2022 IES Enguera -IES Jos\u00e9 M. Parra.<\/span><br \/><span style=\"color: #000000;\">\u2022 Instituto Pax -UNED Alzira<\/span><br \/><span style=\"color: #000000;\">\u2022 Val\u00e8ncia Francisco Tom\u00e1s y Valiente<\/span><br \/><span style=\"color: #000000;\">\u2022 Universitat Cat\u00f2lica de Val\u00e8ncia San Vicente M\u00e0rtir<\/span><br \/><span style=\"color: #000000;\">\u2022 Universitat Europea de Val\u00e8ncia<\/span><br \/><span style=\"color: #000000;\">\u2022 Universitat Jaume I<\/span><br \/><span style=\"color: #000000;\">\u2022 X\u00faquer Centre Educatiu<\/span><\/p>\n<p style=\"text-align: justify;\"><span style=\"color: #000000;\"><a href=\"https:\/\/alzira.es\/wp-content\/uploads\/2019\/05\/IMG_7997.jpg\" target=\"_blank\" rel=\"noopener\"><\/a><\/span><\/p>\n<p style=\"text-align: justify;\"><span style=\"color: #000000;\"><strong>Horari i ubicaci\u00f3<\/strong><\/span><br \/><span style=\"color: #000000;\">Orienta&#8217;t estar\u00e0 disponible des de dilluns 6 fins divendres 10 de maig.<\/span><br \/><span style=\"color: #000000;\">L&#8217;horari de dilluns a divendres pels matins \u00e9s de 9h a 14h i per les vesprades, de dilluns a dijous de 16h a 18:30h.<\/span><br \/><span style=\"color: #000000;\">Pots visitar Orienta&#8217;t a la Casa de la Cultura en el carrer Escoles Pies, 4. https:\/\/goo.gl\/maps\/NRq7K6MstTfNa8gP8<\/span><\/p>\n<p style=\"text-align: center;\"><span style=\"color: #0000ff;\"><a href=\"https:\/\/alzira.es\/wp-content\/uploads\/2019\/05\/IMG_7997.jpg\" target=\"_blank\" rel=\"noopener\"><img decoding=\"async\" class=\"size-full wp-image-41427 lazyload\" title=\"La casa de la Cultura acull una nova edici\u00f3 d\u2019Orienta\u2019t\" data-src=\"https:\/\/alzira.es\/wp-content\/uploads\/2019\/05\/IMG_7997.jpg\" alt=\"IMG 7997\" width=\"400\" height=\"267\" src=\"data:image\/svg+xml;base64,PHN2ZyB3aWR0aD0iMSIgaGVpZ2h0PSIxIiB4bWxucz0iaHR0cDovL3d3dy53My5vcmcvMjAwMC9zdmciPjwvc3ZnPg==\" style=\"--smush-placeholder-width: 400px; --smush-placeholder-aspect-ratio: 400\/267;\" \/><\/a><\/span><\/p>\n","protected":false},"excerpt":{"rendered":"<p>Alzira, 7 de maig de 2019. Fins el proper divendres, 10 de maig, pots visitar a la casa de la Cultura d&#8217;Alzira Orienta&#8217;t. Un espai amb din\u00e0miques i estands informatius sobre cicles formatius, universitats, idiomes, m\u00fasica i tamb\u00e9 sobre el m\u00f3n laboral, que t\u00e9 coma a finalitat mostrar els diferents itineraris que es poden seguir &hellip; <\/p>\n<p class=\"link-more\"><a href=\"https:\/\/alzira.es\/es\/la-casa-de-la-cultura-acull-una-nova-edicio-d-orienta-t\/\" class=\"more-link\">Continuar leyendo<span class=\"screen-reader-text\"> \u00abLa casa de la Cultura acull una nova edici\u00f3 d\u2019Orienta\u2019t\u00bb<\/span><\/a><\/p>\n","protected":false},"author":12,"featured_media":41421,"comment_status":"","ping_status":"","sticky":false,"template":"","format":"standard","meta":{"_acf_changed":false,"footnotes":""},"categories":[],"tags":[],"class_list":["post-41431","post","type-post","status-publish","format-standard","has-post-thumbnail","hentry"],"acf":[],"_links":{"self":[{"href":"https:\/\/alzira.es\/es\/wp-json\/wp\/v2\/posts\/41431","targetHints":{"allow":["GET"]}}],"collection":[{"href":"https:\/\/alzira.es\/es\/wp-json\/wp\/v2\/posts"}],"about":[{"href":"https:\/\/alzira.es\/es\/wp-json\/wp\/v2\/types\/post"}],"author":[{"embeddable":true,"href":"https:\/\/alzira.es\/es\/wp-json\/wp\/v2\/users\/12"}],"replies":[{"embeddable":true,"href":"https:\/\/alzira.es\/es\/wp-json\/wp\/v2\/comments?post=41431"}],"version-history":[{"count":0,"href":"https:\/\/alzira.es\/es\/wp-json\/wp\/v2\/posts\/41431\/revisions"}],"wp:featuredmedia":[{"embeddable":true,"href":"https:\/\/alzira.es\/es\/wp-json\/wp\/v2\/media\/41421"}],"wp:attachment":[{"href":"https:\/\/alzira.es\/es\/wp-json\/wp\/v2\/media?parent=41431"}],"wp:term":[{"taxonomy":"category","embeddable":true,"href":"https:\/\/alzira.es\/es\/wp-json\/wp\/v2\/categories?post=41431"},{"taxonomy":"post_tag","embeddable":true,"href":"https:\/\/alzira.es\/es\/wp-json\/wp\/v2\/tags?post=41431"}],"curies":[{"name":"wp","href":"https:\/\/api.w.org\/{rel}","templated":true}]}}