{"id":41429,"date":"2019-05-07T15:41:19","date_gmt":"2019-05-07T13:41:19","guid":{"rendered":"https:\/\/alzira.es\/la-casa-de-la-cultura-acoge-una-nueva-edicion-de-orienta-t\/"},"modified":"2019-05-07T15:41:19","modified_gmt":"2019-05-07T13:41:19","slug":"la-casa-de-la-cultura-acoge-una-nueva-edicion-de-orienta-t","status":"publish","type":"post","link":"https:\/\/alzira.es\/es\/la-casa-de-la-cultura-acoge-una-nueva-edicion-de-orienta-t\/","title":{"rendered":"La casa de la Cultura acoge una nueva edici\u00f3n de Orienta&#8217;t"},"content":{"rendered":"<p style=\"text-align: justify;\"><strong><a href=\"https:\/\/alzira.es\/wp-content\/uploads\/2019\/05\/59463325_2175789565809626_6098064188280668160_n.jpg\" target=\"_blank\" rel=\"noopener\"><img fetchpriority=\"high\" decoding=\"async\" class=\" alignleft size-full wp-image-41421\" style=\"margin-right: 10px; float: left;\" title=\"La casa de la Cultura acoge una nueva edici\u00f3n de Orienta't\" src=\"https:\/\/alzira.es\/wp-content\/uploads\/2019\/05\/59463325_2175789565809626_6098064188280668160_n.jpg\" alt=\"59463325 2175789565809626 6098064188280668160 n\" width=\"400\" height=\"563\" srcset=\"https:\/\/alzira.es\/wp-content\/uploads\/2019\/05\/59463325_2175789565809626_6098064188280668160_n.jpg 682w, https:\/\/alzira.es\/wp-content\/uploads\/2019\/05\/59463325_2175789565809626_6098064188280668160_n-362x510.jpg 362w\" sizes=\"(max-width: 400px) 100vw, 400px\" \/><\/a>Alzira, 7 de mayo de 2019<\/strong>. Hasta el pr\u00f3ximo viernes, 10 de mayo, puedes visitar en la casa de la Cultura de Alzira Orienta&#8217;t. Un espacio con din\u00e1micas y stands informativos sobre ciclos formativos, universidades, idiomas, m\u00fasica y tambi\u00e9n sobre el mundo laboral, que tiene como finalidad mostrar los diferentes itinerarios que se pueden seguir para formarse tanto los j\u00f3venes como los adultos con ganas de superar -se.<\/p>\n<p style=\"text-align: justify;\">Este a\u00f1o, adem\u00e1s de toda esta oferta, los visitantes de Orienta&#8217;t podr\u00e1n disfrutar de la exposici\u00f3n del IVAJ no em toques el Whatsapp, adem\u00e1s de talleres de rob\u00f3tica con Sphero Mini y In\u00edciate en la Dom\u00f3tica con Xiamen Mi Smart Home a cargo de X\u00faquer Centre Educatiu.<\/p>\n<p style=\"text-align: justify;\">En la jornada de hoy los visitantes han podido disfrutar de un showcooking y demostraci\u00f3n de Cocteler\u00eda a cargo de los alumnos del IES Enguera. La cocina y el servicio de sala han sido los protagonistas de una jornada con demostraciones en directo que ha servido para comprobar que el sector de la hosteler\u00eda puede ser una salida laboral a tener en cuenta.<\/p>\n<p style=\"text-align: justify;\">El turismo es sin duda uno de los sectores econ\u00f3micos m\u00e1s potentes de nuestro tejido econ\u00f3mico, sobre todo en la zona del Mediterr\u00e1neo, por eso desde Orienta&#8217;t han querido mostrar c\u00f3mo el hecho de estudiar un ciclo para convertirse en cocinero o camarero est\u00e1 siendo cada vez una opci\u00f3n m\u00e1s demandada por los j\u00f3venes que encuentran en los sectores servicios una buena salida laboral.<\/p>\n<p style=\"text-align: justify;\">El alumnado tambi\u00e9n ha explicado que con actividades como la de hoy puedan ponerse en pr\u00e1ctica todo lo que aprenden cada d\u00eda en clase y demostrar que son capaces de llevar adelante un buen servicio.<\/p>\n<p style=\"text-align: justify;\">A lo largo de la semana se pueden continuar visitando los stands y haciendo consultas a los orientadores que estar\u00e1n atendiendo a los alzire\u00f1os y alzire\u00f1as hasta el viernes.<\/p>\n<p style=\"text-align: justify;\"><strong>Programaci\u00f3n<\/strong><br \/><span style=\"color: #ff0000;\">DIN\u00c1MICA Kahoot<\/span> Un divertido juego donde podr\u00e1 resolver preguntas en torno al sistema educativo y el mundo laboral.<br \/><span style=\"color: #ff0000;\">TUPREGUNT.ES:<\/span> Aqu\u00ed encontrar\u00e1s dos grandes puntos de informaci\u00f3n, donde podr\u00e1s resolver las dudas, confeccionar tu itinerario formativo &#8230;<\/p>\n<p style=\"text-align: justify;\">ESTE A\u00d1O, ADEM\u00c1S, cuenta con:<br \/>\u2022 Exposici\u00f3n del IVAJ \u00abNo me tocas el WhatsApp\u00bb<br \/>\u2022 Martes 7 de mayo: Show Cooking y demostraci\u00f3n de Cocteler\u00eda. A cargo del IES Enguera Talleres a cargo de J\u00facar Centro Educativo:<br \/>\u2022 Mi\u00e9rcoles 8, 11h: Taller de Rob\u00f3tica Educativa, con Sphero Mini<br \/>\u2022 Jueves 9, 11h: In\u00edciate en la Dom\u00f3tica, con Xiaomi Mi Smart Home<\/p>\n<p style=\"text-align: justify;\"><strong>STANDS INFORMATIVOS DE LOS CENTROS EDUCATIVOS<\/strong><br \/>\u2022 Barreira Arte y Dise\u00f1o.<br \/>\u2022 Centro de Grado Medio de Peluquer\u00eda Daniel Matall\u00edn<br \/>\u2022 CP FPA Enric Valor de Alzira<br \/>\u2022 CIJ (Claustro de Informaci\u00f3n Juvenil de Alzira)<br \/>\u2022 CIPFP Luis Su\u00f1er<br \/>\u2022 Col \u2022 legi La Pur\u00edsima<br \/>\u2022 EFA La Malvelsia y EFA Torrealedua<br \/>\u2022 Florida Universitaria<br \/>\u2022 IDEA (Agencia de Desarrollo Local de Alzira)<br \/>\u2022 IES Enguera -IES Jos\u00e9 M. Parra.<br \/>\u2022 Instituto Pax -UNED Alzira<br \/>\u2022 Valencia Francisco Tom\u00e1s y Valiente<br \/>\u2022 Universidad Cat\u00f3lica de Valencia San Vicente M\u00e1rtir<br \/>\u2022 Universidad Europea de Valencia<br \/>\u2022 Universidad Jaume I<br \/>\u2022 J\u00facar Centro Educativo<\/p>\n<p style=\"text-align: justify;\"><strong>Horario y ubicaci\u00f3n<\/strong><br \/>Orienta&#8217;t estar\u00e1 disponible desde el lunes 6 hasta el viernes 10 de mayo.<br \/>El horario de lunes a viernes por las ma\u00f1anas es de 9h a 14h y por las tardes, de lunes a jueves de 16h a 18: 30h.<br \/>Puedes visitar Orienta&#8217;t en la Casa de la Cultura en la calle Escuelas P\u00edas, 4. <span style=\"color: #0000ff;\"><a href=\"https:\/\/goo.gl\/maps\/NRq7K6MstTfNa8gP8\">https:\/\/goo.gl\/maps\/NRq7K6MstTfNa8gP8<\/a><\/span><\/p>\n<p style=\"text-align: center;\"><span style=\"color: #0000ff;\"><a href=\"https:\/\/alzira.es\/wp-content\/uploads\/2019\/05\/IMG_7977.jpg\" target=\"_blank\" rel=\"noopener\"><img decoding=\"async\" class=\"size-full wp-image-41423 lazyload\" title=\"La casa de la Cultura acoge una nueva edici\u00f3n de Orienta't\" data-src=\"https:\/\/alzira.es\/wp-content\/uploads\/2019\/05\/IMG_7977.jpg\" alt=\"IMG 7977\" width=\"400\" height=\"267\" src=\"data:image\/svg+xml;base64,PHN2ZyB3aWR0aD0iMSIgaGVpZ2h0PSIxIiB4bWxucz0iaHR0cDovL3d3dy53My5vcmcvMjAwMC9zdmciPjwvc3ZnPg==\" style=\"--smush-placeholder-width: 400px; --smush-placeholder-aspect-ratio: 400\/267;\" \/><\/a>&nbsp;<a href=\"https:\/\/alzira.es\/wp-content\/uploads\/2019\/05\/IMG_7988.jpg\" target=\"_blank\" rel=\"noopener\"><img decoding=\"async\" class=\"size-full wp-image-41425 lazyload\" title=\"La casa de la Cultura acoge una nueva edici\u00f3n de Orienta't\" data-src=\"https:\/\/alzira.es\/wp-content\/uploads\/2019\/05\/IMG_7988.jpg\" alt=\"IMG 7988\" width=\"400\" height=\"267\" src=\"data:image\/svg+xml;base64,PHN2ZyB3aWR0aD0iMSIgaGVpZ2h0PSIxIiB4bWxucz0iaHR0cDovL3d3dy53My5vcmcvMjAwMC9zdmciPjwvc3ZnPg==\" style=\"--smush-placeholder-width: 400px; --smush-placeholder-aspect-ratio: 400\/267;\" \/><\/a>&nbsp;<a href=\"https:\/\/alzira.es\/wp-content\/uploads\/2019\/05\/IMG_7997.jpg\" target=\"_blank\" rel=\"noopener\"><img decoding=\"async\" class=\"size-full wp-image-41427 lazyload\" title=\"La casa de la Cultura acoge una nueva edici\u00f3n de Orienta't\" data-src=\"https:\/\/alzira.es\/wp-content\/uploads\/2019\/05\/IMG_7997.jpg\" alt=\"IMG 7997\" width=\"400\" height=\"267\" src=\"data:image\/svg+xml;base64,PHN2ZyB3aWR0aD0iMSIgaGVpZ2h0PSIxIiB4bWxucz0iaHR0cDovL3d3dy53My5vcmcvMjAwMC9zdmciPjwvc3ZnPg==\" style=\"--smush-placeholder-width: 400px; --smush-placeholder-aspect-ratio: 400\/267;\" \/><\/a><\/span><\/p>\n","protected":false},"excerpt":{"rendered":"<p>Alzira, 7 de mayo de 2019. Hasta el pr\u00f3ximo viernes, 10 de mayo, puedes visitar en la casa de la Cultura de Alzira Orienta&#8217;t. Un espacio con din\u00e1micas y stands informativos sobre ciclos formativos, universidades, idiomas, m\u00fasica y tambi\u00e9n sobre el mundo laboral, que tiene como finalidad mostrar los diferentes itinerarios que se pueden seguir &hellip; <\/p>\n<p class=\"link-more\"><a href=\"https:\/\/alzira.es\/es\/la-casa-de-la-cultura-acoge-una-nueva-edicion-de-orienta-t\/\" class=\"more-link\">Continuar leyendo<span class=\"screen-reader-text\"> \u00abLa casa de la Cultura acoge una nueva edici\u00f3n de Orienta&#8217;t\u00bb<\/span><\/a><\/p>\n","protected":false},"author":12,"featured_media":41421,"comment_status":"","ping_status":"","sticky":false,"template":"","format":"standard","meta":{"_acf_changed":false,"footnotes":""},"categories":[4936],"tags":[],"class_list":["post-41429","post","type-post","status-publish","format-standard","has-post-thumbnail","hentry","category-hemeroteca-es"],"acf":[],"_links":{"self":[{"href":"https:\/\/alzira.es\/es\/wp-json\/wp\/v2\/posts\/41429","targetHints":{"allow":["GET"]}}],"collection":[{"href":"https:\/\/alzira.es\/es\/wp-json\/wp\/v2\/posts"}],"about":[{"href":"https:\/\/alzira.es\/es\/wp-json\/wp\/v2\/types\/post"}],"author":[{"embeddable":true,"href":"https:\/\/alzira.es\/es\/wp-json\/wp\/v2\/users\/12"}],"replies":[{"embeddable":true,"href":"https:\/\/alzira.es\/es\/wp-json\/wp\/v2\/comments?post=41429"}],"version-history":[{"count":0,"href":"https:\/\/alzira.es\/es\/wp-json\/wp\/v2\/posts\/41429\/revisions"}],"wp:featuredmedia":[{"embeddable":true,"href":"https:\/\/alzira.es\/es\/wp-json\/wp\/v2\/media\/41421"}],"wp:attachment":[{"href":"https:\/\/alzira.es\/es\/wp-json\/wp\/v2\/media?parent=41429"}],"wp:term":[{"taxonomy":"category","embeddable":true,"href":"https:\/\/alzira.es\/es\/wp-json\/wp\/v2\/categories?post=41429"},{"taxonomy":"post_tag","embeddable":true,"href":"https:\/\/alzira.es\/es\/wp-json\/wp\/v2\/tags?post=41429"}],"curies":[{"name":"wp","href":"https:\/\/api.w.org\/{rel}","templated":true}]}}