{"id":41413,"date":"2019-05-06T13:23:27","date_gmt":"2019-05-06T11:23:27","guid":{"rendered":"https:\/\/alzira.es\/la-cantant-alicia-carrasco-grava-un-videoclip-a-l-alquerieta-conjuntament-amb-un-grup-de-dones-del-barri\/"},"modified":"2019-05-06T13:23:27","modified_gmt":"2019-05-06T11:23:27","slug":"la-cantant-alicia-carrasco-grava-un-videoclip-a-l-alquerieta-conjuntament-amb-un-grup-de-dones-del-barri","status":"publish","type":"post","link":"https:\/\/alzira.es\/es\/la-cantant-alicia-carrasco-grava-un-videoclip-a-l-alquerieta-conjuntament-amb-un-grup-de-dones-del-barri\/","title":{"rendered":"La cantant Alicia Carrasco grava un videoclip a l\u2019Alquerieta conjuntament amb un grup de dones del barri"},"content":{"rendered":"<p style=\"text-align: justify;\"><strong><a href=\"https:\/\/alzira.es\/wp-content\/uploads\/2019\/05\/foto1.jpg\" target=\"_blank\" rel=\"noopener\"><img fetchpriority=\"high\" decoding=\"async\" class=\" alignleft size-full wp-image-41401\" style=\"margin-right: 10px; float: left;\" title=\"La cantant Alicia Carrasco grava un videoclip a l\u2019Alquerieta conjuntament amb un grup de dones del barri\" src=\"https:\/\/alzira.es\/wp-content\/uploads\/2019\/05\/foto1.jpg\" alt=\"foto1\" width=\"600\" height=\"338\" srcset=\"https:\/\/alzira.es\/wp-content\/uploads\/2019\/05\/foto1.jpg 1280w, https:\/\/alzira.es\/wp-content\/uploads\/2019\/05\/foto1-680x383.jpg 680w, https:\/\/alzira.es\/wp-content\/uploads\/2019\/05\/foto1-768x432.jpg 768w\" sizes=\"(max-width: 600px) 100vw, 600px\" \/><\/a>Alzira, 18 d&#8217;abril de 2019 \u2013<\/strong> El passat 30 d&#8217;abril va visitar el barri de l&#8217;Alquerieta la cantaora flamenca Alicia Carrasco, qui es va reunir amb el grup Dones de l&#8217;Alquerieta, que acompanya la Fundaci\u00f3 Cepaim en coordinaci\u00f3 amb el Centre de Participaci\u00f3 Ciutadana del barri.<\/p>\n<p style=\"text-align: justify;\">Amb elles va prendre unes imatges que serviran per al pr\u00f2xim videoclip del seu nou \u00e0lbum, <em>Dona Kl\u00f3rica<\/em>. La trobada va ser molt emocionant alhora que enriquidora i l&#8217;artista va poder compartir amb les dones la realitat del barri, les dificultats quotidianes i els anhels per construir una societat millor.<\/p>\n<p style=\"text-align: justify;\">\u00c9s este afany d&#8217;unir art i societat el que l&#8217;ha portada fins al barri de l&#8217;Alquerieta, on en 2018 es va celebrar el Festival de Murals Participatius AlqueriARTE. El grup Dones de l&#8217;Alquerieta va realitzar un mural guiat per l&#8217;artista local Empar Piera (Empargrafia), en el qual el tema girava entorn de la dona, per la qual cosa es va utilitzar una frase de <em>Dona Kl\u00f3rica<\/em>: \u00abLa llibertat \u00e9s un tren que per molt tard que arribe t\u00e9 nom de dona\u00bb, escrita per Juan Jos\u00e9 T\u00e9llez. \u00c9s aix\u00ed com naix una relaci\u00f3 que porta a Alicia Carrasco a visitar-les, tot un luxe per a Alzira.<\/p>\n<p style=\"text-align: justify;\">L&#8217;artista est\u00e0 considerada una de les figures m\u00e9s interessants del panorama musical flamenc del nostre pa\u00eds. L&#8217;artista se servix de la m\u00fasica per a reivindicar i posar en relleu realitats socials injustes i reflexionar sobre les migracions, o el rol que la dona ha experimentat durant els \u00faltims 25 anys en la nostra societat; una dona capa\u00e7, avantguardista, m\u00e9s lluitadora que mai i disposada a mirar el m\u00f3n de front.<\/p>\n<p style=\"text-align: justify;\">L&#8217;activitat, organitzada per la Fundaci\u00f3 Cepaim i el Centre de Participaci\u00f3 Ciutadana del barri de l&#8217;Alquerieta, s&#8217;emmarca dins del projecte comunitari Alzira Diversa, finan\u00e7at per l&#8217;\u00c0rea de Serveis Socials i Innovaci\u00f3 Social de l&#8217;Ajuntament d&#8217;Alzira.<\/p>\n<p style=\"text-align: justify;\"><strong>Alicia Carrasco<\/strong><br \/>Alicia Carrasco \u00e9s autodidacta, amb una destacada veu que transmet una gran energia. T\u00e9 una \u00e0mplia carrera professional que l&#8217;ha portada a guanyar el primer premi del festival internacional World Music de Veu i Guitarra d&#8217;Alemanya en 2010. En la seua \u00e0mplia traject\u00f2ria ha actuat en importants ciutats com Mont-real, Frankfurt, Par\u00eds o Londres, al mateix temps que ha recorregut gran part de la geografia espanyola.<\/p>\n<p style=\"text-align: justify;\">&nbsp;<\/p>\n<p style=\"text-align: center;\"><a href=\"https:\/\/alzira.es\/wp-content\/uploads\/2019\/05\/foto2.jpeg\" target=\"_blank\" rel=\"noopener\"><img decoding=\"async\" class=\"size-full wp-image-41404 lazyload\" title=\"La cantant Alicia Carrasco grava un videoclip a l\u2019Alquerieta conjuntament amb un grup de dones del barri\" data-src=\"https:\/\/alzira.es\/wp-content\/uploads\/2019\/05\/foto2.jpeg\" alt=\"foto2\" width=\"400\" height=\"300\" data-srcset=\"https:\/\/alzira.es\/wp-content\/uploads\/2019\/05\/foto2.jpeg 1200w, https:\/\/alzira.es\/wp-content\/uploads\/2019\/05\/foto2-680x510.jpeg 680w, https:\/\/alzira.es\/wp-content\/uploads\/2019\/05\/foto2-768x576.jpeg 768w\" data-sizes=\"(max-width: 400px) 100vw, 400px\" src=\"data:image\/svg+xml;base64,PHN2ZyB3aWR0aD0iMSIgaGVpZ2h0PSIxIiB4bWxucz0iaHR0cDovL3d3dy53My5vcmcvMjAwMC9zdmciPjwvc3ZnPg==\" style=\"--smush-placeholder-width: 400px; --smush-placeholder-aspect-ratio: 400\/300;\" \/><\/a>&nbsp;<a href=\"https:\/\/alzira.es\/wp-content\/uploads\/2019\/05\/foto3.jpg\" target=\"_blank\" rel=\"noopener\"><img decoding=\"async\" class=\"size-full wp-image-41407 lazyload\" title=\"La cantant Alicia Carrasco grava un videoclip a l\u2019Alquerieta conjuntament amb un grup de dones del barri\" data-src=\"https:\/\/alzira.es\/wp-content\/uploads\/2019\/05\/foto3.jpg\" alt=\"foto3\" width=\"533\" height=\"300\" data-srcset=\"https:\/\/alzira.es\/wp-content\/uploads\/2019\/05\/foto3.jpg 1200w, https:\/\/alzira.es\/wp-content\/uploads\/2019\/05\/foto3-680x383.jpg 680w, https:\/\/alzira.es\/wp-content\/uploads\/2019\/05\/foto3-768x432.jpg 768w\" data-sizes=\"(max-width: 533px) 100vw, 533px\" src=\"data:image\/svg+xml;base64,PHN2ZyB3aWR0aD0iMSIgaGVpZ2h0PSIxIiB4bWxucz0iaHR0cDovL3d3dy53My5vcmcvMjAwMC9zdmciPjwvc3ZnPg==\" style=\"--smush-placeholder-width: 533px; --smush-placeholder-aspect-ratio: 533\/300;\" \/><\/a><\/p>\n","protected":false},"excerpt":{"rendered":"<p>Alzira, 18 d&#8217;abril de 2019 \u2013 El passat 30 d&#8217;abril va visitar el barri de l&#8217;Alquerieta la cantaora flamenca Alicia Carrasco, qui es va reunir amb el grup Dones de l&#8217;Alquerieta, que acompanya la Fundaci\u00f3 Cepaim en coordinaci\u00f3 amb el Centre de Participaci\u00f3 Ciutadana del barri. Amb elles va prendre unes imatges que serviran per &hellip; <\/p>\n<p class=\"link-more\"><a href=\"https:\/\/alzira.es\/es\/la-cantant-alicia-carrasco-grava-un-videoclip-a-l-alquerieta-conjuntament-amb-un-grup-de-dones-del-barri\/\" class=\"more-link\">Continuar leyendo<span class=\"screen-reader-text\"> \u00abLa cantant Alicia Carrasco grava un videoclip a l\u2019Alquerieta conjuntament amb un grup de dones del barri\u00bb<\/span><\/a><\/p>\n","protected":false},"author":12,"featured_media":41401,"comment_status":"","ping_status":"","sticky":false,"template":"","format":"standard","meta":{"_acf_changed":false,"footnotes":""},"categories":[],"tags":[],"class_list":["post-41413","post","type-post","status-publish","format-standard","has-post-thumbnail","hentry"],"acf":[],"_links":{"self":[{"href":"https:\/\/alzira.es\/es\/wp-json\/wp\/v2\/posts\/41413","targetHints":{"allow":["GET"]}}],"collection":[{"href":"https:\/\/alzira.es\/es\/wp-json\/wp\/v2\/posts"}],"about":[{"href":"https:\/\/alzira.es\/es\/wp-json\/wp\/v2\/types\/post"}],"author":[{"embeddable":true,"href":"https:\/\/alzira.es\/es\/wp-json\/wp\/v2\/users\/12"}],"replies":[{"embeddable":true,"href":"https:\/\/alzira.es\/es\/wp-json\/wp\/v2\/comments?post=41413"}],"version-history":[{"count":0,"href":"https:\/\/alzira.es\/es\/wp-json\/wp\/v2\/posts\/41413\/revisions"}],"wp:featuredmedia":[{"embeddable":true,"href":"https:\/\/alzira.es\/es\/wp-json\/wp\/v2\/media\/41401"}],"wp:attachment":[{"href":"https:\/\/alzira.es\/es\/wp-json\/wp\/v2\/media?parent=41413"}],"wp:term":[{"taxonomy":"category","embeddable":true,"href":"https:\/\/alzira.es\/es\/wp-json\/wp\/v2\/categories?post=41413"},{"taxonomy":"post_tag","embeddable":true,"href":"https:\/\/alzira.es\/es\/wp-json\/wp\/v2\/tags?post=41413"}],"curies":[{"name":"wp","href":"https:\/\/api.w.org\/{rel}","templated":true}]}}