{"id":41306,"date":"2019-05-03T14:50:15","date_gmt":"2019-05-03T12:50:15","guid":{"rendered":"https:\/\/alzira.es\/obert-el-termini-de-matriculacio-per-als-cursos-d-unisocietat-fins-el-30-de-maig\/"},"modified":"2019-05-03T14:50:15","modified_gmt":"2019-05-03T12:50:15","slug":"obert-el-termini-de-matriculacio-per-als-cursos-d-unisocietat-fins-el-30-de-maig","status":"publish","type":"post","link":"https:\/\/alzira.es\/es\/obert-el-termini-de-matriculacio-per-als-cursos-d-unisocietat-fins-el-30-de-maig\/","title":{"rendered":"Abierto el plazo de matriculaci\u00f3n para los cursos de Unisocietat hasta el 30 de mayo"},"content":{"rendered":"<p style=\"text-align: justify;\"><strong>Alzira, 3 de mayo de 2019 &#8211;<\/strong> La Concejal\u00eda de Educaci\u00f3n del Ayuntamiento de Alzira informa que est\u00e1 abierto el plazo de inscripci\u00f3n\/matriculaci\u00f3n para los cursos de Unisocietat 2019 a 2020, hasta el 30 de mayo.<\/p>\n<p>Hay que recordar a los interesados que Unisocietat es un proyecto dirigido a personas de 30 a\u00f1os, o m\u00e1s, con inquietud por aprender y motivaci\u00f3n por la cultura y que cada curso se distribuye en dos cuatrimestres. En cada uno se imparten dos asignaturas troncales; adem\u00e1s, la formaci\u00f3n se complementa con un ciclo de conferencias por curso, de tem\u00e1tica variada, todo ello con un total de 360 horas, distribuidas en los tres cursos acad\u00e9micos de 120 horas cada uno.<\/p>\n<p>Para informarse y\/o matricularse se puede llamar al tel\u00e9fono 962459250 o dirigirse al Departamento de Educaci\u00f3n del Ayuntamiento de Alzira, ubicado en el 2\u00ba piso del edificio de Bienestar Social, C\/ Rambla s\/n de Alzira.<\/p>\n<p style=\"text-align: center;\"><a class=\"jcepopup\" href=\"https:\/\/alzira.es\/wp-content\/uploads\/2019\/05\/Programa_2019-2020.jpg\" target=\"_blank\" rel=\"noopener\"><img fetchpriority=\"high\" decoding=\"async\" class=\" size-full wp-image-41301\" title=\"Abierto el plazo de matriculaci\u00f3n para los cursos de Unisocietat hasta el 30 de mayo\" src=\"https:\/\/alzira.es\/wp-content\/uploads\/2019\/05\/Programa_2019-2020.jpg\" alt=\"Programa 2019-2020\" width=\"350\" height=\"495\" \/><\/a>&nbsp;<a class=\"jcepopup\" href=\"https:\/\/alzira.es\/wp-content\/uploads\/2017\/12\/0001.jpg\" target=\"_blank\" rel=\"noopener\"><img decoding=\"async\" class=\"size-full wp-image-26186 lazyload\" title=\"Abierto el plazo de matriculaci\u00f3n para los cursos de Unisocietat hasta el 30 de mayo\" data-src=\"https:\/\/alzira.es\/wp-content\/uploads\/2017\/12\/0001.jpg\" alt=\"0001\" width=\"350\" height=\"495\" data-srcset=\"https:\/\/alzira.es\/wp-content\/uploads\/2017\/12\/0001.jpg 1200w, https:\/\/alzira.es\/wp-content\/uploads\/2017\/12\/0001-361x510.jpg 361w, https:\/\/alzira.es\/wp-content\/uploads\/2017\/12\/0001-758x1072.jpg 758w, https:\/\/alzira.es\/wp-content\/uploads\/2017\/12\/0001-768x1086.jpg 768w, https:\/\/alzira.es\/wp-content\/uploads\/2017\/12\/0001-1086x1536.jpg 1086w\" data-sizes=\"(max-width: 350px) 100vw, 350px\" src=\"data:image\/svg+xml;base64,PHN2ZyB3aWR0aD0iMSIgaGVpZ2h0PSIxIiB4bWxucz0iaHR0cDovL3d3dy53My5vcmcvMjAwMC9zdmciPjwvc3ZnPg==\" style=\"--smush-placeholder-width: 350px; --smush-placeholder-aspect-ratio: 350\/495;\" \/><\/a>&nbsp;<a class=\"jcepopup\" href=\"https:\/\/alzira.es\/wp-content\/uploads\/2019\/05\/0002.jpg\" target=\"_blank\" rel=\"noopener\"><img decoding=\"async\" class=\"size-full wp-image-41304 lazyload\" title=\"Abierto el plazo de matriculaci\u00f3n para los cursos de Unisocietat hasta el 30 de mayo\" data-src=\"https:\/\/alzira.es\/wp-content\/uploads\/2019\/05\/0002.jpg\" alt=\"0002\" width=\"350\" height=\"495\" src=\"data:image\/svg+xml;base64,PHN2ZyB3aWR0aD0iMSIgaGVpZ2h0PSIxIiB4bWxucz0iaHR0cDovL3d3dy53My5vcmcvMjAwMC9zdmciPjwvc3ZnPg==\" style=\"--smush-placeholder-width: 350px; --smush-placeholder-aspect-ratio: 350\/495;\" \/><\/a><\/p>\n","protected":false},"excerpt":{"rendered":"<p>Alzira, 3 de mayo de 2019 &#8211; La Concejal\u00eda de Educaci\u00f3n del Ayuntamiento de Alzira informa que est\u00e1 abierto el plazo de inscripci\u00f3n\/matriculaci\u00f3n para los cursos de Unisocietat 2019 a 2020, hasta el 30 de mayo. Hay que recordar a los interesados que Unisocietat es un proyecto dirigido a personas de 30 a\u00f1os, o m\u00e1s, &hellip; <\/p>\n<p class=\"link-more\"><a href=\"https:\/\/alzira.es\/es\/obert-el-termini-de-matriculacio-per-als-cursos-d-unisocietat-fins-el-30-de-maig\/\" class=\"more-link\">Continuar leyendo<span class=\"screen-reader-text\"> \u00abAbierto el plazo de matriculaci\u00f3n para los cursos de Unisocietat hasta el 30 de mayo\u00bb<\/span><\/a><\/p>\n","protected":false},"author":29,"featured_media":41301,"comment_status":"","ping_status":"","sticky":false,"template":"","format":"standard","meta":{"_acf_changed":false,"footnotes":""},"categories":[4936],"tags":[],"class_list":["post-41306","post","type-post","status-publish","format-standard","has-post-thumbnail","hentry","category-hemeroteca-es"],"acf":[],"_links":{"self":[{"href":"https:\/\/alzira.es\/es\/wp-json\/wp\/v2\/posts\/41306","targetHints":{"allow":["GET"]}}],"collection":[{"href":"https:\/\/alzira.es\/es\/wp-json\/wp\/v2\/posts"}],"about":[{"href":"https:\/\/alzira.es\/es\/wp-json\/wp\/v2\/types\/post"}],"author":[{"embeddable":true,"href":"https:\/\/alzira.es\/es\/wp-json\/wp\/v2\/users\/29"}],"replies":[{"embeddable":true,"href":"https:\/\/alzira.es\/es\/wp-json\/wp\/v2\/comments?post=41306"}],"version-history":[{"count":0,"href":"https:\/\/alzira.es\/es\/wp-json\/wp\/v2\/posts\/41306\/revisions"}],"wp:featuredmedia":[{"embeddable":true,"href":"https:\/\/alzira.es\/es\/wp-json\/wp\/v2\/media\/41301"}],"wp:attachment":[{"href":"https:\/\/alzira.es\/es\/wp-json\/wp\/v2\/media?parent=41306"}],"wp:term":[{"taxonomy":"category","embeddable":true,"href":"https:\/\/alzira.es\/es\/wp-json\/wp\/v2\/categories?post=41306"},{"taxonomy":"post_tag","embeddable":true,"href":"https:\/\/alzira.es\/es\/wp-json\/wp\/v2\/tags?post=41306"}],"curies":[{"name":"wp","href":"https:\/\/api.w.org\/{rel}","templated":true}]}}