{"id":41297,"date":"2019-05-03T14:43:00","date_gmt":"2019-05-03T12:43:00","guid":{"rendered":"https:\/\/alzira.es\/mes-de-3-100-persones-visiten-l-exposicio-heroes-ocultos-de-la-caixa\/"},"modified":"2019-05-03T14:43:00","modified_gmt":"2019-05-03T12:43:00","slug":"mes-de-3-100-persones-visiten-l-exposicio-heroes-ocultos-de-la-caixa","status":"publish","type":"post","link":"https:\/\/alzira.es\/es\/mes-de-3-100-persones-visiten-l-exposicio-heroes-ocultos-de-la-caixa\/","title":{"rendered":"M\u00e1s de 3.100 personas visitan la exposici\u00f3n \u00abH\u00e9roes Ocultos\u00bb de La Caixa"},"content":{"rendered":"<p style=\"text-align: justify;\"><strong>Alzira, 3 de mayo de 2019.-<\/strong> Alzira ha respondido de forma masiva a la exposici\u00f3n de La Caixa \u00abH\u00e9roes Ocultos\u00bb. Seg\u00fan los datos de la Fundaci\u00f3n La Caixa, el n\u00famero de p\u00fablico total acumulado a lo largo de los 18 d\u00edas de la exposici\u00f3n a Alzira ha sido de 3.101 visitantes, incluyendo p\u00fablico general y visitas guiadas. Esto da un promedio de 172 visitantes\/d\u00eda.<\/p>\n<p>Durante esta itinerancia se han realizado 60 visitas a 1.163 personas (37,5% del total de visitantes), con la siguiente distribuci\u00f3n:<\/p>\n<p>\u2022 33 visitas a 10 centros educativos, con 759 estudiantes.<br \/>\u2022 3 visitas a 3 asociaciones diferentes con una participaci\u00f3n 50 personas.<br \/>\u2022 24 visitas comentadas para el p\u00fablico general a 354 personas.<\/p>\n<p style=\"text-align: center;\"><a class=\"jcepopup\" href=\"https:\/\/alzira.es\/wp-content\/uploads\/2019\/05\/IMG_1961.jpg\" target=\"_blank\" rel=\"noopener\"><img fetchpriority=\"high\" decoding=\"async\" class=\" size-full wp-image-41294\" title=\"M\u00e1s de 3.100 personas visitan la exposici\u00f3n &quot;H\u00e9roes Ocultos&quot; de La Caixa\" src=\"https:\/\/alzira.es\/wp-content\/uploads\/2019\/05\/IMG_1961.jpg\" alt=\"IMG 1961\" width=\"600\" height=\"450\" \/><\/a><\/p>\n","protected":false},"excerpt":{"rendered":"<p>Alzira, 3 de mayo de 2019.- Alzira ha respondido de forma masiva a la exposici\u00f3n de La Caixa \u00abH\u00e9roes Ocultos\u00bb. Seg\u00fan los datos de la Fundaci\u00f3n La Caixa, el n\u00famero de p\u00fablico total acumulado a lo largo de los 18 d\u00edas de la exposici\u00f3n a Alzira ha sido de 3.101 visitantes, incluyendo p\u00fablico general y &hellip; <\/p>\n<p class=\"link-more\"><a href=\"https:\/\/alzira.es\/es\/mes-de-3-100-persones-visiten-l-exposicio-heroes-ocultos-de-la-caixa\/\" class=\"more-link\">Continuar leyendo<span class=\"screen-reader-text\"> \u00abM\u00e1s de 3.100 personas visitan la exposici\u00f3n \u00abH\u00e9roes Ocultos\u00bb de La Caixa\u00bb<\/span><\/a><\/p>\n","protected":false},"author":29,"featured_media":41294,"comment_status":"","ping_status":"","sticky":false,"template":"","format":"standard","meta":{"_acf_changed":false,"footnotes":""},"categories":[4936],"tags":[],"class_list":["post-41297","post","type-post","status-publish","format-standard","has-post-thumbnail","hentry","category-hemeroteca-es"],"acf":[],"_links":{"self":[{"href":"https:\/\/alzira.es\/es\/wp-json\/wp\/v2\/posts\/41297","targetHints":{"allow":["GET"]}}],"collection":[{"href":"https:\/\/alzira.es\/es\/wp-json\/wp\/v2\/posts"}],"about":[{"href":"https:\/\/alzira.es\/es\/wp-json\/wp\/v2\/types\/post"}],"author":[{"embeddable":true,"href":"https:\/\/alzira.es\/es\/wp-json\/wp\/v2\/users\/29"}],"replies":[{"embeddable":true,"href":"https:\/\/alzira.es\/es\/wp-json\/wp\/v2\/comments?post=41297"}],"version-history":[{"count":0,"href":"https:\/\/alzira.es\/es\/wp-json\/wp\/v2\/posts\/41297\/revisions"}],"wp:featuredmedia":[{"embeddable":true,"href":"https:\/\/alzira.es\/es\/wp-json\/wp\/v2\/media\/41294"}],"wp:attachment":[{"href":"https:\/\/alzira.es\/es\/wp-json\/wp\/v2\/media?parent=41297"}],"wp:term":[{"taxonomy":"category","embeddable":true,"href":"https:\/\/alzira.es\/es\/wp-json\/wp\/v2\/categories?post=41297"},{"taxonomy":"post_tag","embeddable":true,"href":"https:\/\/alzira.es\/es\/wp-json\/wp\/v2\/tags?post=41297"}],"curies":[{"name":"wp","href":"https:\/\/api.w.org\/{rel}","templated":true}]}}