{"id":41264,"date":"2019-05-02T13:01:59","date_gmt":"2019-05-02T11:01:59","guid":{"rendered":"https:\/\/alzira.es\/estudiantes-del-ies-rei-en-jaume-de-alzira-visitaran-los-campos-de-concentracion-de-mauthausen\/"},"modified":"2019-05-02T13:01:59","modified_gmt":"2019-05-02T11:01:59","slug":"estudiantes-del-ies-rei-en-jaume-de-alzira-visitaran-los-campos-de-concentracion-de-mauthausen","status":"publish","type":"post","link":"https:\/\/alzira.es\/es\/estudiantes-del-ies-rei-en-jaume-de-alzira-visitaran-los-campos-de-concentracion-de-mauthausen\/","title":{"rendered":"Estudiantes del IES Rei en Jaume de Alzira visitar\u00e1n los campos de concentraci\u00f3n de Mauthausen"},"content":{"rendered":"<p style=\"text-align: justify;\"><strong><a href=\"https:\/\/alzira.es\/wp-content\/uploads\/2019\/05\/IMG-20190430-WA0010.jpg\" target=\"_blank\" rel=\"noopener\"><img fetchpriority=\"high\" decoding=\"async\" class=\" alignleft size-full wp-image-41262\" style=\"margin-right: 10px; float: left;\" title=\"Estudiantes del IES Rei en Jaume de Alzira visitar\u00e1n los campos de concentraci\u00f3n de Mauthausen\" src=\"https:\/\/alzira.es\/wp-content\/uploads\/2019\/05\/IMG-20190430-WA0010.jpg\" alt=\"IMG-20190430-WA0010\" width=\"600\" height=\"435\" srcset=\"https:\/\/alzira.es\/wp-content\/uploads\/2019\/05\/IMG-20190430-WA0010.jpg 1453w, https:\/\/alzira.es\/wp-content\/uploads\/2019\/05\/IMG-20190430-WA0010-680x493.jpg 680w, https:\/\/alzira.es\/wp-content\/uploads\/2019\/05\/IMG-20190430-WA0010-1430x1036.jpg 1430w, https:\/\/alzira.es\/wp-content\/uploads\/2019\/05\/IMG-20190430-WA0010-768x557.jpg 768w\" sizes=\"(max-width: 600px) 100vw, 600px\" \/><\/a>Alzira, 2 de mayo de 2019 &#8211;<\/strong> Los pr\u00f3ximos d\u00edas, una representaci\u00f3n de alumnos del IES Rei en Jaume, acompa\u00f1ados de la Jefa de Estudios y del concejal de Educaci\u00f3n e Infancia, Pepe Grau, viajar\u00e1n a los campos de concentraci\u00f3n de Mauthausen, concretamente desde el d\u00eda 3 hasta el 6 de mayo, representando a Alzira en los actos que organizan la Federaci\u00f3n Valenciana de Municipios y Provincias y la Asociaci\u00f3n de la memoria hist\u00f3rica, Amical de Mauthausen, que agrupa a los deportados republicanos en los campos de concentraci\u00f3n nazis y sus familiares.<\/p>\n<p style=\"text-align: justify;\">Durante los d\u00edas de la visita, hay programadas diversas actividades vinculadas siempre alrededor de la \u00e9poca vivida en la segunda guerra mundial y los campos de concentraci\u00f3n, en las que los representantes de Alzira podr\u00e1n intercambiar experiencias y opiniones con el resto de grupos de otras ciudades y pa\u00edses.<\/p>\n<p style=\"text-align: justify;\">Con esta Estancia para Estudiantes se quiere sensibilizar a los j\u00f3venes para que puedan aproximarse a la experiencia de lo que significa la ausencia de libertades democr\u00e1ticas y de derechos humanos, el terror que invade a las personas ya la sociedad en las dictaduras y en el totalitarismo, y la necesidad de reforzar el sistema Democracia, asentado en las premisas de Libertad, Derechos, Respeto, Convivencia ciudadana y Solidaridad.<\/p>\n","protected":false},"excerpt":{"rendered":"<p>Alzira, 2 de mayo de 2019 &#8211; Los pr\u00f3ximos d\u00edas, una representaci\u00f3n de alumnos del IES Rei en Jaume, acompa\u00f1ados de la Jefa de Estudios y del concejal de Educaci\u00f3n e Infancia, Pepe Grau, viajar\u00e1n a los campos de concentraci\u00f3n de Mauthausen, concretamente desde el d\u00eda 3 hasta el 6 de mayo, representando a Alzira &hellip; <\/p>\n<p class=\"link-more\"><a href=\"https:\/\/alzira.es\/es\/estudiantes-del-ies-rei-en-jaume-de-alzira-visitaran-los-campos-de-concentracion-de-mauthausen\/\" class=\"more-link\">Continuar leyendo<span class=\"screen-reader-text\"> \u00abEstudiantes del IES Rei en Jaume de Alzira visitar\u00e1n los campos de concentraci\u00f3n de Mauthausen\u00bb<\/span><\/a><\/p>\n","protected":false},"author":12,"featured_media":41262,"comment_status":"","ping_status":"","sticky":false,"template":"","format":"standard","meta":{"_acf_changed":false,"footnotes":""},"categories":[4936],"tags":[],"class_list":["post-41264","post","type-post","status-publish","format-standard","has-post-thumbnail","hentry","category-hemeroteca-es"],"acf":[],"_links":{"self":[{"href":"https:\/\/alzira.es\/es\/wp-json\/wp\/v2\/posts\/41264","targetHints":{"allow":["GET"]}}],"collection":[{"href":"https:\/\/alzira.es\/es\/wp-json\/wp\/v2\/posts"}],"about":[{"href":"https:\/\/alzira.es\/es\/wp-json\/wp\/v2\/types\/post"}],"author":[{"embeddable":true,"href":"https:\/\/alzira.es\/es\/wp-json\/wp\/v2\/users\/12"}],"replies":[{"embeddable":true,"href":"https:\/\/alzira.es\/es\/wp-json\/wp\/v2\/comments?post=41264"}],"version-history":[{"count":0,"href":"https:\/\/alzira.es\/es\/wp-json\/wp\/v2\/posts\/41264\/revisions"}],"wp:featuredmedia":[{"embeddable":true,"href":"https:\/\/alzira.es\/es\/wp-json\/wp\/v2\/media\/41262"}],"wp:attachment":[{"href":"https:\/\/alzira.es\/es\/wp-json\/wp\/v2\/media?parent=41264"}],"wp:term":[{"taxonomy":"category","embeddable":true,"href":"https:\/\/alzira.es\/es\/wp-json\/wp\/v2\/categories?post=41264"},{"taxonomy":"post_tag","embeddable":true,"href":"https:\/\/alzira.es\/es\/wp-json\/wp\/v2\/tags?post=41264"}],"curies":[{"name":"wp","href":"https:\/\/api.w.org\/{rel}","templated":true}]}}