{"id":41212,"date":"2019-04-25T15:11:08","date_gmt":"2019-04-25T13:11:08","guid":{"rendered":"https:\/\/alzira.es\/alzira-obri-una-nova-zona-recreativa-en-la-casella-2\/"},"modified":"2019-04-25T15:11:08","modified_gmt":"2019-04-25T13:11:08","slug":"alzira-obri-una-nova-zona-recreativa-en-la-casella-2","status":"publish","type":"post","link":"https:\/\/alzira.es\/es\/alzira-obri-una-nova-zona-recreativa-en-la-casella-2\/","title":{"rendered":"Alzira obri una nova zona recreativa en la Casella"},"content":{"rendered":"<p style=\"text-align: justify;\"><strong>Alzira, 25 d&#8217;abril de 2019. \u2013<\/strong> L&#8217;Ajuntament d&#8217;Alzira ha condicionat una nova zona recreativa en la Casella. D&#8217;esta manera es posa a disposici\u00f3 de la ciutadania per a estes vacances de pasqua una opci\u00f3 addicional per a eixir a l&#8217;aire lliure, just on se situava l&#8217;antic Camp de Tir.<\/p>\n<p style=\"text-align: justify;\">Amb l&#8217;adequaci\u00f3 d&#8217;aquest espai, dotat de 12 taules de p\u00edcnic i que venen acompanyades d&#8217;un ampli p\u00e0rquing sota dosser arbratge, es diversifiquen les opcions de gaudir de la naturalesa i evitar un possible exc\u00e9s de visites en La Murta. Altres punts d&#8217;estada on passar les festes poden ser el Parc dels Furs, al costat del Riu X\u00faquer, o b\u00e9 la Muntanyeta<\/p>\n<p style=\"text-align: justify;\">La setmana passada es va obrir esta nova zona amb la intenci\u00f3 que la ciutadania fera \u00fas d&#8217;ella ja en la Setmana Santa, per\u00f2 a causa de la situaci\u00f3 d&#8217;emerg\u00e8ncia els alzirenys i alzirenyes no van poder gaudir-la. Aquest pr\u00f2xim cap de setmana s&#8217;espera que la climatologia siga m\u00e9s favorable.<\/p>\n<p style=\"text-align: center;\"><a class=\"jcepopup\" href=\"https:\/\/alzira.es\/wp-content\/uploads\/2019\/04\/20190411_125919.jpg\" target=\"_blank\" rel=\"noopener\"><img fetchpriority=\"high\" decoding=\"async\" class=\" size-full wp-image-41202\" src=\"https:\/\/alzira.es\/wp-content\/uploads\/2019\/04\/20190411_125919.jpg\" alt=\"20190411 125919\" width=\"400\" height=\"240\" srcset=\"https:\/\/alzira.es\/wp-content\/uploads\/2019\/04\/20190411_125919.jpg 1900w, https:\/\/alzira.es\/wp-content\/uploads\/2019\/04\/20190411_125919-680x408.jpg 680w, https:\/\/alzira.es\/wp-content\/uploads\/2019\/04\/20190411_125919-1430x858.jpg 1430w, https:\/\/alzira.es\/wp-content\/uploads\/2019\/04\/20190411_125919-768x461.jpg 768w, https:\/\/alzira.es\/wp-content\/uploads\/2019\/04\/20190411_125919-1536x922.jpg 1536w\" sizes=\"(max-width: 400px) 100vw, 400px\" \/><\/a>&nbsp;<a href=\"https:\/\/alzira.es\/wp-content\/uploads\/2019\/04\/20190416_104614.jpg\"><span style=\"font-size: 14.4px;\"><img decoding=\"async\" class=\"size-full wp-image-41204 lazyload\" data-src=\"https:\/\/alzira.es\/wp-content\/uploads\/2019\/04\/20190416_104614.jpg\" alt=\"20190416 104614\" width=\"400\" height=\"240\" data-srcset=\"https:\/\/alzira.es\/wp-content\/uploads\/2019\/04\/20190416_104614.jpg 1900w, https:\/\/alzira.es\/wp-content\/uploads\/2019\/04\/20190416_104614-680x408.jpg 680w, https:\/\/alzira.es\/wp-content\/uploads\/2019\/04\/20190416_104614-1430x858.jpg 1430w, https:\/\/alzira.es\/wp-content\/uploads\/2019\/04\/20190416_104614-768x461.jpg 768w, https:\/\/alzira.es\/wp-content\/uploads\/2019\/04\/20190416_104614-1536x922.jpg 1536w\" data-sizes=\"(max-width: 400px) 100vw, 400px\" src=\"data:image\/svg+xml;base64,PHN2ZyB3aWR0aD0iMSIgaGVpZ2h0PSIxIiB4bWxucz0iaHR0cDovL3d3dy53My5vcmcvMjAwMC9zdmciPjwvc3ZnPg==\" style=\"--smush-placeholder-width: 400px; --smush-placeholder-aspect-ratio: 400\/240;\" \/><\/span><\/a><\/p>\n<p style=\"text-align: center;\"><a class=\"jcepopup\" style=\"font-size: 14.4px; text-align: center;\" type=\"image\" href=\"https:\/\/alzira.es\/wp-content\/uploads\/2019\/04\/20190416_130842.jpg\" target=\"_blank\" rel=\"noopener\"><img decoding=\"async\" class=\"size-full wp-image-41206 lazyload\" data-src=\"https:\/\/alzira.es\/wp-content\/uploads\/2019\/04\/20190416_130842.jpg\" alt=\"20190416 130842\" width=\"400\" height=\"240\" data-srcset=\"https:\/\/alzira.es\/wp-content\/uploads\/2019\/04\/20190416_130842.jpg 1900w, https:\/\/alzira.es\/wp-content\/uploads\/2019\/04\/20190416_130842-680x408.jpg 680w, https:\/\/alzira.es\/wp-content\/uploads\/2019\/04\/20190416_130842-1430x858.jpg 1430w, https:\/\/alzira.es\/wp-content\/uploads\/2019\/04\/20190416_130842-768x461.jpg 768w, https:\/\/alzira.es\/wp-content\/uploads\/2019\/04\/20190416_130842-1536x922.jpg 1536w\" data-sizes=\"(max-width: 400px) 100vw, 400px\" src=\"data:image\/svg+xml;base64,PHN2ZyB3aWR0aD0iMSIgaGVpZ2h0PSIxIiB4bWxucz0iaHR0cDovL3d3dy53My5vcmcvMjAwMC9zdmciPjwvc3ZnPg==\" style=\"--smush-placeholder-width: 400px; --smush-placeholder-aspect-ratio: 400\/240;\" \/><\/a>&nbsp;<a class=\"jcepopup\" style=\"font-size: 14.4px; text-align: center;\" type=\"image\" href=\"https:\/\/alzira.es\/wp-content\/uploads\/2019\/04\/IMG-20190415-WA0014.jpg\" target=\"_blank\" rel=\"noopener\"><img decoding=\"async\" class=\"size-full wp-image-41208 lazyload\" data-src=\"https:\/\/alzira.es\/wp-content\/uploads\/2019\/04\/IMG-20190415-WA0014.jpg\" alt=\"IMG-20190415-WA0014\" width=\"320\" height=\"240\" data-srcset=\"https:\/\/alzira.es\/wp-content\/uploads\/2019\/04\/IMG-20190415-WA0014.jpg 1600w, https:\/\/alzira.es\/wp-content\/uploads\/2019\/04\/IMG-20190415-WA0014-680x510.jpg 680w, https:\/\/alzira.es\/wp-content\/uploads\/2019\/04\/IMG-20190415-WA0014-1430x1072.jpg 1430w, https:\/\/alzira.es\/wp-content\/uploads\/2019\/04\/IMG-20190415-WA0014-768x576.jpg 768w, https:\/\/alzira.es\/wp-content\/uploads\/2019\/04\/IMG-20190415-WA0014-1536x1152.jpg 1536w\" data-sizes=\"(max-width: 320px) 100vw, 320px\" src=\"data:image\/svg+xml;base64,PHN2ZyB3aWR0aD0iMSIgaGVpZ2h0PSIxIiB4bWxucz0iaHR0cDovL3d3dy53My5vcmcvMjAwMC9zdmciPjwvc3ZnPg==\" style=\"--smush-placeholder-width: 320px; --smush-placeholder-aspect-ratio: 320\/240;\" \/><\/a><\/p>\n","protected":false},"excerpt":{"rendered":"<p>Alzira, 25 d&#8217;abril de 2019. \u2013 L&#8217;Ajuntament d&#8217;Alzira ha condicionat una nova zona recreativa en la Casella. D&#8217;esta manera es posa a disposici\u00f3 de la ciutadania per a estes vacances de pasqua una opci\u00f3 addicional per a eixir a l&#8217;aire lliure, just on se situava l&#8217;antic Camp de Tir. Amb l&#8217;adequaci\u00f3 d&#8217;aquest espai, dotat de &hellip; <\/p>\n<p class=\"link-more\"><a href=\"https:\/\/alzira.es\/es\/alzira-obri-una-nova-zona-recreativa-en-la-casella-2\/\" class=\"more-link\">Continuar leyendo<span class=\"screen-reader-text\"> \u00abAlzira obri una nova zona recreativa en la Casella\u00bb<\/span><\/a><\/p>\n","protected":false},"author":29,"featured_media":41202,"comment_status":"","ping_status":"","sticky":false,"template":"","format":"standard","meta":{"_acf_changed":false,"footnotes":""},"categories":[],"tags":[],"class_list":["post-41212","post","type-post","status-publish","format-standard","has-post-thumbnail","hentry"],"acf":[],"_links":{"self":[{"href":"https:\/\/alzira.es\/es\/wp-json\/wp\/v2\/posts\/41212","targetHints":{"allow":["GET"]}}],"collection":[{"href":"https:\/\/alzira.es\/es\/wp-json\/wp\/v2\/posts"}],"about":[{"href":"https:\/\/alzira.es\/es\/wp-json\/wp\/v2\/types\/post"}],"author":[{"embeddable":true,"href":"https:\/\/alzira.es\/es\/wp-json\/wp\/v2\/users\/29"}],"replies":[{"embeddable":true,"href":"https:\/\/alzira.es\/es\/wp-json\/wp\/v2\/comments?post=41212"}],"version-history":[{"count":0,"href":"https:\/\/alzira.es\/es\/wp-json\/wp\/v2\/posts\/41212\/revisions"}],"wp:featuredmedia":[{"embeddable":true,"href":"https:\/\/alzira.es\/es\/wp-json\/wp\/v2\/media\/41202"}],"wp:attachment":[{"href":"https:\/\/alzira.es\/es\/wp-json\/wp\/v2\/media?parent=41212"}],"wp:term":[{"taxonomy":"category","embeddable":true,"href":"https:\/\/alzira.es\/es\/wp-json\/wp\/v2\/categories?post=41212"},{"taxonomy":"post_tag","embeddable":true,"href":"https:\/\/alzira.es\/es\/wp-json\/wp\/v2\/tags?post=41212"}],"curies":[{"name":"wp","href":"https:\/\/api.w.org\/{rel}","templated":true}]}}