{"id":41210,"date":"2019-04-25T15:11:08","date_gmt":"2019-04-25T13:11:08","guid":{"rendered":"https:\/\/alzira.es\/alzira-obri-una-nova-zona-recreativa-en-la-casella\/"},"modified":"2019-04-25T15:11:08","modified_gmt":"2019-04-25T13:11:08","slug":"alzira-obri-una-nova-zona-recreativa-en-la-casella","status":"publish","type":"post","link":"https:\/\/alzira.es\/es\/alzira-obri-una-nova-zona-recreativa-en-la-casella\/","title":{"rendered":"Alzira abre una nueva zona recreativa en la Casella"},"content":{"rendered":"<p style=\"text-align: justify;\"><strong>Alzira, 25 de abril de 2019. &#8211;<\/strong> El Ayuntamiento de Alzira ha acondicionado una nueva zona recreativa en la Casella. De este modo se pone a disposici\u00f3n de la ciudadan\u00eda para estas vacaciones de pascua una opci\u00f3n adicional para salir al aire libre, justo donde se ubicaba el antiguo Campo de Tiro.<\/p>\n<p style=\"text-align: justify;\">Con la adecuaci\u00f3n de este espacio, dotado de 12 mesas de picnic y que vienen acompa\u00f1adas de un amplio parking bajo dosel arbolado, se diversifican las opciones de disfrutar de la naturaleza y evitar un posible exceso de visitas en La Murta. Otros puntos de estancia donde pasar las fiestas pueden ser el Parque de los Fueros, junto al R\u00edo J\u00facar, o bien la Muntanyeta.<\/p>\n<p style=\"text-align: justify;\">La semana pasada se abri\u00f3 esta nueva zona con la intenci\u00f3n de que la ciudadan\u00eda hiciera uso de ella ya en la Semana Santa, pero debido a la situaci\u00f3n de emergencia los alzire\u00f1os y alzire\u00f1as no pudieron disfrutarla. Este pr\u00f3ximo fin de semana se espera que la climatolog\u00eda sea m\u00e1s favorable.<\/p>\n<p style=\"text-align: center;\"><a class=\"jcepopup\" href=\"https:\/\/alzira.es\/wp-content\/uploads\/2019\/04\/20190411_125919.jpg\" target=\"_blank\" rel=\"noopener\"><img fetchpriority=\"high\" decoding=\"async\" class=\" size-full wp-image-41202\" src=\"https:\/\/alzira.es\/wp-content\/uploads\/2019\/04\/20190411_125919.jpg\" alt=\"20190411 125919\" width=\"400\" height=\"240\" srcset=\"https:\/\/alzira.es\/wp-content\/uploads\/2019\/04\/20190411_125919.jpg 1900w, https:\/\/alzira.es\/wp-content\/uploads\/2019\/04\/20190411_125919-680x408.jpg 680w, https:\/\/alzira.es\/wp-content\/uploads\/2019\/04\/20190411_125919-1430x858.jpg 1430w, https:\/\/alzira.es\/wp-content\/uploads\/2019\/04\/20190411_125919-768x461.jpg 768w, https:\/\/alzira.es\/wp-content\/uploads\/2019\/04\/20190411_125919-1536x922.jpg 1536w\" sizes=\"(max-width: 400px) 100vw, 400px\" \/><\/a>&nbsp;<a href=\"https:\/\/alzira.es\/wp-content\/uploads\/2019\/04\/20190416_104614.jpg\"><span style=\"font-size: 14.4px;\"><img decoding=\"async\" class=\"size-full wp-image-41204 lazyload\" data-src=\"https:\/\/alzira.es\/wp-content\/uploads\/2019\/04\/20190416_104614.jpg\" alt=\"20190416 104614\" width=\"400\" height=\"240\" data-srcset=\"https:\/\/alzira.es\/wp-content\/uploads\/2019\/04\/20190416_104614.jpg 1900w, https:\/\/alzira.es\/wp-content\/uploads\/2019\/04\/20190416_104614-680x408.jpg 680w, https:\/\/alzira.es\/wp-content\/uploads\/2019\/04\/20190416_104614-1430x858.jpg 1430w, https:\/\/alzira.es\/wp-content\/uploads\/2019\/04\/20190416_104614-768x461.jpg 768w, https:\/\/alzira.es\/wp-content\/uploads\/2019\/04\/20190416_104614-1536x922.jpg 1536w\" data-sizes=\"(max-width: 400px) 100vw, 400px\" src=\"data:image\/svg+xml;base64,PHN2ZyB3aWR0aD0iMSIgaGVpZ2h0PSIxIiB4bWxucz0iaHR0cDovL3d3dy53My5vcmcvMjAwMC9zdmciPjwvc3ZnPg==\" style=\"--smush-placeholder-width: 400px; --smush-placeholder-aspect-ratio: 400\/240;\" \/><\/span><\/a><\/p>\n<p style=\"text-align: center;\"><a class=\"jcepopup\" style=\"font-size: 14.4px; text-align: center;\" type=\"image\" href=\"https:\/\/alzira.es\/wp-content\/uploads\/2019\/04\/20190416_130842.jpg\" target=\"_blank\" rel=\"noopener\"><img decoding=\"async\" class=\"size-full wp-image-41206 lazyload\" data-src=\"https:\/\/alzira.es\/wp-content\/uploads\/2019\/04\/20190416_130842.jpg\" alt=\"20190416 130842\" width=\"400\" height=\"240\" data-srcset=\"https:\/\/alzira.es\/wp-content\/uploads\/2019\/04\/20190416_130842.jpg 1900w, https:\/\/alzira.es\/wp-content\/uploads\/2019\/04\/20190416_130842-680x408.jpg 680w, https:\/\/alzira.es\/wp-content\/uploads\/2019\/04\/20190416_130842-1430x858.jpg 1430w, https:\/\/alzira.es\/wp-content\/uploads\/2019\/04\/20190416_130842-768x461.jpg 768w, https:\/\/alzira.es\/wp-content\/uploads\/2019\/04\/20190416_130842-1536x922.jpg 1536w\" data-sizes=\"(max-width: 400px) 100vw, 400px\" src=\"data:image\/svg+xml;base64,PHN2ZyB3aWR0aD0iMSIgaGVpZ2h0PSIxIiB4bWxucz0iaHR0cDovL3d3dy53My5vcmcvMjAwMC9zdmciPjwvc3ZnPg==\" style=\"--smush-placeholder-width: 400px; --smush-placeholder-aspect-ratio: 400\/240;\" \/><\/a>&nbsp;<a class=\"jcepopup\" style=\"font-size: 14.4px; text-align: center;\" type=\"image\" href=\"https:\/\/alzira.es\/wp-content\/uploads\/2019\/04\/IMG-20190415-WA0014.jpg\" target=\"_blank\" rel=\"noopener\"><img decoding=\"async\" class=\"size-full wp-image-41208 lazyload\" data-src=\"https:\/\/alzira.es\/wp-content\/uploads\/2019\/04\/IMG-20190415-WA0014.jpg\" alt=\"IMG-20190415-WA0014\" width=\"320\" height=\"240\" data-srcset=\"https:\/\/alzira.es\/wp-content\/uploads\/2019\/04\/IMG-20190415-WA0014.jpg 1600w, https:\/\/alzira.es\/wp-content\/uploads\/2019\/04\/IMG-20190415-WA0014-680x510.jpg 680w, https:\/\/alzira.es\/wp-content\/uploads\/2019\/04\/IMG-20190415-WA0014-1430x1072.jpg 1430w, https:\/\/alzira.es\/wp-content\/uploads\/2019\/04\/IMG-20190415-WA0014-768x576.jpg 768w, https:\/\/alzira.es\/wp-content\/uploads\/2019\/04\/IMG-20190415-WA0014-1536x1152.jpg 1536w\" data-sizes=\"(max-width: 320px) 100vw, 320px\" src=\"data:image\/svg+xml;base64,PHN2ZyB3aWR0aD0iMSIgaGVpZ2h0PSIxIiB4bWxucz0iaHR0cDovL3d3dy53My5vcmcvMjAwMC9zdmciPjwvc3ZnPg==\" style=\"--smush-placeholder-width: 320px; --smush-placeholder-aspect-ratio: 320\/240;\" \/><\/a><\/p>\n","protected":false},"excerpt":{"rendered":"<p>Alzira, 25 de abril de 2019. &#8211; El Ayuntamiento de Alzira ha acondicionado una nueva zona recreativa en la Casella. De este modo se pone a disposici\u00f3n de la ciudadan\u00eda para estas vacaciones de pascua una opci\u00f3n adicional para salir al aire libre, justo donde se ubicaba el antiguo Campo de Tiro. Con la adecuaci\u00f3n &hellip; <\/p>\n<p class=\"link-more\"><a href=\"https:\/\/alzira.es\/es\/alzira-obri-una-nova-zona-recreativa-en-la-casella\/\" class=\"more-link\">Continuar leyendo<span class=\"screen-reader-text\"> \u00abAlzira abre una nueva zona recreativa en la Casella\u00bb<\/span><\/a><\/p>\n","protected":false},"author":29,"featured_media":41202,"comment_status":"","ping_status":"","sticky":false,"template":"","format":"standard","meta":{"_acf_changed":false,"footnotes":""},"categories":[4936],"tags":[],"class_list":["post-41210","post","type-post","status-publish","format-standard","has-post-thumbnail","hentry","category-hemeroteca-es"],"acf":[],"_links":{"self":[{"href":"https:\/\/alzira.es\/es\/wp-json\/wp\/v2\/posts\/41210","targetHints":{"allow":["GET"]}}],"collection":[{"href":"https:\/\/alzira.es\/es\/wp-json\/wp\/v2\/posts"}],"about":[{"href":"https:\/\/alzira.es\/es\/wp-json\/wp\/v2\/types\/post"}],"author":[{"embeddable":true,"href":"https:\/\/alzira.es\/es\/wp-json\/wp\/v2\/users\/29"}],"replies":[{"embeddable":true,"href":"https:\/\/alzira.es\/es\/wp-json\/wp\/v2\/comments?post=41210"}],"version-history":[{"count":0,"href":"https:\/\/alzira.es\/es\/wp-json\/wp\/v2\/posts\/41210\/revisions"}],"wp:featuredmedia":[{"embeddable":true,"href":"https:\/\/alzira.es\/es\/wp-json\/wp\/v2\/media\/41202"}],"wp:attachment":[{"href":"https:\/\/alzira.es\/es\/wp-json\/wp\/v2\/media?parent=41210"}],"wp:term":[{"taxonomy":"category","embeddable":true,"href":"https:\/\/alzira.es\/es\/wp-json\/wp\/v2\/categories?post=41210"},{"taxonomy":"post_tag","embeddable":true,"href":"https:\/\/alzira.es\/es\/wp-json\/wp\/v2\/tags?post=41210"}],"curies":[{"name":"wp","href":"https:\/\/api.w.org\/{rel}","templated":true}]}}