{"id":41181,"date":"2019-04-23T12:57:09","date_gmt":"2019-04-23T10:57:09","guid":{"rendered":"https:\/\/alzira.es\/l-alcalde-d-alzira-assegura-que-el-canal-de-les-basses-ha-impedit-la-inundacio-dels-barris-mes-baixos-3\/"},"modified":"2019-04-23T12:57:09","modified_gmt":"2019-04-23T10:57:09","slug":"l-alcalde-d-alzira-assegura-que-el-canal-de-les-basses-ha-impedit-la-inundacio-dels-barris-mes-baixos-3","status":"publish","type":"post","link":"https:\/\/alzira.es\/es\/l-alcalde-d-alzira-assegura-que-el-canal-de-les-basses-ha-impedit-la-inundacio-dels-barris-mes-baixos-3\/","title":{"rendered":"L\u2019alcalde d\u2019Alzira assegura que el canal de les Basses ha impedit la inundaci\u00f3 dels barris m\u00e9s baixos"},"content":{"rendered":"<p style=\"text-align: center;\"><em>Diego G\u00f3mez: \u00abDemanen inversions immediates en la millora de barrancs i la segona fase del canal\u00bb<\/em><\/p>\n<p style=\"text-align: justify;\"><strong>Alzira, 23 d&#8217;abril de 2019.-<\/strong> Despr\u00e9s de l&#8217;episodi d&#8217;intenses pulges caigudes a Azira i que en quatre dies han deixat prop de 350 l\/m2, l&#8217;alcalde d&#8217;Alzira, Diego G\u00f3mez, ha fet balan\u00e7 sobre esta situaci\u00f3 que ha tornat a sacsejar els ve\u00efns per la por que l&#8217;aigua dels barrancs tornara a entrar a les seues cases.<\/p>\n<p style=\"text-align: justify;\">En esta ocasi\u00f3, \u00abel bon comportament del canal de les Basses i l&#8217;extraordin\u00e0ria coordinaci\u00f3 de l&#8217;equip municipal d&#8217;emerg\u00e8ncies, encap\u00e7alat per la regidora de Seguretat, Sara Gar\u00e9s, ha redu\u00eft els possibles danys per a persones, cases, vehicles i efectes dom\u00e8stics\u00bb.<\/p>\n<p style=\"text-align: justify;\">\u00abSi no s&#8217;haguera constru\u00eft el canal, l&#8217;aigua hauria entrat a les zones baixes d&#8217;Alzira, aix\u00f2 \u00e9s una realitat\u00bb, ha dit l&#8217;acalde.<\/p>\n<p style=\"text-align: justify;\">Cal recordar que diumenge a la nit la Policia Local avis\u00e0, mitjan\u00e7ant megafonia, les persones que viuen als barris m\u00e9s baixos de la ciutat perqu\u00e8 pujaren els cotxes a les zones altes de la ciutat i col\u00b7locaren els seus efectes personals en llocs m\u00e9s alts. Tamb\u00e9 s&#8217;avis\u00e0 a trav\u00e9s de les xarxes socials durant tota la nit i dilluns\u00bb.<\/p>\n<p style=\"text-align: justify;\">\u00abNecessitem m\u00e9s inversions en barrancs i infraestructures\u00bb<\/p>\n<p style=\"text-align: justify;\">Diego G\u00f3mez ha tornat a reclamar m\u00e9s inversions que es tradu\u00efsquen en \u00abinfraestructures del segle XXI que eviten les inundacions\u00bb.<\/p>\n<p style=\"text-align: justify;\">G\u00f3mez ha recordat que en la present legislatura l&#8217;equip municipal \u00abha fet un gran esfor\u00e7\u00bb per a dotar la ciutat d&#8217;una infraestructura com el canal de les Bases.<\/p>\n<p style=\"text-align: justify;\">\u00abEra un projecte b\u00e0sic per\u00f2 que s&#8217;havia quedat oblidat i que ha complit la seua funci\u00f3\u00bb, ha dit. Alhora, ha reconegut que este canal \u00e9s \u00abinsuficient i necessitem que es fa\u00e7a la segona fase, cosa que demanarem a la Generalitat Valenciana\u00bb.<\/p>\n<p style=\"text-align: justify;\">Per\u00f2 sense dubte, el que m\u00e9s preocupa l&#8217;alcalde \u00e9s el mal estat en qu\u00e8 estan els barrancs, una compet\u00e8ncia de la Confederaci\u00f3 Hidrogr\u00e0fica del X\u00faquer. Entre els que estan en pitjors condicions destaquen el barranc Fosc i el barranc de la Casella, encara que en este \u00faltim s&#8217;ha fet una important neteja per\u00f2 \u00abnecessita una millor canalitzaci\u00f3 per a poder evacuar l&#8217;aigua d&#8217;una forma m\u00e9s r\u00e0pida al X\u00faquer\u00bb, ha manifestat l&#8217;alcalde.<\/p>\n<p style=\"text-align: justify;\"><strong>Agra\u00efments<\/strong><\/p>\n<p style=\"text-align: justify;\">Des de l&#8217;Ajuntament d&#8217;Alzira \u00abvolem donar les gr\u00e0cies\u00bb a la Policia Local, Protecci\u00f3 Civil, t\u00e8cnics municipals, brigada municipal d&#8217;obres, operaris de FCC, d&#8217;Aguas de Valencia, Alzira R\u00e0dio-Emissora Municipal i altres mitjans de comunicaci\u00f3 per la gran labor realitzada durant les \u00faltimes hores. I com no, lloar el comportament dels ciutadans davant este episodi de pluges.<\/p>\n<p style=\"text-align: center;\"><a class=\"jcepopup\" type=\"image\" href=\"https:\/\/alzira.es\/wp-content\/uploads\/2019\/04\/IMG-20190422-WA0060.jpg\" target=\"_blank\" rel=\"noopener\"><img fetchpriority=\"high\" decoding=\"async\" class=\" size-full wp-image-41176\" src=\"https:\/\/alzira.es\/wp-content\/uploads\/2019\/04\/IMG-20190422-WA0060.jpg\" alt=\"IMG-20190422-WA0060\" width=\"600\" height=\"337\" srcset=\"https:\/\/alzira.es\/wp-content\/uploads\/2019\/04\/IMG-20190422-WA0060.jpg 1600w, https:\/\/alzira.es\/wp-content\/uploads\/2019\/04\/IMG-20190422-WA0060-680x382.jpg 680w, https:\/\/alzira.es\/wp-content\/uploads\/2019\/04\/IMG-20190422-WA0060-1430x803.jpg 1430w, https:\/\/alzira.es\/wp-content\/uploads\/2019\/04\/IMG-20190422-WA0060-768x432.jpg 768w, https:\/\/alzira.es\/wp-content\/uploads\/2019\/04\/IMG-20190422-WA0060-1536x863.jpg 1536w\" sizes=\"(max-width: 600px) 100vw, 600px\" \/><\/a><\/p>\n","protected":false},"excerpt":{"rendered":"<p>Diego G\u00f3mez: \u00abDemanen inversions immediates en la millora de barrancs i la segona fase del canal\u00bb Alzira, 23 d&#8217;abril de 2019.- Despr\u00e9s de l&#8217;episodi d&#8217;intenses pulges caigudes a Azira i que en quatre dies han deixat prop de 350 l\/m2, l&#8217;alcalde d&#8217;Alzira, Diego G\u00f3mez, ha fet balan\u00e7 sobre esta situaci\u00f3 que ha tornat a sacsejar &hellip; <\/p>\n<p class=\"link-more\"><a href=\"https:\/\/alzira.es\/es\/l-alcalde-d-alzira-assegura-que-el-canal-de-les-basses-ha-impedit-la-inundacio-dels-barris-mes-baixos-3\/\" class=\"more-link\">Continuar leyendo<span class=\"screen-reader-text\"> \u00abL\u2019alcalde d\u2019Alzira assegura que el canal de les Basses ha impedit la inundaci\u00f3 dels barris m\u00e9s baixos\u00bb<\/span><\/a><\/p>\n","protected":false},"author":29,"featured_media":41176,"comment_status":"","ping_status":"","sticky":false,"template":"","format":"standard","meta":{"_acf_changed":false,"footnotes":""},"categories":[],"tags":[],"class_list":["post-41181","post","type-post","status-publish","format-standard","has-post-thumbnail","hentry"],"acf":[],"_links":{"self":[{"href":"https:\/\/alzira.es\/es\/wp-json\/wp\/v2\/posts\/41181","targetHints":{"allow":["GET"]}}],"collection":[{"href":"https:\/\/alzira.es\/es\/wp-json\/wp\/v2\/posts"}],"about":[{"href":"https:\/\/alzira.es\/es\/wp-json\/wp\/v2\/types\/post"}],"author":[{"embeddable":true,"href":"https:\/\/alzira.es\/es\/wp-json\/wp\/v2\/users\/29"}],"replies":[{"embeddable":true,"href":"https:\/\/alzira.es\/es\/wp-json\/wp\/v2\/comments?post=41181"}],"version-history":[{"count":0,"href":"https:\/\/alzira.es\/es\/wp-json\/wp\/v2\/posts\/41181\/revisions"}],"wp:featuredmedia":[{"embeddable":true,"href":"https:\/\/alzira.es\/es\/wp-json\/wp\/v2\/media\/41176"}],"wp:attachment":[{"href":"https:\/\/alzira.es\/es\/wp-json\/wp\/v2\/media?parent=41181"}],"wp:term":[{"taxonomy":"category","embeddable":true,"href":"https:\/\/alzira.es\/es\/wp-json\/wp\/v2\/categories?post=41181"},{"taxonomy":"post_tag","embeddable":true,"href":"https:\/\/alzira.es\/es\/wp-json\/wp\/v2\/tags?post=41181"}],"curies":[{"name":"wp","href":"https:\/\/api.w.org\/{rel}","templated":true}]}}