{"id":41179,"date":"2019-04-23T12:57:09","date_gmt":"2019-04-23T10:57:09","guid":{"rendered":"https:\/\/alzira.es\/l-alcalde-d-alzira-assegura-que-el-canal-de-les-basses-ha-impedit-la-inundacio-dels-barris-mes-baixos\/"},"modified":"2019-04-23T12:57:09","modified_gmt":"2019-04-23T10:57:09","slug":"l-alcalde-d-alzira-assegura-que-el-canal-de-les-basses-ha-impedit-la-inundacio-dels-barris-mes-baixos","status":"publish","type":"post","link":"https:\/\/alzira.es\/es\/l-alcalde-d-alzira-assegura-que-el-canal-de-les-basses-ha-impedit-la-inundacio-dels-barris-mes-baixos\/","title":{"rendered":"El alcalde de Alzira asegura que el canal de les Basses ha impedido la inundaci\u00f3n de los barrios m\u00e1s bajos"},"content":{"rendered":"<p style=\"text-align: center;\"><em>Diego G\u00f3mez: \u00abPedimos inversiones inmediatas en la mejora de barrancos y la segunda fase del canal\u00bb<\/em><\/p>\n<p style=\"text-align: justify;\"><strong>Alzira, 23 de abril de 2019.-<\/strong> Tras el episodio de intensas lluvias ca\u00eddas en Alzira y que en cuatro d\u00edas han dejado cerca de 350 l\/m2, el alcalde de Alzira, Diego G\u00f3mez; ha hecho balance sobre esta situaci\u00f3n que ha vuelto a sacudir a los vecinos por el miedo de que el agua de los barrancos volviera a entrar a sus casas.<\/p>\n<p style=\"text-align: justify;\">En esta ocasi\u00f3n, \u00abel buen comportamiento del canal de les Basses y la extraordinaria coordinaci\u00f3n del equipo municipal de emergencias, encabezado por la concejala de Seguridad, Sara Gar\u00e9s; ha reducido los posibles da\u00f1os para personas, casas, veh\u00edculos y enseres dom\u00e9sticos\u00bb.<\/p>\n<p style=\"text-align: justify;\">\u00abSi no se hubiera construido el canal, el agua habr\u00eda entrado en las zonas bajas de Alzira, esto es una realidad\u00bb, dijo el acalde.<\/p>\n<p style=\"text-align: justify;\">Hay que recordar que el domingo por la noche la Polic\u00eda Local avis\u00f3, mediante megafon\u00eda, a las personas que viven en los barrios m\u00e1s bajos de la ciudad para que subieran los coches a las zonas altas de la ciudad y colocaran sus efectos personales en lugares m\u00e1s altos. Tambi\u00e9n se avis\u00f3 a trav\u00e9s de las redes sociales durante toda la noche y el lunes\u00bb.<\/p>\n<p style=\"text-align: justify;\">\u00abNecesitamos m\u00e1s inversiones en barrancos e infraestructuras\u00bb<\/p>\n<p style=\"text-align: justify;\">Diego G\u00f3mez ha vuelto a reclamar m\u00e1s inversiones que se traduzcan en \u00abinfraestructuras del siglo XXI que eviten las inundaciones\u00bb.<\/p>\n<p style=\"text-align: justify;\">G\u00f3mez record\u00f3 que en la presente legislatura el equipo municipal \u00abha hecho un gran esfuerzo\u00bb para dotar a la ciudad de una infraestructura como el canal de les Basses.<\/p>\n<p style=\"text-align: justify;\">\u00abEra un proyecto b\u00e1sico pero que se hab\u00eda quedado olvidado y que ha cumplido su funci\u00f3n\u00bb, dijo. Asimismo, reconoci\u00f3 que este canal es \u00abinsuficiente y necesitamos que se haga la segunda fase, lo que pediremos a la Generalitat Valenciana\u00bb.<\/p>\n<p style=\"text-align: justify;\">Pero sin duda, lo que m\u00e1s preocupa al alcalde es el mal estado en que est\u00e1n los barrancos, una competencia de la Confederaci\u00f3n Hidrogr\u00e1fica del J\u00facar. Entre los que est\u00e1n en peores condiciones destacan el barranc Fosc y el barranco de la Casella, aunque en este \u00faltimo se ha hecho una importante limpieza pero \u00abnecesita una mejor canalizaci\u00f3n para poder evacuar el agua de una forma m\u00e1s r\u00e1pida al J\u00facar\u00bb, ha manifestado el alcalde.<\/p>\n<p style=\"text-align: justify;\"><strong>Agradecimientos<\/strong><\/p>\n<p style=\"text-align: justify;\">Desde el Ayuntamiento de Alzira \u00abqueremos dar las gracias\u00bb a la Polic\u00eda Local, Protecci\u00f3n Civil, t\u00e9cnicos municipales, brigada municipal de obras, operarios de FCC, de Aguas de Valencia, Alzira Radio-Emisora \u200b\u200bMunicipal y otros medios de comunicaci\u00f3n por la gran labor realizada durante las \u00faltimas horas. Y como no, alabar el comportamiento de los ciudadanos ante este episodio de lluvias.<\/p>\n<p style=\"text-align: center;\"><a class=\"jcepopup\" type=\"image\" href=\"https:\/\/alzira.es\/wp-content\/uploads\/2019\/04\/IMG-20190422-WA0060.jpg\" target=\"_blank\" rel=\"noopener\"><img fetchpriority=\"high\" decoding=\"async\" class=\" size-full wp-image-41176\" src=\"https:\/\/alzira.es\/wp-content\/uploads\/2019\/04\/IMG-20190422-WA0060.jpg\" alt=\"IMG-20190422-WA0060\" width=\"600\" height=\"337\" srcset=\"https:\/\/alzira.es\/wp-content\/uploads\/2019\/04\/IMG-20190422-WA0060.jpg 1600w, https:\/\/alzira.es\/wp-content\/uploads\/2019\/04\/IMG-20190422-WA0060-680x382.jpg 680w, https:\/\/alzira.es\/wp-content\/uploads\/2019\/04\/IMG-20190422-WA0060-1430x803.jpg 1430w, https:\/\/alzira.es\/wp-content\/uploads\/2019\/04\/IMG-20190422-WA0060-768x432.jpg 768w, https:\/\/alzira.es\/wp-content\/uploads\/2019\/04\/IMG-20190422-WA0060-1536x863.jpg 1536w\" sizes=\"(max-width: 600px) 100vw, 600px\" \/><\/a><\/p>\n","protected":false},"excerpt":{"rendered":"<p>Diego G\u00f3mez: \u00abPedimos inversiones inmediatas en la mejora de barrancos y la segunda fase del canal\u00bb Alzira, 23 de abril de 2019.- Tras el episodio de intensas lluvias ca\u00eddas en Alzira y que en cuatro d\u00edas han dejado cerca de 350 l\/m2, el alcalde de Alzira, Diego G\u00f3mez; ha hecho balance sobre esta situaci\u00f3n que &hellip; <\/p>\n<p class=\"link-more\"><a href=\"https:\/\/alzira.es\/es\/l-alcalde-d-alzira-assegura-que-el-canal-de-les-basses-ha-impedit-la-inundacio-dels-barris-mes-baixos\/\" class=\"more-link\">Continuar leyendo<span class=\"screen-reader-text\"> \u00abEl alcalde de Alzira asegura que el canal de les Basses ha impedido la inundaci\u00f3n de los barrios m\u00e1s bajos\u00bb<\/span><\/a><\/p>\n","protected":false},"author":29,"featured_media":41176,"comment_status":"","ping_status":"","sticky":false,"template":"","format":"standard","meta":{"_acf_changed":false,"footnotes":""},"categories":[4936],"tags":[],"class_list":["post-41179","post","type-post","status-publish","format-standard","has-post-thumbnail","hentry","category-hemeroteca-es"],"acf":[],"_links":{"self":[{"href":"https:\/\/alzira.es\/es\/wp-json\/wp\/v2\/posts\/41179","targetHints":{"allow":["GET"]}}],"collection":[{"href":"https:\/\/alzira.es\/es\/wp-json\/wp\/v2\/posts"}],"about":[{"href":"https:\/\/alzira.es\/es\/wp-json\/wp\/v2\/types\/post"}],"author":[{"embeddable":true,"href":"https:\/\/alzira.es\/es\/wp-json\/wp\/v2\/users\/29"}],"replies":[{"embeddable":true,"href":"https:\/\/alzira.es\/es\/wp-json\/wp\/v2\/comments?post=41179"}],"version-history":[{"count":0,"href":"https:\/\/alzira.es\/es\/wp-json\/wp\/v2\/posts\/41179\/revisions"}],"wp:featuredmedia":[{"embeddable":true,"href":"https:\/\/alzira.es\/es\/wp-json\/wp\/v2\/media\/41176"}],"wp:attachment":[{"href":"https:\/\/alzira.es\/es\/wp-json\/wp\/v2\/media?parent=41179"}],"wp:term":[{"taxonomy":"category","embeddable":true,"href":"https:\/\/alzira.es\/es\/wp-json\/wp\/v2\/categories?post=41179"},{"taxonomy":"post_tag","embeddable":true,"href":"https:\/\/alzira.es\/es\/wp-json\/wp\/v2\/tags?post=41179"}],"curies":[{"name":"wp","href":"https:\/\/api.w.org\/{rel}","templated":true}]}}